{"id":632324,"date":"2025-12-31T15:01:13","date_gmt":"2025-12-31T15:01:13","guid":{"rendered":"https:\/\/www.europesays.com\/fr\/632324\/"},"modified":"2025-12-31T15:01:13","modified_gmt":"2025-12-31T15:01:13","slug":"paris-la-chaine-youtube-lofi-girl-va-bientot-ouvrir-son-premier-cafe-a-chatelet","status":"publish","type":"post","link":"https:\/\/www.europesays.com\/fr\/632324\/","title":{"rendered":"Paris\u00a0: la cha\u00eene YouTube Lofi Girl va \u00ab\u00a0bient\u00f4t\u00a0\u00bb ouvrir son premier caf\u00e9 \u00e0 Ch\u00e2telet"},"content":{"rendered":"<p class=\"paragraph text_align_left lp-f-body-02\">Les t\u00e9l\u00e9travailleurs auront bient\u00f4t droit \u00e0 une nouvelle adresse dans la capitale. : un caf\u00e9 \u00e0 l\u2019effigie de la c\u00e9l\u00e8bre cha\u00eene YouTube \u00ab Lofi Girl \u00bb ouvrira \u00ab bient\u00f4t \u00bb au 60, rue de Saint-Denis, non loin de <a href=\"https:\/\/www.leparisien.fr\/paris-75\/paris-1-200-panneaux-photovoltaiques-bientot-installes-sur-la-canopee-des-halles-19-03-2025-SO5XGQDVJVB3HNPSVALJEZVJVI.php\" target=\"_self\" rel=\"noopener\">la Canop\u00e9e des Halles<\/a> (<a href=\"https:\/\/www.leparisien.fr\/paris-75\/paris-75001\/\" target=\"_self\" rel=\"noopener\">Ier arrondissement<\/a> de <a href=\"https:\/\/www.leparisien.fr\/paris-75\/\" target=\"_blank\" rel=\"noreferrer noopener\">Paris<\/a>).<\/p>\n<p class=\"\">Peu de choses filtrent pour l\u2019heure au sujet de ce caf\u00e9. Sur X, le compte officiel de Lofi Girl s\u2019est content\u00e9 de se fendre de deux emojis curieux apr\u00e8s qu\u2019une internaute a post\u00e9 une photo du futur lieu.<\/p>\n<p class=\"\">\u00c0 la place d\u2019un ancien magasin de v\u00eatements, l\u2019univers de Lofi Girl devrait voir le jour. Sur les vitres, on retrouve cette fille, c\u00e9l\u00e8bre \u00e0 travers le monde pour sa queue-de-cheval, son casque blanc sur les oreilles et surtout son chat.<\/p>\n<p class=\"\">Riche de 15 millions d\u2019abonn\u00e9s, la cha\u00eene Lofi Girl diffuse depuis 2017 en quasi-continu la vid\u00e9o <a href=\"https:\/\/www.leparisien.fr\/futurs\/chatgpt-pourquoi-la-tendance-autour-du-studio-ghibli-nest-pas-si-innocente-05-04-2025-QSR4R3MMQBBP3BCY56LE4HOIEQ.php\" target=\"_self\" rel=\"noopener\">\u00e0 l\u2019univers des studios Ghibli<\/a> cette fille, en train de travailler avec une ville, souvent assimil\u00e9e \u00e0 celle de Lyon, en arri\u00e8re-plan. Surtout, une musique relaxante est diffus\u00e9e en fond : du lo-fi (pour \u00ab low fidelity \u00bb), id\u00e9ale comme fond sonore pour travailler.<\/p>\n<p class=\"\">Quand est-ce que le Lofi Caf\u00e9 ouvrira ses portes ? L\u2019information n\u2019a pas encore fuit\u00e9. Les services qui seront propos\u00e9s \u00e0 l\u2019int\u00e9rieur, encore moins. En tout cas, le site officiel du lieu promet \u00ab un lieu cozy en plein c\u0153ur de Paris pour faire une pause, travailler et se d\u00e9tendre \u00bb, \u00e0 l\u2019image de ces caf\u00e9s o\u00f9 l\u2019on peut r\u00e9server des cr\u00e9neaux pour travailler ou r\u00e9viser ses partiels.<\/p>\n","protected":false},"excerpt":{"rendered":"Les t\u00e9l\u00e9travailleurs auront bient\u00f4t droit \u00e0 une nouvelle adresse dans la capitale. : un caf\u00e9 \u00e0 l\u2019effigie de&hellip;\n","protected":false},"author":2,"featured_media":632325,"comment_status":"","ping_status":"","sticky":false,"template":"","format":"standard","meta":{"footnotes":""},"categories":[1888],"tags":[1111,1928,11,1927,1777,674,1011,27,1944,12,1926,626,1925,25],"class_list":{"0":"post-632324","1":"post","2":"type-post","3":"status-publish","4":"format-standard","5":"has-post-thumbnail","7":"category-paris","8":"tag-actu","9":"tag-actu-paris","10":"tag-actualites","11":"tag-actualites-paris","12":"tag-eu","13":"tag-europe","14":"tag-fr","15":"tag-france","16":"tag-ma-ville","17":"tag-news","18":"tag-news-paris","19":"tag-paris","20":"tag-paris-news","21":"tag-republique-francaise"},"share_on_mastodon":{"url":"https:\/\/pubeurope.com\/@fr\/115814785648203659","error":""},"_links":{"self":[{"href":"https:\/\/www.europesays.com\/fr\/wp-json\/wp\/v2\/posts\/632324","targetHints":{"allow":["GET"]}}],"collection":[{"href":"https:\/\/www.europesays.com\/fr\/wp-json\/wp\/v2\/posts"}],"about":[{"href":"https:\/\/www.europesays.com\/fr\/wp-json\/wp\/v2\/types\/post"}],"author":[{"embeddable":true,"href":"https:\/\/www.europesays.com\/fr\/wp-json\/wp\/v2\/users\/2"}],"replies":[{"embeddable":true,"href":"https:\/\/www.europesays.com\/fr\/wp-json\/wp\/v2\/comments?post=632324"}],"version-history":[{"count":0,"href":"https:\/\/www.europesays.com\/fr\/wp-json\/wp\/v2\/posts\/632324\/revisions"}],"wp:featuredmedia":[{"embeddable":true,"href":"https:\/\/www.europesays.com\/fr\/wp-json\/wp\/v2\/media\/632325"}],"wp:attachment":[{"href":"https:\/\/www.europesays.com\/fr\/wp-json\/wp\/v2\/media?parent=632324"}],"wp:term":[{"taxonomy":"category","embeddable":true,"href":"https:\/\/www.europesays.com\/fr\/wp-json\/wp\/v2\/categories?post=632324"},{"taxonomy":"post_tag","embeddable":true,"href":"https:\/\/www.europesays.com\/fr\/wp-json\/wp\/v2\/tags?post=632324"}],"curies":[{"name":"wp","href":"https:\/\/api.w.org\/{rel}","templated":true}]}}