{"id":632330,"date":"2025-12-31T15:04:14","date_gmt":"2025-12-31T15:04:14","guid":{"rendered":"https:\/\/www.europesays.com\/fr\/632330\/"},"modified":"2025-12-31T15:04:14","modified_gmt":"2025-12-31T15:04:14","slug":"paris-malvoyant-un-homme-tombe-du-quai-du-metro-et-meurt-apres-avoir-ete-percute-par-la-rame","status":"publish","type":"post","link":"https:\/\/www.europesays.com\/fr\/632330\/","title":{"rendered":"Paris : malvoyant, un homme tombe du quai du m\u00e9tro et meurt apr\u00e8s avoir \u00e9t\u00e9 percut\u00e9 par la rame"},"content":{"rendered":"<ul class=\"jsx-862013697 ArticleChapo__List\">\n<li class=\"jsx-862013697 ArticleChapo__List_Item flex\">Un homme est d\u00e9c\u00e9d\u00e9 ce mercredi sur la ligne 6 du m\u00e9tro, station Denfert-Rochereau.<\/li>\n<li class=\"jsx-862013697 ArticleChapo__List_Item flex\">Malvoyant, il est tomb\u00e9 du quai en pensant que la rame \u00e9tait \u00e0 quai et en souhaitant monter \u00e0 l&rsquo;int\u00e9rieur.<\/li>\n<\/ul>\n<p data-module=\"article-paragraph\" class=\"jsx-157965717 Paragraph Paragraph__End\">Un nouveau drame est survenu dans le m\u00e9tro parisien dans la nuit de mardi \u00e0 mercredi. Aux alentours de minuit ce mercredi 31 d\u00e9cembre, un homme est tomb\u00e9 sur le quai du m\u00e9tro, a \u00e9t\u00e9 percut\u00e9 par la rame qui arrivait en station, et est d\u00e9c\u00e9d\u00e9, a appris TF1-LCI d&rsquo;une source polici\u00e8re, confirmant une<a href=\"https:\/\/www.leparisien.fr\/\" target=\"_blank\" rel=\"nofollow noopener\"> information du Parisien (nouvelle fen\u00eatre)<\/a>. Les faits se sont d\u00e9roul\u00e9s sur la ligne 6, \u00e0 la station Denfert-Rochereau en direction de Charles-de-Gaulle-\u00c9toile.<\/p>\n<p><a href=\"https:\/\/www.tf1info.fr\/justice-faits-divers\/femmes-attaquees-au-couteau-dans-le-metro-parisien-le-suspect-avait-obtenu-la-nationalite-francaise-2415465.html\" rel=\"noopener\" class=\"jsx-3308031228 Link flex\" target=\"_blank\"><img decoding=\"async\" src=\"https:\/\/www.europesays.com\/fr\/wp-content\/uploads\/2025\/12\/metro-2352-a5e556-0@1x.jpeg\" alt=\"Le m\u00e9tro parisien fait face \u00e0 de nombreuses difficult\u00e9s.\" loading=\"lazy\" importance=\"low\" fetchpriority=\"low\" class=\"\" aria-hidden=\"true\"\/><\/p>\n<p class=\"jsx-3657663356 ReadMoreArticle__Title\">Lire aussi<\/p>\n<p class=\"jsx-3657663356\">Femmes attaqu\u00e9es au couteau dans le m\u00e9tro parisien : le suspect avait obtenu la nationalit\u00e9 fran\u00e7aise<\/p>\n<p><\/a><\/p>\n<p data-module=\"article-paragraph\" class=\"jsx-157965717 Paragraph Paragraph__End\">Les images issues des cam\u00e9ras de surveillance ont permis de d\u00e9terminer que l\u2019individu se d\u00e9pla\u00e7ait \u00e0 l\u2019aide d\u2019une canne blanche. Pensant que la rame se trouvait en station, la victime s&rsquo;est approch\u00e9e du bord de quai et a engag\u00e9 une marche en avant, chutant accidentellement devant le m\u00e9tro arrivant en station. Les policiers de la brigade des r\u00e9seaux franciliens sont intervenus suite \u00e0 la chute de la victime, extraite des voies par les sapeurs-pompiers. Il a \u00e9t\u00e9 d\u00e9clar\u00e9 d\u00e9c\u00e9d\u00e9 suite \u00e0 sa chute accidentelle.<\/p>\n<p>J.F. avec le service police-justice de TF1-LCI<\/p>\n","protected":false},"excerpt":{"rendered":"Un homme est d\u00e9c\u00e9d\u00e9 ce mercredi sur la ligne 6 du m\u00e9tro, station Denfert-Rochereau. Malvoyant, il est tomb\u00e9&hellip;\n","protected":false},"author":2,"featured_media":632331,"comment_status":"","ping_status":"","sticky":false,"template":"","format":"standard","meta":{"footnotes":""},"categories":[1888],"tags":[3085,1111,11,1921,1777,674,1011,27,1922,2954,12,626,25,133,2953],"class_list":{"0":"post-632330","1":"post","2":"type-post","3":"status-publish","4":"format-standard","5":"has-post-thumbnail","7":"category-paris","8":"tag-accidents","9":"tag-actu","10":"tag-actualites","11":"tag-article-video","12":"tag-eu","13":"tag-europe","14":"tag-fr","15":"tag-france","16":"tag-info","17":"tag-justice-et-faits-divers","18":"tag-news","19":"tag-paris","20":"tag-republique-francaise","21":"tag-video","22":"tag-video-police"},"share_on_mastodon":{"url":"https:\/\/pubeurope.com\/@fr\/115814797493097871","error":""},"_links":{"self":[{"href":"https:\/\/www.europesays.com\/fr\/wp-json\/wp\/v2\/posts\/632330","targetHints":{"allow":["GET"]}}],"collection":[{"href":"https:\/\/www.europesays.com\/fr\/wp-json\/wp\/v2\/posts"}],"about":[{"href":"https:\/\/www.europesays.com\/fr\/wp-json\/wp\/v2\/types\/post"}],"author":[{"embeddable":true,"href":"https:\/\/www.europesays.com\/fr\/wp-json\/wp\/v2\/users\/2"}],"replies":[{"embeddable":true,"href":"https:\/\/www.europesays.com\/fr\/wp-json\/wp\/v2\/comments?post=632330"}],"version-history":[{"count":0,"href":"https:\/\/www.europesays.com\/fr\/wp-json\/wp\/v2\/posts\/632330\/revisions"}],"wp:featuredmedia":[{"embeddable":true,"href":"https:\/\/www.europesays.com\/fr\/wp-json\/wp\/v2\/media\/632331"}],"wp:attachment":[{"href":"https:\/\/www.europesays.com\/fr\/wp-json\/wp\/v2\/media?parent=632330"}],"wp:term":[{"taxonomy":"category","embeddable":true,"href":"https:\/\/www.europesays.com\/fr\/wp-json\/wp\/v2\/categories?post=632330"},{"taxonomy":"post_tag","embeddable":true,"href":"https:\/\/www.europesays.com\/fr\/wp-json\/wp\/v2\/tags?post=632330"}],"curies":[{"name":"wp","href":"https:\/\/api.w.org\/{rel}","templated":true}]}}