{"id":632332,"date":"2025-12-31T15:05:13","date_gmt":"2025-12-31T15:05:13","guid":{"rendered":"https:\/\/www.europesays.com\/fr\/632332\/"},"modified":"2025-12-31T15:05:13","modified_gmt":"2025-12-31T15:05:13","slug":"poutine-dit-que-la-russie-croit-en-sa-victoire-apres-4-ans-de-conflit","status":"publish","type":"post","link":"https:\/\/www.europesays.com\/fr\/632332\/","title":{"rendered":"Poutine dit que la Russie croit en sa \u00ab\u00a0victoire\u00a0\u00bb apr\u00e8s 4 ans de conflit"},"content":{"rendered":"<p class=\"article-p mdl\">Nouvelle d\u00e9claration de Vladimir Poutine, \u00e0 l&rsquo;occasion de ses voeux du nouvel an. Ce 31 d\u00e9cembre, le pr\u00e9sident russe a affirm\u00e9 que son pays croyait en sa \u00ab\u00a0victoire\u00a0\u00bb en Ukraine, pr\u00e8s de quatre ans apr\u00e8s le d\u00e9but de son offensive.<\/p>\n<p class=\"article-p mdl\">\u00ab\u00a0Je f\u00e9licite tous nos combattants et nos commandants \u00e0 l&rsquo;approche du nouvel an. <strong>Nous croyons en vous et en notre victoire<\/strong>\u00ab\u00a0, a-t-il d\u00e9clar\u00e9 dans une br\u00e8ve allocution diffus\u00e9e \u00e0 la t\u00e9l\u00e9vision quelques minutes avant que la p\u00e9ninsule orientale russe du Kamtchatka n&rsquo;entre en 2026. \u00ab\u00a0Des millions de personnes \u00e0 travers toute la\u00a0<a class=\"link\" href=\"https:\/\/www.rtl.fr\/sujet\/russie\" target=\"_blank\" rel=\"noopener\">Russie<\/a>, croyez-moi, pensent \u00e0 vous\u00a0\u00bb, a rappel\u00e9 le pr\u00e9sident, incitant ses concitoyens \u00e0 soutenir les \u00ab\u00a0h\u00e9ros\u00a0\u00bb qui se battent sur le front.<\/p>\n<p class=\"article-p mdl\"><a class=\"link\" href=\"https:\/\/www.rtl.fr\/sujet\/guerre-en-ukraine\" target=\"_blank\" rel=\"noopener\">Le conflit en Ukraine<\/a>, d\u00e9clench\u00e9 par Moscou en f\u00e9vrier 2022, est <strong>le plus meurtrier<\/strong> en Europe depuis la Deuxi\u00e8me Guerre mondiale, avec des dizaines voire des centaines de milliers de morts.<\/p>\n<p>            Le 26e anniversaire de l&rsquo;arriv\u00e9e au pouvoir de Poutine<\/p>\n<p class=\"article-p mdl\">Ce 31 d\u00e9cembre repr\u00e9sente, pour le pr\u00e9sident russe, le <strong>26e anniversaire de son arriv\u00e9e au pouvoir<\/strong>, apr\u00e8s la d\u00e9mission de Boris Elstine le 31 d\u00e9cembre 1999.\u00a0<\/p>\n<p class=\"article-p mdl\">Les voeux du nouvel an sont une tradition lanc\u00e9e par le dirigeant sovi\u00e9tique\u00a0<a class=\"link\" href=\"https:\/\/www.rtl.fr\/actu\/international\/printemps-de-prague-quand-le-monde-a-detourne-le-regard-de-l-europe-de-l-est-7900153852\" target=\"_blank\" rel=\"noopener\">Leonid Brejnev<\/a>. Ils sont diffus\u00e9s \u00e0 la t\u00e9l\u00e9vision publique avant minuit dans chacun des onze fuseaux horaires du pays et regard\u00e9s par des millions de personnes.<\/p>\n<p>    La r\u00e9daction vous recommande<\/p>\n<p class=\"s-newsletter__title\">\n                L\u2019actualit\u00e9 par la r\u00e9daction de RTL dans votre bo\u00eete mail.\n            <\/p>\n<p class=\"s-newsletter__subtitle\">\n                Gr\u00e2ce \u00e0 votre compte RTL abonnez-vous \u00e0 la newsletter RTL info pour suivre toute l&rsquo;actualit\u00e9 au quotidien\n            <\/p>\n<p>\n                                    Lire la suite\n                                <\/p>\n","protected":false},"excerpt":{"rendered":"Nouvelle d\u00e9claration de Vladimir Poutine, \u00e0 l&rsquo;occasion de ses voeux du nouvel an. Ce 31 d\u00e9cembre, le pr\u00e9sident&hellip;\n","protected":false},"author":2,"featured_media":632333,"comment_status":"","ping_status":"","sticky":false,"template":"","format":"standard","meta":{"footnotes":""},"categories":[1591],"tags":[11,1887,107,131,12,1885,1886,132,135,134],"class_list":{"0":"post-632332","1":"post","2":"type-post","3":"status-publish","4":"format-standard","5":"has-post-thumbnail","7":"category-russie","8":"tag-actualites","9":"tag-federation-de-russie","10":"tag-fil-info","11":"tag-guerre-en-ukraine","12":"tag-news","13":"tag-russia","14":"tag-russian-federation","15":"tag-russie","16":"tag-vladimir-poutine","17":"tag-volodymyr-zelensky"},"share_on_mastodon":{"url":"https:\/\/pubeurope.com\/@fr\/115814801340419237","error":""},"_links":{"self":[{"href":"https:\/\/www.europesays.com\/fr\/wp-json\/wp\/v2\/posts\/632332","targetHints":{"allow":["GET"]}}],"collection":[{"href":"https:\/\/www.europesays.com\/fr\/wp-json\/wp\/v2\/posts"}],"about":[{"href":"https:\/\/www.europesays.com\/fr\/wp-json\/wp\/v2\/types\/post"}],"author":[{"embeddable":true,"href":"https:\/\/www.europesays.com\/fr\/wp-json\/wp\/v2\/users\/2"}],"replies":[{"embeddable":true,"href":"https:\/\/www.europesays.com\/fr\/wp-json\/wp\/v2\/comments?post=632332"}],"version-history":[{"count":0,"href":"https:\/\/www.europesays.com\/fr\/wp-json\/wp\/v2\/posts\/632332\/revisions"}],"wp:featuredmedia":[{"embeddable":true,"href":"https:\/\/www.europesays.com\/fr\/wp-json\/wp\/v2\/media\/632333"}],"wp:attachment":[{"href":"https:\/\/www.europesays.com\/fr\/wp-json\/wp\/v2\/media?parent=632332"}],"wp:term":[{"taxonomy":"category","embeddable":true,"href":"https:\/\/www.europesays.com\/fr\/wp-json\/wp\/v2\/categories?post=632332"},{"taxonomy":"post_tag","embeddable":true,"href":"https:\/\/www.europesays.com\/fr\/wp-json\/wp\/v2\/tags?post=632332"}],"curies":[{"name":"wp","href":"https:\/\/api.w.org\/{rel}","templated":true}]}}