{"id":632334,"date":"2025-12-31T15:06:22","date_gmt":"2025-12-31T15:06:22","guid":{"rendered":"https:\/\/www.europesays.com\/fr\/632334\/"},"modified":"2025-12-31T15:06:22","modified_gmt":"2025-12-31T15:06:22","slug":"guerre-en-ukraine-nous-croyons-en-notre-victoire-ce-qua-dit-vladimir-poutine-dans-ses-voeux-a-la-nation-russe","status":"publish","type":"post","link":"https:\/\/www.europesays.com\/fr\/632334\/","title":{"rendered":"Guerre en Ukraine\u00a0: \u00ab\u00a0Nous croyons en notre victoire\u00a0\u00bb\u2026 ce qu\u2019a dit Vladimir Poutine dans ses v\u0153ux \u00e0 la nation russe"},"content":{"rendered":"<p>\n                                                                Lors de ses v\u0153ux t\u00e9l\u00e9vis\u00e9s pour l\u2019ann\u00e9e 2026, le pr\u00e9sident russe Vladimir Poutine a r\u00e9affirm\u00e9 mercredi sa conviction d\u2019une \u00ab\u00a0victoire\u00a0\u00bb en Ukraine, pr\u00e8s de quatre ans apr\u00e8s le d\u00e9clenchement de l\u2019offensive de Moscou. S\u2019adressant aux militaires sur le front, le chef du Kremlin a appel\u00e9 \u00e0 l\u2019unit\u00e9 nationale pour soutenir les troupes engag\u00e9es.\n                            <\/p>\n<p>Le pr\u00e9sident russe <a href=\"https:\/\/www.midilibre.fr\/2025\/12\/30\/guerre-en-ukraine-a-quoi-ressemble-la-residence-de-vladimir-poutine-visee-par-une-attaque-de-drones-13137371.php\" target=\"_blank\" rel=\"noopener\">Vladimir Poutine<\/a> a affirm\u00e9 mercredi lors de ses v\u0153ux du nouvel an que la Russie croyait en sa \u00ab\u00a0victoire\u00a0\u00bb en Ukraine, pr\u00e8s de quatre ans apr\u00e8s le d\u00e9but de son offensive.<\/p>\n<p>\u00ab\u00a0Je f\u00e9licite <a href=\"https:\/\/www.midilibre.fr\/2025\/12\/31\/guerre-en-ukraine-pres-de-600-000-armes-envoyees-a-kiev-perdues-ou-volees-faut-il-sinquieter-13138372.php\" target=\"_blank\" rel=\"noopener\">tous nos combattants et nos commandants<\/a> \u00e0 l\u2019approche du nouvel an. Nous croyons en vous et en notre victoire\u00a0\u00bb, a-t-il d\u00e9clar\u00e9 dans une br\u00e8ve allocution diffus\u00e9e \u00e0 la t\u00e9l\u00e9vision quelques minutes avant que la p\u00e9ninsule orientale russe du Kamtchatka n\u2019entre en 2026.<\/p>\n<p>Les v\u0153ux du nouvel an sont une tradition lanc\u00e9e par le dirigeant sovi\u00e9tique Leonid Brejnev. Ils sont diffus\u00e9s \u00e0 la t\u00e9l\u00e9vision publique avant minuit dans chacun des onze fuseaux horaires du pays et regard\u00e9s par des millions de personnes.<\/p>\n<p>Poutine appelle \u00e0 soutenir les \u00ab\u00a0h\u00e9ros\u00a0\u00bb de la guerre<\/p>\n<p>\u00ab\u00a0Des millions de personnes \u00e0 travers toute la Russie, croyez-moi, pensent \u00e0 vous\u00a0\u00bb, a d\u00e9clar\u00e9 M. Poutine, appelant ses concitoyens \u00e0 soutenir les \u00ab\u00a0h\u00e9ros\u00a0\u00bb qui se battent sur le front.<\/p>\n<p><a href=\"https:\/\/www.midilibre.fr\/actu\/monde\/ukraine\/\" target=\"_blank\" rel=\"noopener\">Le conflit en Ukraine, d\u00e9clench\u00e9 par Moscou en f\u00e9vrier\u00a02022<\/a>, est le plus meurtrier en Europe depuis la Deuxi\u00e8me Guerre mondiale, avec des dizaines voire des centaines de milliers de morts.<\/p>\n<p>Ce mercredi 31\u00a0d\u00e9cembre 2025 repr\u00e9sente par ailleurs pour le pr\u00e9sident russe le 26e anniversaire de son arriv\u00e9e au pouvoir, apr\u00e8s la d\u00e9mission de Boris Elstine le 31\u00a0d\u00e9cembre 1999.<\/p>\n","protected":false},"excerpt":{"rendered":"Lors de ses v\u0153ux t\u00e9l\u00e9vis\u00e9s pour l\u2019ann\u00e9e 2026, le pr\u00e9sident russe Vladimir Poutine a r\u00e9affirm\u00e9 mercredi sa conviction&hellip;\n","protected":false},"author":2,"featured_media":632335,"comment_status":"","ping_status":"","sticky":false,"template":"","format":"standard","meta":{"footnotes":""},"categories":[1590],"tags":[1111,11,1777,674,131,74,12,220],"class_list":{"0":"post-632334","1":"post","2":"type-post","3":"status-publish","4":"format-standard","5":"has-post-thumbnail","7":"category-ukraine","8":"tag-actu","9":"tag-actualites","10":"tag-eu","11":"tag-europe","12":"tag-guerre-en-ukraine","13":"tag-monde","14":"tag-news","15":"tag-ukraine"},"share_on_mastodon":{"url":"https:\/\/pubeurope.com\/@fr\/115814805296253424","error":""},"_links":{"self":[{"href":"https:\/\/www.europesays.com\/fr\/wp-json\/wp\/v2\/posts\/632334","targetHints":{"allow":["GET"]}}],"collection":[{"href":"https:\/\/www.europesays.com\/fr\/wp-json\/wp\/v2\/posts"}],"about":[{"href":"https:\/\/www.europesays.com\/fr\/wp-json\/wp\/v2\/types\/post"}],"author":[{"embeddable":true,"href":"https:\/\/www.europesays.com\/fr\/wp-json\/wp\/v2\/users\/2"}],"replies":[{"embeddable":true,"href":"https:\/\/www.europesays.com\/fr\/wp-json\/wp\/v2\/comments?post=632334"}],"version-history":[{"count":0,"href":"https:\/\/www.europesays.com\/fr\/wp-json\/wp\/v2\/posts\/632334\/revisions"}],"wp:featuredmedia":[{"embeddable":true,"href":"https:\/\/www.europesays.com\/fr\/wp-json\/wp\/v2\/media\/632335"}],"wp:attachment":[{"href":"https:\/\/www.europesays.com\/fr\/wp-json\/wp\/v2\/media?parent=632334"}],"wp:term":[{"taxonomy":"category","embeddable":true,"href":"https:\/\/www.europesays.com\/fr\/wp-json\/wp\/v2\/categories?post=632334"},{"taxonomy":"post_tag","embeddable":true,"href":"https:\/\/www.europesays.com\/fr\/wp-json\/wp\/v2\/tags?post=632334"}],"curies":[{"name":"wp","href":"https:\/\/api.w.org\/{rel}","templated":true}]}}