{"id":632336,"date":"2025-12-31T15:07:12","date_gmt":"2025-12-31T15:07:12","guid":{"rendered":"https:\/\/www.europesays.com\/fr\/632336\/"},"modified":"2025-12-31T15:07:12","modified_gmt":"2025-12-31T15:07:12","slug":"lamericain-de-montauban-nafi-maafu-invite-du-club-sapiac-pour-ce-31-decembre","status":"publish","type":"post","link":"https:\/\/www.europesays.com\/fr\/632336\/","title":{"rendered":"L&rsquo;Am\u00e9ricain de Montauban, Nafi Ma&rsquo;Afu invit\u00e9 du Club Sapiac pour ce 31 d\u00e9cembre !"},"content":{"rendered":"<p><img decoding=\"async\" class=\"\" style=\"width:100%\" src=\"https:\/\/www.europesays.com\/fr\/wp-content\/uploads\/2025\/12\/Nafi_Ma_Afu__invit__du_Club_Sapiac1767191145276.jpeg\" alt=\"Nafi Ma'Afu, invit\u00e9 du Club Sapiac\"\/><\/p>\n<p>Nafi Ma&rsquo;Afu, invit\u00e9 du Club Sapiac<\/p>\n<p>Cr\u00e9dit : FTB<\/p>\n<p>\u00ab\u00a0Ouais, l\u00e0, c&rsquo;\u00e9tait un r\u00eave de gosse. J&rsquo;\u00e9tais en contact avec USA rugby depuis des ann\u00e9es. Apr\u00e8s \u00e0 Biarritz et m\u00eame \u00e0 Perpignan, j&rsquo;ai souffert de grosses blessures. \u00c0 chaque fois, Team USA m&rsquo;appelait, mais je n&rsquo;\u00e9tais pas capable d&rsquo;aller avec eux. Et donc aller jouer avec USA enfin, apr\u00e8s quelques ann\u00e9es, c&rsquo;\u00e9tait, franchement, en plus d&rsquo;\u00eatre en Top14, d&rsquo;encha\u00eener des matchs, c&rsquo;\u00e9tait un r\u00eave de gosse. Franchement, j&rsquo;\u00e9tais tr\u00e8s content, tr\u00e8s reconnaissant de faire partie de cette \u00e9quipe et de jouer pour mon pays. C\u2019\u00e9tait \u00e9norme.\u00a0\u00bb<\/p>\n<p>Nafi Ma&rsquo;Afu, invit\u00e9 du Club Sapiac ce mercredi 31 d\u00e9cembre, revient notamment sur sa 1\u00e8re s\u00e9lection avec l&rsquo;\u00e9quipe nationale des Etats-Unis d&rsquo;Am\u00e9rique, c&rsquo;\u00e9tait cette automne face \u00e0 la G\u00e9orgie puis la Roumanie.\u00a0<\/p>\n<p>\u00c0 r\u00e9\u00e9couter et \u00e0 d\u00e9couvrir en int\u00e9gralit\u00e9 ici.<\/p>\n<p>\u00a0<\/p><\/p>\n","protected":false},"excerpt":{"rendered":"Nafi Ma&rsquo;Afu, invit\u00e9 du Club Sapiac Cr\u00e9dit : FTB \u00ab\u00a0Ouais, l\u00e0, c&rsquo;\u00e9tait un r\u00eave de gosse. J&rsquo;\u00e9tais en&hellip;\n","protected":false},"author":2,"featured_media":632337,"comment_status":"","ping_status":"","sticky":false,"template":"","format":"standard","meta":{"footnotes":""},"categories":[1589],"tags":[11,2313,2889,73,1866,14,74069,19054,12,2311,1825,479,23074,1864,1865,1863,308,74068],"class_list":{"0":"post-632336","1":"post","2":"type-post","3":"status-publish","4":"format-standard","5":"has-post-thumbnail","7":"category-etats-unis","8":"tag-actualites","9":"tag-clermont","10":"tag-emission","11":"tag-etats-unis","12":"tag-etats-unis-damerique","13":"tag-international","14":"tag-maafu","15":"tag-montauban","16":"tag-news","17":"tag-racing","18":"tag-radio","19":"tag-rugby","20":"tag-top14","21":"tag-united-states","22":"tag-united-states-of-america","23":"tag-us","24":"tag-usa","25":"tag-usm"},"share_on_mastodon":{"url":"https:\/\/pubeurope.com\/@fr\/115814809288267666","error":""},"_links":{"self":[{"href":"https:\/\/www.europesays.com\/fr\/wp-json\/wp\/v2\/posts\/632336","targetHints":{"allow":["GET"]}}],"collection":[{"href":"https:\/\/www.europesays.com\/fr\/wp-json\/wp\/v2\/posts"}],"about":[{"href":"https:\/\/www.europesays.com\/fr\/wp-json\/wp\/v2\/types\/post"}],"author":[{"embeddable":true,"href":"https:\/\/www.europesays.com\/fr\/wp-json\/wp\/v2\/users\/2"}],"replies":[{"embeddable":true,"href":"https:\/\/www.europesays.com\/fr\/wp-json\/wp\/v2\/comments?post=632336"}],"version-history":[{"count":0,"href":"https:\/\/www.europesays.com\/fr\/wp-json\/wp\/v2\/posts\/632336\/revisions"}],"wp:featuredmedia":[{"embeddable":true,"href":"https:\/\/www.europesays.com\/fr\/wp-json\/wp\/v2\/media\/632337"}],"wp:attachment":[{"href":"https:\/\/www.europesays.com\/fr\/wp-json\/wp\/v2\/media?parent=632336"}],"wp:term":[{"taxonomy":"category","embeddable":true,"href":"https:\/\/www.europesays.com\/fr\/wp-json\/wp\/v2\/categories?post=632336"},{"taxonomy":"post_tag","embeddable":true,"href":"https:\/\/www.europesays.com\/fr\/wp-json\/wp\/v2\/tags?post=632336"}],"curies":[{"name":"wp","href":"https:\/\/api.w.org\/{rel}","templated":true}]}}