{"id":632338,"date":"2025-12-31T15:08:13","date_gmt":"2025-12-31T15:08:13","guid":{"rendered":"https:\/\/www.europesays.com\/fr\/632338\/"},"modified":"2025-12-31T15:08:13","modified_gmt":"2025-12-31T15:08:13","slug":"au-royaume-uni-la-reine-camilla-revele-avoir-ete-agressee-dans-un-train-a-ladolescence","status":"publish","type":"post","link":"https:\/\/www.europesays.com\/fr\/632338\/","title":{"rendered":"Au Royaume-Uni, la reine Camilla r\u00e9v\u00e8le avoir \u00e9t\u00e9 agress\u00e9e dans un train \u00e0 l&rsquo;adolescence"},"content":{"rendered":"\n<p class=\"c-chapo \">\n  \u00ab\u00a0C&rsquo;\u00e9tait quelqu&rsquo;un que je ne connaissais pas. Je lisais un livre, et un gar\u00e7on, un homme, m&rsquo;a attaqu\u00e9e\u00a0\u00bb, a-t-elle racont\u00e9 \u00e0 la BBC.\n<\/p>\n<p>      lire plus tard<\/p>\n<p id=\"dialog__title\" class=\"dialog__title\">Pour sauvegarder cet article, connectez-vous ou cr\u00e9ez un compte franceinfo<\/p>\n<p class=\"dialog__description\">Sans paiement. Sans abonnement.<\/p>\n<p>        Fermer la fen\u00eatre d\u2019activation des notifications France Info<\/p>\n<p>      cr\u00e9er votre compte<\/p>\n<p>      se connecter<\/p>\n<p>      :<\/p>\n<p>        Fermer la fen\u00eatre de pr\u00e9sentation<\/p>\n<p>    <img loading=\"lazy\" decoding=\"async\" class=\"signature__image lazyload\" width=\"100\" height=\"100\" data- alt=\"\" src=\"https:\/\/www.europesays.com\/fr\/wp-content\/uploads\/2025\/05\/64a68815cd1a7_placeholder-36b69ec8.png\"\/><\/p>\n<p>    Publi\u00e9 le 31\/12\/2025 13:41<\/p>\n<p>      Mis \u00e0 jour le 31\/12\/2025 14:43<\/p>\n<p>        Temps de lecture : 2min<\/p>\n<p>    <img decoding=\"async\"  alt=\"La reine Camilla lors d'une visite dans une \u00e9cole de Merthyr Tydfil, au Pays de Galles, le 14 novembre 2025. (KIN CHEUNG \/ AFP)\" width=\"432\" height=\"243\" src=\"https:\/\/www.europesays.com\/fr\/wp-content\/uploads\/2025\/12\/000-84343x7-6955194042059529641508.jpg\" fetchpriority=\"high\"\/><\/p>\n<p>      La reine Camilla lors d&rsquo;une visite dans une \u00e9cole de Merthyr Tydfil, au Pays de Galles, le 14 novembre 2025. (KIN CHEUNG \/ AFP)<\/p>\n<p>Une prise de parole peu habituelle. Camilla, la reine du Royaume-Uni et du reste du Commonwealth, a racont\u00e9 sur la <a href=\"https:\/\/www.bbc.com\/news\/videos\/cp871zrey80o\" target=\"_blank\" rel=\"noopener\" data-tooltip-url=\"https:\/\/www.bbc.com\/news\/videos\/cp871zrey80o\">BBC<\/a> s&rsquo;\u00eatre d\u00e9fendue contre un homme qui l&rsquo;agressait dans un train quand elle \u00e9tait plus jeune. \u00ab\u00a0Adolescente, j&rsquo;ai \u00e9t\u00e9 agress\u00e9e dans un train\u00a0\u00bb, a t\u00e9moign\u00e9 l&rsquo;\u00e9pouse du roi Charles III, dans un entretien diffus\u00e9 mercredi 31 d\u00e9cembre.<\/p>\n<p>\u00ab\u00a0J&rsquo;avais en quelque sorte oubli\u00e9 cet incident, mais je me souviens avoir \u00e9t\u00e9 tr\u00e8s en col\u00e8re \u00e0 ce moment-l\u00e0\u00a0\u00bb, a t\u00e9moign\u00e9 la reine, \u00e2g\u00e9e de 78\u00a0ans, qui s&rsquo;exprimait publiquement pour la premi\u00e8re fois sur cette agression. \u00ab\u00a0C&rsquo;\u00e9tait quelqu&rsquo;un que je ne connaissais pas. Je lisais un livre, et un gar\u00e7on, un homme, m&rsquo;a attaqu\u00e9e\u00a0\u00bb, a-t-elle racont\u00e9. \u00ab\u00a0Je me suis d\u00e9fendue\u00a0\u00bb, a ajout\u00e9 Camilla, sans donner de d\u00e9tail sur la nature de cette agression. Quand elle est descendue du train, sa m\u00e8re lui a demand\u00e9 pourquoi ses cheveux \u00e9taient \u00ab\u00a0\u00e9bouriff\u00e9s\u00a0\u00bb et pourquoi un bouton \u00e0 son manteau manquait, s&rsquo;est-elle souvenue. \u00ab\u00a0J&rsquo;\u00e9tais furieuse\u00a0\u00bb et cette agression \u00ab\u00a0est rest\u00e9e en moi pendant des ann\u00e9es\u00a0\u00bb, a t\u00e9moign\u00e9 la reine.<\/p>\n<p>Son agression avait \u00e9t\u00e9 \u00e9voqu\u00e9e dans un livre sur la famille royale publi\u00e9 en septembre. Son auteur, l&rsquo;ancien correspondant royal du Times Valentine Low a rapport\u00e9 que Camilla avait alors 16 ou 17\u00a0ans et avait repouss\u00e9 son agresseur \u00e0 l&rsquo;aide du talon de sa chaussure. A son arriv\u00e9e \u00e0 la gare, elle avait signal\u00e9 l&rsquo;incident et l&rsquo;homme avait \u00e9t\u00e9 arr\u00eat\u00e9.<\/p>\n<p>La reine Camilla s&rsquo;exprimait lors d&rsquo;une \u00e9mission aux c\u00f4t\u00e9s de John Hunt, un commentateur hippique de la BBC dont l&rsquo;\u00e9pouse et les deux filles ont \u00e9t\u00e9 tu\u00e9es en juillet 2024 par l&rsquo;ancien petit ami de l&rsquo;une des jeunes femmes. Le sujet de la violence conjugale \u00ab\u00a0me touche profond\u00e9ment\u00a0\u00bb, a aussi dit la reine.<\/p>\n","protected":false},"excerpt":{"rendered":"\u00ab\u00a0C&rsquo;\u00e9tait quelqu&rsquo;un que je ne connaissais pas. Je lisais un livre, et un gar\u00e7on, un homme, m&rsquo;a attaqu\u00e9e\u00a0\u00bb,&hellip;\n","protected":false},"author":2,"featured_media":632339,"comment_status":"","ping_status":"","sticky":false,"template":"","format":"standard","meta":{"footnotes":""},"categories":[1588],"tags":[11,1777,674,12,473,1853,1851,1850,1852],"class_list":{"0":"post-632338","1":"post","2":"type-post","3":"status-publish","4":"format-standard","5":"has-post-thumbnail","7":"category-royaume-uni","8":"tag-actualites","9":"tag-eu","10":"tag-europe","11":"tag-news","12":"tag-royaume-uni","13":"tag-royaume-uni-de-grande-bretagne-et-dirlande-du-nord","14":"tag-uk","15":"tag-united-kingdom","16":"tag-united-kingdom-of-great-britain-and-northern-ireland"},"share_on_mastodon":{"url":"https:\/\/pubeurope.com\/@fr\/115814813212236474","error":""},"_links":{"self":[{"href":"https:\/\/www.europesays.com\/fr\/wp-json\/wp\/v2\/posts\/632338","targetHints":{"allow":["GET"]}}],"collection":[{"href":"https:\/\/www.europesays.com\/fr\/wp-json\/wp\/v2\/posts"}],"about":[{"href":"https:\/\/www.europesays.com\/fr\/wp-json\/wp\/v2\/types\/post"}],"author":[{"embeddable":true,"href":"https:\/\/www.europesays.com\/fr\/wp-json\/wp\/v2\/users\/2"}],"replies":[{"embeddable":true,"href":"https:\/\/www.europesays.com\/fr\/wp-json\/wp\/v2\/comments?post=632338"}],"version-history":[{"count":0,"href":"https:\/\/www.europesays.com\/fr\/wp-json\/wp\/v2\/posts\/632338\/revisions"}],"wp:featuredmedia":[{"embeddable":true,"href":"https:\/\/www.europesays.com\/fr\/wp-json\/wp\/v2\/media\/632339"}],"wp:attachment":[{"href":"https:\/\/www.europesays.com\/fr\/wp-json\/wp\/v2\/media?parent=632338"}],"wp:term":[{"taxonomy":"category","embeddable":true,"href":"https:\/\/www.europesays.com\/fr\/wp-json\/wp\/v2\/categories?post=632338"},{"taxonomy":"post_tag","embeddable":true,"href":"https:\/\/www.europesays.com\/fr\/wp-json\/wp\/v2\/tags?post=632338"}],"curies":[{"name":"wp","href":"https:\/\/api.w.org\/{rel}","templated":true}]}}