{"id":632384,"date":"2025-12-31T15:38:13","date_gmt":"2025-12-31T15:38:13","guid":{"rendered":"https:\/\/www.europesays.com\/fr\/632384\/"},"modified":"2025-12-31T15:38:13","modified_gmt":"2025-12-31T15:38:13","slug":"fin-de-mandat-pour-le-batonnier-paquet-cauet","status":"publish","type":"post","link":"https:\/\/www.europesays.com\/fr\/632384\/","title":{"rendered":"fin de mandat pour le b\u00e2tonnier Paquet-Cauet"},"content":{"rendered":"<p>Ce jour-l\u00e0, il porte des chaussettes violettes. \u00ab\u00a0J\u2019aime beaucoup, dit-il. C\u2019est discret et sophistiqu\u00e9.\u00a0\u00bb Hier, elles \u00e9taient rouges. Demain, elles seront bleues. La couleur des socquettes du b\u00e2tonnier, pendant deux ans, \u00e7a a un peu \u00e9t\u00e9 \u00ab\u00a0la\u00a0\u00bb question \u00e0 la Maison des avocats. Une petite pointe d\u2019originalit\u00e9 pour \u00e9gayer le costume, strict. Une grosse touche de talent pour illuminer le r\u00f4le, institutionnel.<\/p>\n<p>Fran\u00e7ois Paquet-Cauet est une boule d\u2019\u00e9nergie. Entier. Effervescent. Sa vocation, il l\u2019a confirm\u00e9e sur le chemin de Compostelle. Parti seul, en plein hiver, histoire de cimenter son choix. \u00ab\u00a0Il m\u2019a appel\u00e9e au pied des Pyr\u00e9n\u00e9es, se souvient sa maman. Il m\u2019a dit\u00a0: \u00e7a y est, je sais ce que je veux savoir, je rentre\u00a0\u00bb. Il est rentr\u00e9. Pour pr\u00eater son serment d\u2019avocat et rev\u00eatir une robe noire qui, depuis, l\u2019engage compl\u00e8tement.<\/p>\n<p>L\u2019alto n\u2019est pas un grand violon\u2026<\/p>\n<p>L\u2019homme n\u2019est jamais dans la demi-mesure, h\u00e9ritage familial sans doute. D\u00e9cortiqueur acharn\u00e9 de dossiers, de la plus petite&#8230;<\/p>\n","protected":false},"excerpt":{"rendered":"Ce jour-l\u00e0, il porte des chaussettes violettes. \u00ab\u00a0J\u2019aime beaucoup, dit-il. C\u2019est discret et sophistiqu\u00e9.\u00a0\u00bb Hier, elles \u00e9taient rouges.&hellip;\n","protected":false},"author":2,"featured_media":632385,"comment_status":"","ping_status":"","sticky":false,"template":"","format":"standard","meta":{"footnotes":""},"categories":[9653],"tags":[1111,11,2430,271,272,7539,1777,674,274,1011,27,3367,12,25,4001,7538],"class_list":{"0":"post-632384","1":"post","2":"type-post","3":"status-publish","4":"format-standard","5":"has-post-thumbnail","7":"category-saint-etienne","8":"tag-actu","9":"tag-actualites","10":"tag-auvergne-rhone-alpes","11":"tag-crime","12":"tag-delit-et-contravention","13":"tag-edition-loire-sud","14":"tag-eu","15":"tag-europe","16":"tag-faits-divers-justice","17":"tag-fr","18":"tag-france","19":"tag-loire","20":"tag-news","21":"tag-republique-francaise","22":"tag-saint-etienne","23":"tag-saint-etienne-ville"},"share_on_mastodon":{"url":"https:\/\/pubeurope.com\/@fr\/115814931218502690","error":""},"_links":{"self":[{"href":"https:\/\/www.europesays.com\/fr\/wp-json\/wp\/v2\/posts\/632384","targetHints":{"allow":["GET"]}}],"collection":[{"href":"https:\/\/www.europesays.com\/fr\/wp-json\/wp\/v2\/posts"}],"about":[{"href":"https:\/\/www.europesays.com\/fr\/wp-json\/wp\/v2\/types\/post"}],"author":[{"embeddable":true,"href":"https:\/\/www.europesays.com\/fr\/wp-json\/wp\/v2\/users\/2"}],"replies":[{"embeddable":true,"href":"https:\/\/www.europesays.com\/fr\/wp-json\/wp\/v2\/comments?post=632384"}],"version-history":[{"count":0,"href":"https:\/\/www.europesays.com\/fr\/wp-json\/wp\/v2\/posts\/632384\/revisions"}],"wp:featuredmedia":[{"embeddable":true,"href":"https:\/\/www.europesays.com\/fr\/wp-json\/wp\/v2\/media\/632385"}],"wp:attachment":[{"href":"https:\/\/www.europesays.com\/fr\/wp-json\/wp\/v2\/media?parent=632384"}],"wp:term":[{"taxonomy":"category","embeddable":true,"href":"https:\/\/www.europesays.com\/fr\/wp-json\/wp\/v2\/categories?post=632384"},{"taxonomy":"post_tag","embeddable":true,"href":"https:\/\/www.europesays.com\/fr\/wp-json\/wp\/v2\/tags?post=632384"}],"curies":[{"name":"wp","href":"https:\/\/api.w.org\/{rel}","templated":true}]}}