{"id":632396,"date":"2025-12-31T15:45:15","date_gmt":"2025-12-31T15:45:15","guid":{"rendered":"https:\/\/www.europesays.com\/fr\/632396\/"},"modified":"2025-12-31T15:45:15","modified_gmt":"2025-12-31T15:45:15","slug":"il-aimait-les-gens-et-les-gens-laimaient-a-montpellier-ladieu-emouvant-a-jean-louis-gasset","status":"publish","type":"post","link":"https:\/\/www.europesays.com\/fr\/632396\/","title":{"rendered":"\u00ab\u00a0Il aimait les gens et les gens l\u2019aimaient\u00a0\u00bb\u00a0: \u00e0 Montpellier, l\u2019adieu \u00e9mouvant \u00e0 Jean-Louis Gasset"},"content":{"rendered":"<p class=\"paragraph text_align_left lp-f-body-02\">Une foule nombreuse et recueillie est venue ce mercredi 31 d\u00e9cembre faire ses adieux \u00e0 l\u2019ancien entra\u00eeneur montpelli\u00e9rain <a href=\"https:\/\/www.leparisien.fr\/sports\/football\/humain-humble-passionne-jean-louis-gasset-lhomme-de-lombre-devenu-indispensable-26-12-2025-JLXJFOOSLVD4NHYIERVWKU3AAI.php\" target=\"_blank\" rel=\"noreferrer noopener\">Jean-Louis Gasset<\/a>, d\u00e9c\u00e9d\u00e9 le 26 d\u00e9cembre \u00e0 l\u2019\u00e2ge de 72 ans. Pour accueillir les plus de 1000 personnes pr\u00e9sentes, la c\u00e9r\u00e9monie fun\u00e9raire de cette figure du <a href=\"https:\/\/www.leparisien.fr\/sports\/football\/\" target=\"_blank\" rel=\"noreferrer noopener\">football<\/a> fran\u00e7ais s\u2019est d\u00e9roul\u00e9e au parc des expositions de Montpellier, \u00e0 P\u00e9rols (H\u00e9rault).<\/p>\n<p class=\"\">Autour de la famille, des personnalit\u00e9s du football comme Laurent Blanc, dont Jean-Louis Gasset a \u00e9t\u00e9 l\u2019adjoint \u00e0 Bordeaux, au <a href=\"https:\/\/www.leparisien.fr\/sports\/football\/psg\/\" target=\"_blank\" rel=\"noreferrer noopener\">PSG <\/a>et en \u00e9quipe de France, Philippe Diallo, pr\u00e9sident de la F\u00e9d\u00e9ration fran\u00e7aise de football, ou encore Laurent Nicollin, le pr\u00e9sident du MHSC (Montpellier H\u00e9rault Sport Club) ainsi que beaucoup de joueurs.<\/p>\n<p class=\"\">\u00c2g\u00e9 de 20 ans, le joueur camerounais Wilfried Ndollo Bille, arri\u00e8re droit au sein du MHSC, n\u2019est pas pr\u00e8s d\u2019oublier Jean-Louis Gasset. \u00ab C\u2019est lui qui m\u2019a fait jouer pour la premi\u00e8re fois chez les pros, c\u2019\u00e9tait le 8 mars 2025 \u00bb, confie-t-il. \u00ab Il \u00e9tait plus qu\u2019un coach pour moi, c\u2019\u00e9tait mon papi. Il avait toujours le sourire avec sa casquette viss\u00e9e sur la t\u00eate. C\u2019est lui qui m\u2019a aid\u00e9 \u00e0 avoir confiance en moi. \u00bb<\/p>\n<p>\u00ab Ce c\u00f4t\u00e9 humain, c\u2019est ce qui le d\u00e9finissait et ce qui faisait sa force \u00bb<\/p>\n<p class=\"\">D\u00e9crit par certains comme le fils spirituel de Jean-Louis Gasset, le joueur international <a href=\"https:\/\/www.leparisien.fr\/sports\/football\/tu-es-lentraineur-avec-qui-jai-eu-la-plus-belle-relation-les-magnifiques-hommages-de-yoann-gourcuff-et-yann-mvila-a-jean-louis-gasset-27-12-2025-X6GKNGY56REWBH6JJUPCMJHC4E.php\" target=\"_blank\" rel=\"noreferrer noopener\">Yann M\u2019Vila<\/a>, 35 ans, actuellement au SM Caen, \u00e9tait \u00e9galement pr\u00e9sent. \u00ab Tout ce monde aujourd\u2019hui, ce n\u2019est pas pour rien. Au-del\u00e0 du foot, c\u2019\u00e9tait quelqu\u2019un d\u2019extraordinaire. Humainement parlant, je pense qu\u2019on ne pouvait pas faire mieux. Beaucoup de coachs, de directeurs devraient prendre exemple sur lui. Le jour o\u00f9 j\u2019ai perdu mon grand-p\u00e8re, \u00e0 la causerie avant le match, il n\u2019a pas parl\u00e9 de football une seule fois, mais de la vie. Ce c\u00f4t\u00e9 humain, c\u2019est ce qui le d\u00e9finissait et ce qui faisait sa force. Il peut \u00eatre fier de lui comme sa maman, ses enfants peuvent l\u2019\u00eatre aussi. \u00bb<\/p>\n<p class=\"\">Dans l\u2019assistance, aussi beaucoup d\u2019anonymes, comme Christian, 70 ans, venu en voisin. \u00ab Nous habitions dans le m\u00eame quartier de Montpellier lorsque nous \u00e9tions enfants. Nos parents \u00e9taient amis et nos p\u00e8res jouaient ensemble au football. Je me souviens d\u2019avoir moi-m\u00eame jou\u00e9 une fois avec lui. J\u2019avais r\u00e9ussi \u00e0 entrer un peu dans le match \u00bb, sourit-il.<\/p>\n<p><img decoding=\"async\" class=\"image \" loading=\"lazy\" src=\"https:\/\/www.europesays.com\/fr\/wp-content\/uploads\/2025\/12\/GUUE4GJQ7ZHO3BDUPKCKLDAKHU.jpg\" alt=\"Laurent BLANC during the Funeral of Jean Louis Gasset on December 31, 2025 in Montpellier, France. (Photo by Alexandre Dimou\/Alexpress\/Icon Sport)\" align=\"\" data-rubrique-principale=\"\" data-article-type=\"\" fetchpriority=\"auto\"\/>Laurent BLANC during the Funeral of Jean Louis Gasset on December 31, 2025 in Montpellier, France. (Photo by Alexandre Dimou\/Alexpress\/Icon Sport) <\/p>\n<p class=\"\">Jean Carrasco, 60 ans, est lui aussi venu en voisin. Il est le pr\u00e9sident du club de football de Gignac, \u00e0 quelques kilom\u00e8tres de Montpellier, o\u00f9 le fils de Jean-Louis Gasset, Robin, a d\u2019ailleurs jou\u00e9 dans le pass\u00e9. \u00ab Jean-Louis, nous avons jou\u00e9 quelques ann\u00e9es ensemble. C\u2019\u00e9tait quelqu\u2019un d\u2019humble, simple et accessible. Ce n\u2019est pas rien alors qu\u2019il est pass\u00e9 par de tr\u00e8s grands clubs. C\u2019est une grande perte pour le football fran\u00e7ais, ce n\u2019est pas que Montpellier. \u00bb<\/p>\n<p>\u00ab Le meilleur grand-p\u00e8re du monde \u00bb<\/p>\n<p class=\"\">Des mots qui seront souvent entendus tout au long de la c\u00e9r\u00e9monie pour d\u00e9crire Jean-Louis Gasset et sa personnalit\u00e9 hors norme. \u00ab A tes c\u00f4t\u00e9s, on a appris \u00e0 se d\u00e9passer, toi qui aimais les d\u00e9fis, les urgences et les missions qui semblaient perdues. Tu aimais les gens et les gens t\u2019aimaient \u00bb, peut-on encore entendre. \u00ab Quelle chance nous avons eu d\u2019avoir \u00e9t\u00e9 plac\u00e9s sur ton chemin \u00bb.<\/p>\n<p class=\"\">M\u00eame \u00e9motion lorsque vient le tour de la famille de dire quelques mots. \u00ab Tous les messages de ces derniers jours sont \u00e0 la hauteur du vide que tu laisses \u00bb, d\u00e9clare sa fille Coralie, suivie des trois petits enfants de Jean-Louis Gasset qui le d\u00e9clarent \u00ab le meilleur grand-p\u00e8re du monde \u00bb.<\/p>\n<p class=\"\">Et tandis que la c\u00e9r\u00e9monie touche \u00e0 sa fin et que le cercueil de Jean-Louis Gasset est emmen\u00e9 pour \u00eatre inhum\u00e9 dans l\u2019apr\u00e8s-midi dans son village de Saint-Georges d\u2019Orques, toute l\u2019assistance se l\u00e8ve dans une salve d\u2019applaudissements.<\/p>\n","protected":false},"excerpt":{"rendered":"Une foule nombreuse et recueillie est venue ce mercredi 31 d\u00e9cembre faire ses adieux \u00e0 l\u2019ancien entra\u00eeneur montpelli\u00e9rain&hellip;\n","protected":false},"author":2,"featured_media":632397,"comment_status":"","ping_status":"","sticky":false,"template":"","format":"standard","meta":{"footnotes":""},"categories":[9599],"tags":[1111,11,459,1777,674,63,1011,27,2208,12,2680,25,60],"class_list":{"0":"post-632396","1":"post","2":"type-post","3":"status-publish","4":"format-standard","5":"has-post-thumbnail","7":"category-montpellier","8":"tag-actu","9":"tag-actualites","10":"tag-departements-horsidfo","11":"tag-eu","12":"tag-europe","13":"tag-football","14":"tag-fr","15":"tag-france","16":"tag-montpellier","17":"tag-news","18":"tag-occitanie","19":"tag-republique-francaise","20":"tag-sports"},"share_on_mastodon":{"url":"https:\/\/pubeurope.com\/@fr\/115814959293664387","error":""},"_links":{"self":[{"href":"https:\/\/www.europesays.com\/fr\/wp-json\/wp\/v2\/posts\/632396","targetHints":{"allow":["GET"]}}],"collection":[{"href":"https:\/\/www.europesays.com\/fr\/wp-json\/wp\/v2\/posts"}],"about":[{"href":"https:\/\/www.europesays.com\/fr\/wp-json\/wp\/v2\/types\/post"}],"author":[{"embeddable":true,"href":"https:\/\/www.europesays.com\/fr\/wp-json\/wp\/v2\/users\/2"}],"replies":[{"embeddable":true,"href":"https:\/\/www.europesays.com\/fr\/wp-json\/wp\/v2\/comments?post=632396"}],"version-history":[{"count":0,"href":"https:\/\/www.europesays.com\/fr\/wp-json\/wp\/v2\/posts\/632396\/revisions"}],"wp:featuredmedia":[{"embeddable":true,"href":"https:\/\/www.europesays.com\/fr\/wp-json\/wp\/v2\/media\/632397"}],"wp:attachment":[{"href":"https:\/\/www.europesays.com\/fr\/wp-json\/wp\/v2\/media?parent=632396"}],"wp:term":[{"taxonomy":"category","embeddable":true,"href":"https:\/\/www.europesays.com\/fr\/wp-json\/wp\/v2\/categories?post=632396"},{"taxonomy":"post_tag","embeddable":true,"href":"https:\/\/www.europesays.com\/fr\/wp-json\/wp\/v2\/tags?post=632396"}],"curies":[{"name":"wp","href":"https:\/\/api.w.org\/{rel}","templated":true}]}}