{"id":632402,"date":"2025-12-31T15:48:11","date_gmt":"2025-12-31T15:48:11","guid":{"rendered":"https:\/\/www.europesays.com\/fr\/632402\/"},"modified":"2025-12-31T15:48:11","modified_gmt":"2025-12-31T15:48:11","slug":"metropole-de-grenoble-ou-jeter-vos-sapins-naturels-de-noel-les-points-de-collecte-pres-de-chez-vous","status":"publish","type":"post","link":"https:\/\/www.europesays.com\/fr\/632402\/","title":{"rendered":"M\u00e9tropole de Grenoble. O\u00f9 jeter vos sapins (naturels) de No\u00ebl\u00a0? Les points de collecte pr\u00e8s de chez vous"},"content":{"rendered":"<p>Chaque ann\u00e9e, des dizaines de sapins envahissent les trottoirs \u00e0 peine No\u00ebl pass\u00e9. Et le ph\u00e9nom\u00e8ne s\u2019acc\u00e9l\u00e8re souvent d\u00e8s d\u00e9but janvier. Pour \u00e9viter ces d\u00e9poses sauvages interdites, la M\u00e9tropole de Grenoble et ses communes partenaires (Bresson, Claix, \u00c9chirolles, Eybens, Fontaine, Gi\u00e8res, Grenoble, La Tronche, Meylan, Poisat, Le Pont-de-Claix, Saint-Martin-le-Vinoux, Sassenage, Seyssinet-Pariset, Seyssins et Vizille) organisent <a href=\"https:\/\/www.ledauphine.com\/environnement\/2024\/01\/03\/isere-metropole-de-grenoble-ou-jeter-son-sapin\" target=\"_blank\" rel=\"noopener\">depuis plusieurs ann\u00e9es<\/a> , une collecte sp\u00e9cifique des conif\u00e8res apr\u00e8s la p\u00e9riode des f\u00eates.<\/p>\n<p>Entre le 5 et le 31\u00a0janvier prochain, 57 points de collecte temporaire seront ainsi install\u00e9s dans seize communes du territoire.<\/p>\n<p>  Du compost pour les agriculteurs locaux<\/p>\n<p>\u00c9videmment, seuls les sapins naturels sont accept\u00e9s. Il faut veiller \u00e0 les d\u00e9poser sans sac \u00e0 sapin et sans d\u00e9coration, avec ou sans socle en bois.<\/p>\n<p>Une fois collect\u00e9s, les sapins sont broy\u00e9s, puis transform\u00e9s en compost qui sera ensuite distribu\u00e9 gratuitement aux agriculteurs locaux pour enrichir les sols.<\/p>\n<p>Dans la M\u00e9tropole de Grenoble, chaque ann\u00e9e, ce sont environ 13\u00a0000 sapins qui sont collect\u00e9s, soit 32 tonnes de mati\u00e8re valoris\u00e9e.<\/p>\n<p>La collectivit\u00e9 rappelle qu\u2019il est \u00e9galement possible, hors de ces points de collecte temporaire, de d\u00e9poser les sapins dans l\u2019une des 19 d\u00e9chetteries du territoire qui acceptent les v\u00e9g\u00e9taux. Les sapins en plastiques, recouverts de neige artificielle, en filet ou avec des d\u00e9corations sont \u00e0 jeter en d\u00e9chetterie avec les encombrants.<\/p>\n","protected":false},"excerpt":{"rendered":"Chaque ann\u00e9e, des dizaines de sapins envahissent les trottoirs \u00e0 peine No\u00ebl pass\u00e9. Et le ph\u00e9nom\u00e8ne s\u2019acc\u00e9l\u00e8re souvent&hellip;\n","protected":false},"author":2,"featured_media":632403,"comment_status":"","ping_status":"","sticky":false,"template":"","format":"standard","meta":{"footnotes":""},"categories":[9566],"tags":[1111,11,2430,112,436,1777,674,1011,27,2731,2732,108,1985,12,25],"class_list":{"0":"post-632402","1":"post","2":"type-post","3":"status-publish","4":"format-standard","5":"has-post-thumbnail","7":"category-grenoble","8":"tag-actu","9":"tag-actualites","10":"tag-auvergne-rhone-alpes","11":"tag-edition-grenoble-agglomeration","12":"tag-environnement","13":"tag-eu","14":"tag-europe","15":"tag-fr","16":"tag-france","17":"tag-grenoble","18":"tag-grenoble-bassin","19":"tag-isere","20":"tag-metropole-de-grenoble","21":"tag-news","22":"tag-republique-francaise"},"share_on_mastodon":{"url":"https:\/\/pubeurope.com\/@fr\/115814970410556484","error":""},"_links":{"self":[{"href":"https:\/\/www.europesays.com\/fr\/wp-json\/wp\/v2\/posts\/632402","targetHints":{"allow":["GET"]}}],"collection":[{"href":"https:\/\/www.europesays.com\/fr\/wp-json\/wp\/v2\/posts"}],"about":[{"href":"https:\/\/www.europesays.com\/fr\/wp-json\/wp\/v2\/types\/post"}],"author":[{"embeddable":true,"href":"https:\/\/www.europesays.com\/fr\/wp-json\/wp\/v2\/users\/2"}],"replies":[{"embeddable":true,"href":"https:\/\/www.europesays.com\/fr\/wp-json\/wp\/v2\/comments?post=632402"}],"version-history":[{"count":0,"href":"https:\/\/www.europesays.com\/fr\/wp-json\/wp\/v2\/posts\/632402\/revisions"}],"wp:featuredmedia":[{"embeddable":true,"href":"https:\/\/www.europesays.com\/fr\/wp-json\/wp\/v2\/media\/632403"}],"wp:attachment":[{"href":"https:\/\/www.europesays.com\/fr\/wp-json\/wp\/v2\/media?parent=632402"}],"wp:term":[{"taxonomy":"category","embeddable":true,"href":"https:\/\/www.europesays.com\/fr\/wp-json\/wp\/v2\/categories?post=632402"},{"taxonomy":"post_tag","embeddable":true,"href":"https:\/\/www.europesays.com\/fr\/wp-json\/wp\/v2\/tags?post=632402"}],"curies":[{"name":"wp","href":"https:\/\/api.w.org\/{rel}","templated":true}]}}