{"id":632414,"date":"2025-12-31T15:54:14","date_gmt":"2025-12-31T15:54:14","guid":{"rendered":"https:\/\/www.europesays.com\/fr\/632414\/"},"modified":"2025-12-31T15:54:14","modified_gmt":"2025-12-31T15:54:14","slug":"la-populaire-sud-fera-son-retour-lors-du-deplacement-a-toulouse-mais-attend-toujours-dautres-garanties","status":"publish","type":"post","link":"https:\/\/www.europesays.com\/fr\/632414\/","title":{"rendered":"la Populaire Sud fera son retour lors du d\u00e9placement \u00e0 Toulouse mais attend toujours \u00ab\u00a0d\u2019autres garanties\u00a0\u00bb"},"content":{"rendered":"<p class=\"fs-5 \">L\u2019OGC Nice pourra bient\u00f4t \u00e0 nouveau compter sur le soutien de ses supporters. Mardi, le club des Supporters annon\u00e7ait inviter les amoureux du club \u00e0 \u00ab\u00a0reprendre possession\u00a0\u00bb de l\u2018Allianz Riviera, mettant ainsi fin au <a href=\"https:\/\/www.nicematin.com\/sports\/football\/la-populaire-sud-boycottera-les-prochains-matchs-de-l-ogc-nice-10659566\" target=\"_blank\" rel=\"noopener\">boycott entam\u00e9 d\u00e9but d\u00e9cembre<\/a>, apr\u00e8s les incidents au retour de Lorient.<\/p>\n<p class=\"fs-5 \">Ce mercredi, c\u2019est la Populaire Sud qui s\u2019est exprim\u00e9e sur sa position dans un communiqu\u00e9. Les Ultras ni\u00e7ois ont annonc\u00e9 qu\u2019ils feraient leur retour en groupe organis\u00e9 <strong>lors du d\u00e9placement \u00e0 Toulouse pr\u00e9vu le samedi 17 janvier \u00e0 19h.<\/strong><\/p>\n<p class=\"fs-5 \">L\u2019OGC Nice s\u2019est propos\u00e9 de les replacer contre Strasbourg ce samedi, puisque leur tribune fait l\u2019objet d\u2019une fermeture mais le groupe de supporters a pr\u00e9f\u00e9r\u00e9 repousser la main tendue, souhaitant \u00ab\u00a0attendre encore afin d\u2019\u00e9valuer les changements\u00a0\u00bb. \u00ab\u00a0Libre \u00e0 chacun d\u2019aller au stade ou non ce jour-l\u00e0.\u00a0\u00bb<\/p>\n<p>                                                                                \u00ab\u00a0La route est encore longue\u00a0\u00bb<\/p>\n<p class=\"fs-5 \">Si les \u00e9changes avec le pr\u00e9sident Jean-Pierre Riv\u00e8re et le vice-pr\u00e9sident d\u00e9l\u00e9gu\u00e9 Maurice Cohen ont \u00e9t\u00e9 positifs, la Populaire Sud est claire\u00a0: \u00ab\u00a0Nous jugerons uniquement sur la dur\u00e9e et sur la coh\u00e9rence du projet sportif et institutionnel. Des d\u00e9cisions devraient \u00eatre prises en interne au sein du vestiaire, nous resterons vigilants concernant ce sujet\u00a0\u00bb.<\/p>\n<p class=\"fs-5 \">Et d\u2019indiquer\u00a0: \u00ab\u00a0Notre retour au stade derri\u00e8re notre b\u00e2che s\u2019effectuera par la suite. Les \u00e9tats d\u2019\u00e2me devront \u00eatre mis de c\u00f4t\u00e9, les exigences sportives \u00e9galement, notre club ne doit pas sombrer et nous devons jouer notre r\u00f4le. La route est encore longue, soyons maintenant unis et solidaires derri\u00e8re nos couleurs\u00a0\u00bb.<\/p>\n","protected":false},"excerpt":{"rendered":"L\u2019OGC Nice pourra bient\u00f4t \u00e0 nouveau compter sur le soutien de ses supporters. Mardi, le club des Supporters&hellip;\n","protected":false},"author":2,"featured_media":632415,"comment_status":"","ping_status":"","sticky":false,"template":"","format":"standard","meta":{"footnotes":""},"categories":[2819],"tags":[1111,11,1777,674,1011,27,12,2401,54521,882,25],"class_list":{"0":"post-632414","1":"post","2":"type-post","3":"status-publish","4":"format-standard","5":"has-post-thumbnail","7":"category-nice","8":"tag-actu","9":"tag-actualites","10":"tag-eu","11":"tag-europe","12":"tag-fr","13":"tag-france","14":"tag-news","15":"tag-nice","16":"tag-ogcnice","17":"tag-provence-alpes-cote-dazur","18":"tag-republique-francaise"},"share_on_mastodon":{"url":"https:\/\/pubeurope.com\/@fr\/115814994090407179","error":""},"_links":{"self":[{"href":"https:\/\/www.europesays.com\/fr\/wp-json\/wp\/v2\/posts\/632414","targetHints":{"allow":["GET"]}}],"collection":[{"href":"https:\/\/www.europesays.com\/fr\/wp-json\/wp\/v2\/posts"}],"about":[{"href":"https:\/\/www.europesays.com\/fr\/wp-json\/wp\/v2\/types\/post"}],"author":[{"embeddable":true,"href":"https:\/\/www.europesays.com\/fr\/wp-json\/wp\/v2\/users\/2"}],"replies":[{"embeddable":true,"href":"https:\/\/www.europesays.com\/fr\/wp-json\/wp\/v2\/comments?post=632414"}],"version-history":[{"count":0,"href":"https:\/\/www.europesays.com\/fr\/wp-json\/wp\/v2\/posts\/632414\/revisions"}],"wp:featuredmedia":[{"embeddable":true,"href":"https:\/\/www.europesays.com\/fr\/wp-json\/wp\/v2\/media\/632415"}],"wp:attachment":[{"href":"https:\/\/www.europesays.com\/fr\/wp-json\/wp\/v2\/media?parent=632414"}],"wp:term":[{"taxonomy":"category","embeddable":true,"href":"https:\/\/www.europesays.com\/fr\/wp-json\/wp\/v2\/categories?post=632414"},{"taxonomy":"post_tag","embeddable":true,"href":"https:\/\/www.europesays.com\/fr\/wp-json\/wp\/v2\/tags?post=632414"}],"curies":[{"name":"wp","href":"https:\/\/api.w.org\/{rel}","templated":true}]}}