{"id":632416,"date":"2025-12-31T15:55:11","date_gmt":"2025-12-31T15:55:11","guid":{"rendered":"https:\/\/www.europesays.com\/fr\/632416\/"},"modified":"2025-12-31T15:55:11","modified_gmt":"2025-12-31T15:55:11","slug":"ogc-nice-le-proprietaire-ineos-accuse-20-milliards-deuros-de-dettes","status":"publish","type":"post","link":"https:\/\/www.europesays.com\/fr\/632416\/","title":{"rendered":"OGC Nice. Le propri\u00e9taire Ineos accuse 20 milliards d&rsquo;euros de dettes"},"content":{"rendered":"<p><img fetchpriority=\"high\" decoding=\"async\" width=\"600\" height=\"400\" src=\"https:\/\/www.europesays.com\/fr\/wp-content\/uploads\/2025\/12\/Jim-Ratcliffe-Inoes-football-cyclisme-voile-OGC-Nice.jpg\" alt=\"OGC Nice. Le propri\u00e9taire Ineos accuse 20n milliards d'euros de dettes\" class=\"wp-image-224863\"  \/>Le groupe Ineos de Jim Ratcliffe traverse une zone de fortes turbulences.<\/p>\n<p>Le groupe p\u00e9trochimique Ineos, propri\u00e9taire de l\u2019<a href=\"https:\/\/sportune.20minutes.fr\/ogc-nice-ogcn\" target=\"_blank\" rel=\"noopener\">OGC Nice<\/a>, traverse une p\u00e9riode de difficult\u00e9s financi\u00e8res. L\u2019entreprise de Sir Jim Ratcliffe affiche d\u00e9sormais plus de 18 milliards de livres sterling de dettes selon The Telegraph, soit plus de 20 milliards d\u2019euros, concentr\u00e9es dans ses deux principales holdings chimiques : Ineos Group Holdings et Ineos Quattro.<\/p>\n<p>En 2024, les co\u00fbts annuels du service de la dette se sont \u00e9lev\u00e9s \u00e0 1,8 milliard de livres sterling. Dans le m\u00eame temps, les r\u00e9sultats op\u00e9rationnels se sont d\u00e9t\u00e9rior\u00e9s avec des revenus en baisse, des marges sous pression et des pertes avant imp\u00f4ts pour les deux holdings.<\/p>\n<p>Les agences de notation Moody\u2019s et S&amp;P ont proc\u00e9d\u00e9 \u00e0 plusieurs d\u00e9gradations de la note d\u2019Ineos, soulignant un endettement sup\u00e9rieur \u00e0 13 fois les b\u00e9n\u00e9fices. Environ 5 milliards de livres sterling de dette du groupe sont d\u00e9sormais \u00e9chang\u00e9s \u00e0 des niveaux consid\u00e9r\u00e9s comme \u00ab\u00a0distressed\u00a0\u00bb, attirant l\u2019attention de fonds sp\u00e9cialis\u00e9s dans le rachat de dettes en difficult\u00e9.<\/p>\n<p>Des difficult\u00e9s aux origines multiples<\/p>\n<p>Le secteur chimique dans son ensemble fait face \u00e0 une surcapacit\u00e9 de production, une demande faible, des co\u00fbts \u00e9nerg\u00e9tiques \u00e9lev\u00e9s et la concurrence chinoise. Sir Jim Ratcliffe impute ces difficult\u00e9s \u00e0 ces facteurs externes.<\/p>\n<p>Le groupe a r\u00e9agi par des fermetures d\u2019usines et un recentrage sur ses activit\u00e9s principales, incluant une r\u00e9duction de ses engagements dans le sport et le sponsoring. \u00c0 <a href=\"https:\/\/sportune.20minutes.fr\/manchester-united\" target=\"_blank\" rel=\"noopener\">Manchester United<\/a>, o\u00f9 Ratcliffe est actionnaire minoritaire, des plans de r\u00e9duction des co\u00fbts et du personnel ont \u00e9galement \u00e9t\u00e9 mis en \u0153uvre sans parvenir \u00e0 enrayer la croissance de la dette du club.<\/p>\n<p>Cette situation est de nature \u00e0 relancer les rumeurs, quoique d\u00e9menties, d\u2019une possible cession de l\u2019<a href=\"https:\/\/sportune.20minutes.fr\/ogc-nice-ogcn\" target=\"_blank\" rel=\"noopener\">OGC Nice<\/a> par le groupe britannique.<\/p>\n","protected":false},"excerpt":{"rendered":"Le groupe Ineos de Jim Ratcliffe traverse une zone de fortes turbulences. Le groupe p\u00e9trochimique Ineos, propri\u00e9taire de&hellip;\n","protected":false},"author":2,"featured_media":632417,"comment_status":"","ping_status":"","sticky":false,"template":"","format":"standard","meta":{"footnotes":""},"categories":[2819],"tags":[1111,11,1777,674,1011,27,10717,52443,12,2401,2268,882,25],"class_list":{"0":"post-632416","1":"post","2":"type-post","3":"status-publish","4":"format-standard","5":"has-post-thumbnail","7":"category-nice","8":"tag-actu","9":"tag-actualites","10":"tag-eu","11":"tag-europe","12":"tag-fr","13":"tag-france","14":"tag-ineos","15":"tag-jim-ratcliffe","16":"tag-news","17":"tag-nice","18":"tag-ogc-nice","19":"tag-provence-alpes-cote-dazur","20":"tag-republique-francaise"},"share_on_mastodon":{"url":"https:\/\/pubeurope.com\/@fr\/115814997890806820","error":""},"_links":{"self":[{"href":"https:\/\/www.europesays.com\/fr\/wp-json\/wp\/v2\/posts\/632416","targetHints":{"allow":["GET"]}}],"collection":[{"href":"https:\/\/www.europesays.com\/fr\/wp-json\/wp\/v2\/posts"}],"about":[{"href":"https:\/\/www.europesays.com\/fr\/wp-json\/wp\/v2\/types\/post"}],"author":[{"embeddable":true,"href":"https:\/\/www.europesays.com\/fr\/wp-json\/wp\/v2\/users\/2"}],"replies":[{"embeddable":true,"href":"https:\/\/www.europesays.com\/fr\/wp-json\/wp\/v2\/comments?post=632416"}],"version-history":[{"count":0,"href":"https:\/\/www.europesays.com\/fr\/wp-json\/wp\/v2\/posts\/632416\/revisions"}],"wp:featuredmedia":[{"embeddable":true,"href":"https:\/\/www.europesays.com\/fr\/wp-json\/wp\/v2\/media\/632417"}],"wp:attachment":[{"href":"https:\/\/www.europesays.com\/fr\/wp-json\/wp\/v2\/media?parent=632416"}],"wp:term":[{"taxonomy":"category","embeddable":true,"href":"https:\/\/www.europesays.com\/fr\/wp-json\/wp\/v2\/categories?post=632416"},{"taxonomy":"post_tag","embeddable":true,"href":"https:\/\/www.europesays.com\/fr\/wp-json\/wp\/v2\/tags?post=632416"}],"curies":[{"name":"wp","href":"https:\/\/api.w.org\/{rel}","templated":true}]}}