{"id":632432,"date":"2025-12-31T16:06:18","date_gmt":"2025-12-31T16:06:18","guid":{"rendered":"https:\/\/www.europesays.com\/fr\/632432\/"},"modified":"2025-12-31T16:06:18","modified_gmt":"2025-12-31T16:06:18","slug":"gabian-scooter-il-cree-des-automates-depuis-son-appartement-a-marseille","status":"publish","type":"post","link":"https:\/\/www.europesays.com\/fr\/632432\/","title":{"rendered":"Gabian, scooter&#8230; Il cr\u00e9e des automates depuis son appartement \u00e0 Marseille"},"content":{"rendered":"<p>\u00ab\u00a0C\u2019est dr\u00f4le qu\u2019on m\u2019ait remis le prix de l\u2019innovation. Les automates traditionnels comme ceux que je fabrique existent depuis l\u2019Antiquit\u00e9.\u00a0\u00bb \u00c0 33\u00a0ans, Martin Ravel est le cerveau de l\u2019atelier Automata, une petite soci\u00e9t\u00e9 productrice de mod\u00e8les r\u00e9duits qui s\u2019animent au moyen d\u2019une manivelle. Dans son appartement du 6e arrondissement de Marseille, cet ancien architecte con\u00e7oit lui-m\u00eame ces petites sculptures mouvantes et les fabrique \u00e0 l\u2019aide d\u2019imprimantes 3D. Lundi 1er\u00a0d\u00e9cembre 2025, il a \u00e9t\u00e9 r\u00e9compens\u00e9 lors de <a href=\"https:\/\/www.laprovence.com\/article\/region\/1880247183609115\/fabrique-a-marseille-127-nouveaux-noms-pour-la-deuxieme-promotion-du-label\" target=\"_blank\" rel=\"noopener\">la remise de prix du label \u00ab\u00a0Fabriqu\u00e9 \u00e0 Marseille\u00a0\u00bb<\/a>.<\/p>\n<p>L\u2019artisan a commenc\u00e9, en\u00a02023, par la cr\u00e9ation de son mod\u00e8le phare\u00a0: le gabian. Il a poursuivi avec un personnage en scooter, qui r\u00e9alise une roue arri\u00e8re lorsqu\u2019on le met en mouvement. \u00ab\u00a0J\u2019ai commenc\u00e9 par repr\u00e9senter ma r\u00e9gion et ensuite j\u2019ai \u00e9largi\u00a0\u00bb, commente-t-il en passant une main dans sa barbe blonde. Ses flamants roses se vendent aujourd\u2019hui jusqu\u2019en Floride et ses canards en Allemagne.<\/p>\n<p>Une production \u00e9coresponsable<\/p>\n<p>Il faut environ trois mois \u00e0 Martin Ravel pour cr\u00e9er <a href=\"https:\/\/www.laprovence.com\/article\/sortie-loisirs\/13536729634588\/la-magie-de-noel-sinvite-au-pontet-avec-ses-automates-feeriques-marche-enchante-et-creche-provencale\" target=\"_blank\" rel=\"noopener\">un automate<\/a>. \u00ab\u00a0Apr\u00e8s avoir eu l\u2019id\u00e9e, il faut la dessiner, puis faire un premier prototype, puis un deuxi\u00e8me, un troisi\u00e8me\u2026\u00a0\u00bb, \u00e9num\u00e8re le cr\u00e9ateur. Un travail long et fastidieux, qui a beaucoup \u00e0 voir avec la pr\u00e9cision de l\u2019horlogerie. \u00ab\u00a0Faire un automate, c\u2019est facile. Mais je dois m\u2019assurer que je peux en sortir 100 et que tous fonctionneront.\u00a0\u00bb<\/p>\n<p>Pour la fabrication, l\u2019artisan utilise du polycarbonate alv\u00e9olaire (PCA), un plastique biosourc\u00e9, con\u00e7u \u00e0 partir d\u2019amidon de ma\u00efs. Une mani\u00e8re pour lui de conserver une production \u00e9coresponsable, pauvre en \u00e9mission de carbone. \u00a0\u00bb Je maintiens un rythme de tr\u00e8s petite production, d\u00e9veloppe-t-il. Je travaille \u00e0 la commande, donc je n\u2019ai pas de surplus.\u00a0\u00bb M\u00eame ses emballages sont en mati\u00e8res recycl\u00e9es et recyclables.<\/p>\n<p>\u00ab\u00a0Technique et po\u00e9tique\u00a0\u00bb<\/p>\n<p>Disponibles dans seulement trois boutiques de cr\u00e9ateurs, \u00e0 Marseille, et sur la page de vente en ligne de l\u2019atelier, les automates sont vendus en kit. \u00ab\u00a0Une fois achet\u00e9, on d\u00e9tache les pi\u00e8ces les unes des autres et on a plus qu\u2019\u00e0 tout monter\u00a0\u00bb, explique Martin Ravel. Pour ce faire, les maquettes sont vendues avec une notice, r\u00e9alis\u00e9e elle aussi par l\u2019artisan.<\/p>\n<p>Pourquoi troquer l\u2019architecture contre les automates\u00a0? \u00ab\u00a0C\u2019est \u00e0 la fois tr\u00e8s technique et po\u00e9tique\u00a0\u00bb, d\u00e9taille Martin Ravel.\u00a0Petit-fils de menuisier, l\u2019artisan souhaitait aussi faire un travail plus manuel et concret. \u00ab\u00a0Quand on est architecte, on a un r\u00f4le de chef d\u2019orchestre\u00a0: on passe beaucoup de temps \u00e0 organiser. L\u00e0, le fruit de mon travail vient r\u00e9ellement de mes mains.\u00a0\u00bb<\/p>\n<p><strong>Disponible aux boutiques D\u00e9tour (6e), UndARTground (2e), Chez Laurette (6e) et sur la page <a href=\"https:\/\/www.etsy.com\/fr\/shop\/atelierAutomata\" target=\"_blank\" rel=\"noopener\">Etsy Atelier Automata<\/a>.<\/strong><\/p>\n","protected":false},"excerpt":{"rendered":"\u00ab\u00a0C\u2019est dr\u00f4le qu\u2019on m\u2019ait remis le prix de l\u2019innovation. Les automates traditionnels comme ceux que je fabrique existent&hellip;\n","protected":false},"author":2,"featured_media":632433,"comment_status":"","ping_status":"","sticky":false,"template":"","format":"standard","meta":{"footnotes":""},"categories":[2814],"tags":[17,1111,11,11803,33,1777,674,22842,1011,27,74078,884,12,14455,882,25,6291,521],"class_list":{"0":"post-632432","1":"post","2":"type-post","3":"status-publish","4":"format-standard","5":"has-post-thumbnail","7":"category-marseille","8":"tag-17","9":"tag-actu","10":"tag-actualites","11":"tag-cree","12":"tag-economie","13":"tag-eu","14":"tag-europe","15":"tag-fabrique","16":"tag-fr","17":"tag-france","18":"tag-gabian","19":"tag-marseille","20":"tag-news","21":"tag-notre","22":"tag-provence-alpes-cote-dazur","23":"tag-republique-francaise","24":"tag-scooter","25":"tag-serie"},"share_on_mastodon":{"url":"","error":""},"_links":{"self":[{"href":"https:\/\/www.europesays.com\/fr\/wp-json\/wp\/v2\/posts\/632432","targetHints":{"allow":["GET"]}}],"collection":[{"href":"https:\/\/www.europesays.com\/fr\/wp-json\/wp\/v2\/posts"}],"about":[{"href":"https:\/\/www.europesays.com\/fr\/wp-json\/wp\/v2\/types\/post"}],"author":[{"embeddable":true,"href":"https:\/\/www.europesays.com\/fr\/wp-json\/wp\/v2\/users\/2"}],"replies":[{"embeddable":true,"href":"https:\/\/www.europesays.com\/fr\/wp-json\/wp\/v2\/comments?post=632432"}],"version-history":[{"count":0,"href":"https:\/\/www.europesays.com\/fr\/wp-json\/wp\/v2\/posts\/632432\/revisions"}],"wp:featuredmedia":[{"embeddable":true,"href":"https:\/\/www.europesays.com\/fr\/wp-json\/wp\/v2\/media\/632433"}],"wp:attachment":[{"href":"https:\/\/www.europesays.com\/fr\/wp-json\/wp\/v2\/media?parent=632432"}],"wp:term":[{"taxonomy":"category","embeddable":true,"href":"https:\/\/www.europesays.com\/fr\/wp-json\/wp\/v2\/categories?post=632432"},{"taxonomy":"post_tag","embeddable":true,"href":"https:\/\/www.europesays.com\/fr\/wp-json\/wp\/v2\/tags?post=632432"}],"curies":[{"name":"wp","href":"https:\/\/api.w.org\/{rel}","templated":true}]}}