{"id":632436,"date":"2025-12-31T16:08:08","date_gmt":"2025-12-31T16:08:08","guid":{"rendered":"https:\/\/www.europesays.com\/fr\/632436\/"},"modified":"2025-12-31T16:08:08","modified_gmt":"2025-12-31T16:08:08","slug":"lyon-les-tcl-alertent-sur-une-arnaque-vicieuse-qui-peut-vous-couter-tres-cher","status":"publish","type":"post","link":"https:\/\/www.europesays.com\/fr\/632436\/","title":{"rendered":"Lyon. Les TCL alertent sur une arnaque vicieuse qui peut vous co\u00fbter tr\u00e8s cher"},"content":{"rendered":"<p>                    Par<br \/>\n        <strong><br \/>\n            <a href=\"https:\/\/actu.fr\/auteur\/anthony-soudani\" title=\"Consulter tous les articles de Anthony Soudani\" target=\"_blank\" rel=\"noopener\">Anthony Soudani<\/a><br \/>\n                    <\/strong><\/p>\n<p>        Publi\u00e9 le<\/p>\n<p>            31 d\u00e9c. 2025 \u00e0 15h23        <\/p>\n<p>Le r\u00e9seau des Transports en commun lyonnais (<a href=\"https:\/\/actu.fr\/tag\/transports-en-commun-lyonnais-tcl\" target=\"_blank\" rel=\"noopener\">TCL<\/a>) alerte, ce mercredi 31 d\u00e9cembre 2025, sur une <a href=\"https:\/\/actu.fr\/tag\/arnaque\" target=\"_blank\" rel=\"noopener\">arnaque<\/a> qui menace les usagers. Les distributeurs de titres sont concern\u00e9s et les voyageurs peuvent perdre gros.\u00a0<\/p>\n<p>Du scotch sur le module de paiement sans contact\u2026<\/p>\n<p class=\" wall-content\">Les TCL mettent en garde et appellent \u00e0 la vigilance : \u00ab\u00a0Si vous remarquez du scotch sur le module de paiement sans contact d\u2019un distributeur, adoptez les bons r\u00e9flexes et signalez le nous. Ces signalements nous permettent d\u2019intervenir rapidement pour s\u00e9curiser les \u00e9quipements.\u00a0\u00bb<\/p>\n<p class=\" wall-content\">La pr\u00e9sence de scotch sur le module de paiement sans contact est loin d\u2019\u00eatre anodine. Il peut s\u2019agir d\u2019<strong>une tentative d\u2019espionnage de votre code<\/strong>. En effet, vous serez contraint de taper le code puisque le sans contact ne fonctionne pas\u2026<\/p>\n<p>    <a href=\"https:\/\/www.facebook.com\/plugins\/video.php?height=476&amp;href=https%3A%2F%2Fwww.facebook.com%2Freel%2F1527158501846936%2F&amp;show_text=false&amp;width=350&amp;t=0\" title=\"Ouvrie le lien\" target=\"_blank\" rel=\"noopener\">Cliquez ici pour visualiser le contenu<\/a><\/p>\n<p class=\" wall-content\">Les TCL appellent dans ce cas \u00e0 privil\u00e9gier un autre distributeur ou l\u2019achat via l\u2019application. \u00c0 noter qu\u2019il est aussi possible de payer sans contact directement \u00e0 l\u2019entr\u00e9e des m\u00e9tros sans avoir besoin de passer par la billetterie.\u00a0<\/p>\n<p class=\" wall-content\">Personnalisez votre actualit\u00e9 en ajoutant vos villes et m\u00e9dias en favori avec <a href=\"https:\/\/moncompte.actu.fr\" title=\"D\u00e9couvez Mon Actu\" rel=\"nofollow noopener\" data-trk=\"{&quot;cta&quot;:{&quot;action&quot;:&quot;https:\\\/\\\/moncompte.actu.fr&quot;,&quot;category&quot;:&quot;mon compte&quot;,&quot;from&quot;:&quot;article footer&quot;,&quot;name&quot;:&quot;Mon actu&quot;,&quot;type&quot;:&quot;cta&quot;}}\" target=\"_blank\">Mon Actu<\/a>.<\/p>\n","protected":false},"excerpt":{"rendered":"Par Anthony Soudani Publi\u00e9 le 31 d\u00e9c. 2025 \u00e0 15h23 Le r\u00e9seau des Transports en commun lyonnais (TCL)&hellip;\n","protected":false},"author":2,"featured_media":632437,"comment_status":"","ping_status":"","sticky":false,"template":"","format":"standard","meta":{"footnotes":""},"categories":[1889],"tags":[1111,11,3514,2430,1777,674,1011,27,2428,12,25,104,5787],"class_list":{"0":"post-632436","1":"post","2":"type-post","3":"status-publish","4":"format-standard","5":"has-post-thumbnail","7":"category-lyon","8":"tag-actu","9":"tag-actualites","10":"tag-arnaque","11":"tag-auvergne-rhone-alpes","12":"tag-eu","13":"tag-europe","14":"tag-fr","15":"tag-france","16":"tag-lyon","17":"tag-news","18":"tag-republique-francaise","19":"tag-societe","20":"tag-transports-en-commun-lyonnais-tcl"},"share_on_mastodon":{"url":"https:\/\/pubeurope.com\/@fr\/115815049105359116","error":""},"_links":{"self":[{"href":"https:\/\/www.europesays.com\/fr\/wp-json\/wp\/v2\/posts\/632436","targetHints":{"allow":["GET"]}}],"collection":[{"href":"https:\/\/www.europesays.com\/fr\/wp-json\/wp\/v2\/posts"}],"about":[{"href":"https:\/\/www.europesays.com\/fr\/wp-json\/wp\/v2\/types\/post"}],"author":[{"embeddable":true,"href":"https:\/\/www.europesays.com\/fr\/wp-json\/wp\/v2\/users\/2"}],"replies":[{"embeddable":true,"href":"https:\/\/www.europesays.com\/fr\/wp-json\/wp\/v2\/comments?post=632436"}],"version-history":[{"count":0,"href":"https:\/\/www.europesays.com\/fr\/wp-json\/wp\/v2\/posts\/632436\/revisions"}],"wp:featuredmedia":[{"embeddable":true,"href":"https:\/\/www.europesays.com\/fr\/wp-json\/wp\/v2\/media\/632437"}],"wp:attachment":[{"href":"https:\/\/www.europesays.com\/fr\/wp-json\/wp\/v2\/media?parent=632436"}],"wp:term":[{"taxonomy":"category","embeddable":true,"href":"https:\/\/www.europesays.com\/fr\/wp-json\/wp\/v2\/categories?post=632436"},{"taxonomy":"post_tag","embeddable":true,"href":"https:\/\/www.europesays.com\/fr\/wp-json\/wp\/v2\/tags?post=632436"}],"curies":[{"name":"wp","href":"https:\/\/api.w.org\/{rel}","templated":true}]}}