{"id":632438,"date":"2025-12-31T16:09:12","date_gmt":"2025-12-31T16:09:12","guid":{"rendered":"https:\/\/www.europesays.com\/fr\/632438\/"},"modified":"2025-12-31T16:09:12","modified_gmt":"2025-12-31T16:09:12","slug":"metropole-de-lyon-cette-marque-de-soie-lyonnaise-collabore-depuis-trois-saisons-avec-une-serie-netflix","status":"publish","type":"post","link":"https:\/\/www.europesays.com\/fr\/632438\/","title":{"rendered":"M\u00e9tropole de Lyon. Cette marque de soie lyonnaise collabore depuis trois saisons avec une s\u00e9rie Netflix"},"content":{"rendered":"<p>Alors que la cinqui\u00e8me saison de la s\u00e9rie \u00e0 succ\u00e8s Emily in Paris est disponible sur la plateforme de streaming Netflix depuis le 18\u00a0d\u00e9cembre, une deuxi\u00e8me entreprise lyonnaise est \u00e0 l\u2019honneur.<\/p>\n<p>La Maison Malfroy, une marque de soie lyonnaise, pourra ainsi donner de la visibilit\u00e9 \u00e0 ses cr\u00e9ations. Les foulards seront \u00e0 l\u2019\u00e9cran aux c\u00f4t\u00e9s des bijoux d\u2019Helena Joy, une autre marque lyonnaise dont les confections sont \u00e9galement port\u00e9es par les actrices de la s\u00e9rie.<\/p>\n<p>Sollicit\u00e9e, la maison Malfroy apprend au Progr\u00e8s qu\u2019il s\u2019agit d\u00e9j\u00e0 \u00ab\u00a0de la troisi\u00e8me saison\u00a0\u00bb de la s\u00e9rie qui emprunte des pi\u00e8ces \u00e0 l\u2019entreprise bas\u00e9e \u00e0 Saint-Genis-Laval.<\/p>\n<p>Ce contenu est bloqu\u00e9 car vous n&rsquo;avez pas accept\u00e9 les cookies et autres traceurs.<\/p>\n<p>En cliquant sur \u00ab J\u2019accepte \u00bb, les cookies et autres traceurs seront d\u00e9pos\u00e9s et vous pourrez visualiser les contenus  (<a href=\"\" class=\"consentModule_policy\" target=\"_blank\" title=\"Consulter la politique de protection des donn\u00e9es du fournisseur\">plus d&rsquo;informations<\/a>).<\/p>\n<p>En cliquant sur \u00ab J\u2019accepte tous les cookies \u00bb, vous autorisez des d\u00e9p\u00f4ts de cookies et autres traceurs pour le stockage de vos donn\u00e9es sur nos sites et applications \u00e0 des fins de personnalisation et de ciblage publicitaire.<\/p>\n<p class=\"consentModule_secondaryText\">Vous gardez la possibilit\u00e9 de retirer votre consentement \u00e0 tout moment en consultant notre <a href=\"https:\/\/www.leprogres.fr\/protection-des-donnees\" target=\"_blank\" title=\"Consulter notre politique de protection des donn\u00e9es\" rel=\"noopener\">politique de protection des donn\u00e9es<\/a>. <br \/>&#13;<br \/>\n            <a href=\"https:\/\/www.leprogres.fr\/economie\/2025\/12\/31\/javascript:Didomi.notice.show()\" class=\"consentModule_cmp\" target=\"_blank\" rel=\"noopener\">G\u00e9rer mes choix<\/a>&#13;\n        <\/p>\n<p>&#13;<br \/>\n                        J&rsquo;accepte&#13;<br \/>\n            J&rsquo;accepte tous les cookies&#13;\n        <\/p>\n<p>Visible \u00e0 l\u2019\u00e9pisode 2 de cette cinqui\u00e8me saison, la pi\u00e8ce en question est un bandeau de soie intitul\u00e9 \u00ab\u00a0Les coquelicots\u00a0\u00bb.<\/p>\n<p>Le design est inspir\u00e9 de l\u2019esth\u00e9tique japonisante de l\u2019artiste Lil Sire d\u00e9crit comme un \u00ab\u00a0univers graphique onirique et color\u00e9\u00a0\u00bb par la maison Malfroy. Le carr\u00e9 de soie est port\u00e9 par Lily Colins, actrice star de la s\u00e9rie qui incarne le r\u00f4le principal d\u2019Emily.<\/p>\n<p>  Une entreprise de soie depuis 1939<\/p>\n<p>La maison Malfroy existe dans le paysage de la soie lyonnaise depuis 1939. \u00c0 l\u2019\u00e9poque, Andr\u00e9 Malfroy et Jean Million s\u2019associent pour fonder Malfroy Million, entreprise de soieries sp\u00e9cialis\u00e9e dans le foulard imprim\u00e9. \u00c0 leurs d\u00e9buts, les deux associ\u00e9s d\u00e9cident de s\u2019installer dans l\u2019embl\u00e9matique quartier des Terreaux.<\/p>\n<p>Depuis plusieurs ann\u00e9es, l\u2019entreprise collabore avec diff\u00e9rents sites de production install\u00e9s \u00e0 Roanne et \u00e0 Come, en Italie.<\/p>\n<p>Outre des partenariats avec des influenceuses telles que Louise Sagan, l\u2019entreprise habille \u00e9galement des personnalit\u00e9s plus locales telles que C\u00e9cile Sim\u00e9one, une ancienne animatrice TV originaire d\u2019Oullins.<\/p>\n","protected":false},"excerpt":{"rendered":"Alors que la cinqui\u00e8me saison de la s\u00e9rie \u00e0 succ\u00e8s Emily in Paris est disponible sur la plateforme&hellip;\n","protected":false},"author":2,"featured_media":632439,"comment_status":"","ping_status":"","sticky":false,"template":"","format":"standard","meta":{"footnotes":""},"categories":[1889],"tags":[1111,11,1477,2430,650,1687,33,3154,1777,674,1011,27,1757,2428,15108,985,12,2661,25,5151,5152,3151,216],"class_list":{"0":"post-632438","1":"post","2":"type-post","3":"status-publish","4":"format-standard","5":"has-post-thumbnail","7":"category-lyon","8":"tag-actu","9":"tag-actualites","10":"tag-artisanat","11":"tag-auvergne-rhone-alpes","12":"tag-cinema","13":"tag-culture-loisirs","14":"tag-economie","15":"tag-edition-sud-lyonnais","16":"tag-eu","17":"tag-europe","18":"tag-fr","19":"tag-france","20":"tag-insolite","21":"tag-lyon","22":"tag-magazine-lifestyle","23":"tag-mode","24":"tag-news","25":"tag-patrimoine-culturel","26":"tag-republique-francaise","27":"tag-saint-genis-laval","28":"tag-saint-genis-laval-ville","29":"tag-selection-de-la-redaction-69","30":"tag-vie-des-entreprises"},"share_on_mastodon":{"url":"https:\/\/pubeurope.com\/@fr\/115815052927147958","error":""},"_links":{"self":[{"href":"https:\/\/www.europesays.com\/fr\/wp-json\/wp\/v2\/posts\/632438","targetHints":{"allow":["GET"]}}],"collection":[{"href":"https:\/\/www.europesays.com\/fr\/wp-json\/wp\/v2\/posts"}],"about":[{"href":"https:\/\/www.europesays.com\/fr\/wp-json\/wp\/v2\/types\/post"}],"author":[{"embeddable":true,"href":"https:\/\/www.europesays.com\/fr\/wp-json\/wp\/v2\/users\/2"}],"replies":[{"embeddable":true,"href":"https:\/\/www.europesays.com\/fr\/wp-json\/wp\/v2\/comments?post=632438"}],"version-history":[{"count":0,"href":"https:\/\/www.europesays.com\/fr\/wp-json\/wp\/v2\/posts\/632438\/revisions"}],"wp:featuredmedia":[{"embeddable":true,"href":"https:\/\/www.europesays.com\/fr\/wp-json\/wp\/v2\/media\/632439"}],"wp:attachment":[{"href":"https:\/\/www.europesays.com\/fr\/wp-json\/wp\/v2\/media?parent=632438"}],"wp:term":[{"taxonomy":"category","embeddable":true,"href":"https:\/\/www.europesays.com\/fr\/wp-json\/wp\/v2\/categories?post=632438"},{"taxonomy":"post_tag","embeddable":true,"href":"https:\/\/www.europesays.com\/fr\/wp-json\/wp\/v2\/tags?post=632438"}],"curies":[{"name":"wp","href":"https:\/\/api.w.org\/{rel}","templated":true}]}}