{"id":632442,"date":"2025-12-31T16:12:10","date_gmt":"2025-12-31T16:12:10","guid":{"rendered":"https:\/\/www.europesays.com\/fr\/632442\/"},"modified":"2025-12-31T16:12:10","modified_gmt":"2025-12-31T16:12:10","slug":"des-stations-de-metro-fermees-a-proximite-des-champs-elysees","status":"publish","type":"post","link":"https:\/\/www.europesays.com\/fr\/632442\/","title":{"rendered":"des stations de m\u00e9tro ferm\u00e9es \u00e0 proximit\u00e9 des Champs-\u00c9lys\u00e9es"},"content":{"rendered":"<p>                    Par<br \/>\n        <strong><br \/>\n            <a href=\"https:\/\/actu.fr\/auteur\/redaction-paris\" title=\"Consulter tous les articles de R\u00e9daction Paris\" target=\"_blank\" rel=\"noopener\">R\u00e9daction Paris<\/a><br \/>\n                    <\/strong><\/p>\n<p>        Publi\u00e9 le<\/p>\n<p>            31 d\u00e9c. 2025 \u00e0 16h48        <\/p>\n<p>Les festivit\u00e9s du <a href=\"https:\/\/actu.fr\/tag\/nouvel-an-a-paris\" target=\"_blank\" rel=\"noopener\">Nouvel an \u00e0 Paris<\/a> se feront sous <strong>haute surveillance<\/strong> avec <a href=\"https:\/\/actu.fr\/ile-de-france\/paris_75056\/carte-nouvel-an-a-paris-sur-les-champs-elysees-un-dispositif-de-securite-et-de-circulation-renforce_63634371.html\" target=\"_blank\" rel=\"noopener\">10\u2009000 policiers<\/a> d\u00e9ploy\u00e9s dans la capitale, les Hauts-de-Seine, la Seine-Saint-Denis et le Val-de-Marne dans la nuit du 31\u00a0d\u00e9cembre 2025 au 1er\u00a0janvier 2026.<\/p>\n<p class=\" wall-content\">Une pr\u00e9sence importante des forces de l\u2019ordre qui s\u2019accompagne d\u2019un \u00ab\u2009dispositif de s\u00e9curisation et de circulation\u2009\u00bb aux abords des Champs-\u00c9lys\u00e9es et de l\u2019Arc de Triomphe, bien qu<a href=\"https:\/\/actu.fr\/ile-de-france\/paris_75056\/paris-le-concert-du-nouvel-an-sur-les-champs-elysees-annule-pour-des-raisons-de-securite_63522117.html\" target=\"_blank\" rel=\"noopener\">\u2019aucun concert <\/a>ne soit pr\u00e9vu sur la plus belle avenue du monde. Dans ce cadre malgr\u00e9 tout, plusieurs stations de m\u00e9tro et RER seront ferm\u00e9es au public sur ordre de la pr\u00e9fecture de Police de Paris.<\/p>\n<p>Les stations ferm\u00e9es au public<\/p>\n<ul class=\" wall-content\">\n<li>Depuis 14\u00a0heures, la station <a href=\"https:\/\/actu.fr\/ile-de-france\/paris_75056\/ratp-la-prefecture-de-police-fait-fermer-une-station-du-rer-a-a-paris-par-mesure-de-securite_63638617.html\" target=\"_blank\" rel=\"noopener\">Charles de Gaulle-\u00c9toile<\/a> sur le RER A<\/li>\n<li>Depuis 16\u00a0heures, les stations Concorde, Tuileries, Champs-\u00c9lys\u00e9es-Cl\u00e9menceau, Franklin D. Roosevelt, Georges V et Argentine sur les lignes 1, 8 et 12 et Kl\u00e9ber sur la ligne 6<\/li>\n<li>Depuis 16\u00a0heures \u00e9galement, les stations Franklin Roosevelt, Iena et Saint-Philippe du Roule<\/li>\n<li>Depuis 17 heures : la gare Pont de l\u2019Alma est ferm\u00e9e sur le RER C<\/li>\n<li>\u00c0 partir de 21\u00a0heures, aucun train ne s\u2019arr\u00eatera \u00e0 Dupleix et Passy sur la ligne 6<\/li>\n<li>\u00c0 partir de 00h10, sur la 2, l\u2019arr\u00eat Ternes ne sera plus desservi sur la ligne 2<\/li>\n<li><strong>D\u00e8s 1h30<\/strong> (et jusqu\u2019\u00e0 5h30), ces arr\u00eats de la ligne 1 ne seront pas desservis : B\u00e9rault, Saint-Mand\u00e9, Porte de Vincennes, Reuilly-Diderot, Saint-Paul, H\u00f4tel de Ville, Louvre \u2013 Rivoli, Palais Royal, Les Sablons et Esplanade de la D\u00e9fense. De m\u00eame sur la ligne 2, o\u00f9 les arr\u00eats Avron, Alexandre-Dumas, Philippe Auguste, M\u00e9nilmontant, Couronnes, Colonel Fabien, Jaur\u00e8s, Stalingrad, Blanche, Rome, Villiers, Monceau, Courcelles et Victor Hugo ne seront pas desservis pas jusqu\u2019\u00e0 5h30. Idem pour la ligne 6 et ses arr\u00eats Raspail, Corvisart, Chevaleret, Dugommier, Daumesnil (F\u00e9lix Ebou\u00e9), Quai de la Gare, Pasteur, Picpus, Edgar-Quinet, Saint-Jacques, Boissi\u00e8re, Nationale, Bel-Air, S\u00e8vres-Lecourbe et Glaci\u00e8re. Et la 9, o\u00f9 les m\u00e9tros ne marqueront pas l\u2019arr\u00eat \u00e0 Billancourt, Marcel Sembat, Exelmans, Michel-Ange \u2013 Molitor, Michel-Ange \u2013 Auteuil, Jasmin, Ranelagh, Rue de la Pompe, Miromesnil, Chauss\u00e9e d\u2019Antin \u2013 La Fayette, Richelieu \u2013 Drouot, Bonne Nouvelle, R\u00e9publique, Saint-Ambroise, Voltaire, Charonne, Rue des Boulets, Buzenval, Mara\u00eechers, Robespierre et Croix de Chavaux.<\/li>\n<\/ul>\n<p class=\" wall-content\">Personnalisez votre actualit\u00e9 en ajoutant vos villes et m\u00e9dias en favori avec <a href=\"https:\/\/moncompte.actu.fr\" title=\"D\u00e9couvez Mon Actu\" rel=\"nofollow noopener\" data-trk=\"{&quot;cta&quot;:{&quot;action&quot;:&quot;https:\\\/\\\/moncompte.actu.fr&quot;,&quot;category&quot;:&quot;mon compte&quot;,&quot;from&quot;:&quot;article footer&quot;,&quot;name&quot;:&quot;Mon actu&quot;,&quot;type&quot;:&quot;cta&quot;}}\" target=\"_blank\">Mon Actu<\/a>.<\/p>\n","protected":false},"excerpt":{"rendered":"Par R\u00e9daction Paris Publi\u00e9 le 31 d\u00e9c. 2025 \u00e0 16h48 Les festivit\u00e9s du Nouvel an \u00e0 Paris se&hellip;\n","protected":false},"author":2,"featured_media":632443,"comment_status":"","ping_status":"","sticky":false,"template":"","format":"standard","meta":{"footnotes":""},"categories":[1888],"tags":[1111,1928,11,1927,6984,1777,674,1011,27,12,1926,68950,626,1925,625,25,104],"class_list":{"0":"post-632442","1":"post","2":"type-post","3":"status-publish","4":"format-standard","5":"has-post-thumbnail","7":"category-paris","8":"tag-actu","9":"tag-actu-paris","10":"tag-actualites","11":"tag-actualites-paris","12":"tag-champs-elysees","13":"tag-eu","14":"tag-europe","15":"tag-fr","16":"tag-france","17":"tag-news","18":"tag-news-paris","19":"tag-nouvel-an-a-paris","20":"tag-paris","21":"tag-paris-news","22":"tag-ratp","23":"tag-republique-francaise","24":"tag-societe"},"share_on_mastodon":{"url":"https:\/\/pubeurope.com\/@fr\/115815064993500091","error":""},"_links":{"self":[{"href":"https:\/\/www.europesays.com\/fr\/wp-json\/wp\/v2\/posts\/632442","targetHints":{"allow":["GET"]}}],"collection":[{"href":"https:\/\/www.europesays.com\/fr\/wp-json\/wp\/v2\/posts"}],"about":[{"href":"https:\/\/www.europesays.com\/fr\/wp-json\/wp\/v2\/types\/post"}],"author":[{"embeddable":true,"href":"https:\/\/www.europesays.com\/fr\/wp-json\/wp\/v2\/users\/2"}],"replies":[{"embeddable":true,"href":"https:\/\/www.europesays.com\/fr\/wp-json\/wp\/v2\/comments?post=632442"}],"version-history":[{"count":0,"href":"https:\/\/www.europesays.com\/fr\/wp-json\/wp\/v2\/posts\/632442\/revisions"}],"wp:featuredmedia":[{"embeddable":true,"href":"https:\/\/www.europesays.com\/fr\/wp-json\/wp\/v2\/media\/632443"}],"wp:attachment":[{"href":"https:\/\/www.europesays.com\/fr\/wp-json\/wp\/v2\/media?parent=632442"}],"wp:term":[{"taxonomy":"category","embeddable":true,"href":"https:\/\/www.europesays.com\/fr\/wp-json\/wp\/v2\/categories?post=632442"},{"taxonomy":"post_tag","embeddable":true,"href":"https:\/\/www.europesays.com\/fr\/wp-json\/wp\/v2\/tags?post=632442"}],"curies":[{"name":"wp","href":"https:\/\/api.w.org\/{rel}","templated":true}]}}