{"id":632446,"date":"2025-12-31T16:14:12","date_gmt":"2025-12-31T16:14:12","guid":{"rendered":"https:\/\/www.europesays.com\/fr\/632446\/"},"modified":"2025-12-31T16:14:12","modified_gmt":"2025-12-31T16:14:12","slug":"quinte-du-jeudi-1er-janvier-2026-a-vincennes-les-pronostics","status":"publish","type":"post","link":"https:\/\/www.europesays.com\/fr\/632446\/","title":{"rendered":"Quint\u00e9 du jeudi 1er janvier 2026 \u00e0 Vincennes : les pronostics"},"content":{"rendered":"<p class=\"article-p mdl\">Retrouvez les pronostics de Dominique Cordier pour le Quint\u00e9 du jeudi 1er janvier 2026 \u00e0 Vincennes, le Prix Dominik Cordeau, Prix d\u2019Angoul\u00eame. <strong>D\u00e9part \u00e0 15h15. Trot attel\u00e9. 16 partants. <\/strong>Course europ\u00e9enne. 2.100 m\u00e8tres. Grande piste. D\u00e9part \u00e0 l\u2019autostart. Trotteurs de 5 et 6 ans.&#13;<\/p>\n<p class=\"article-p mdl\">Venant de s\u2019imposer sur ce parcours dans un chrono canon, o\u00f9 il devan\u00e7ait notamment le <strong>7 Fellow Wise As<\/strong>, le<strong> 3 Kuiper<\/strong> peut \u00eatre repris en confiance dans ce Quint\u00e9 relev\u00e9.&#13;<\/p>\n<p class=\"article-p mdl\">Le<strong> 9 Lord du Gers <\/strong>aurait sans doute eu une premi\u00e8re chance avec un num\u00e9ro plus \u00e0 l\u2019int\u00e9rieur, mais doit \u00eatre retenu, tandis que l\u2019outsider de RTL, le<strong> 6 Libert\u00e9 de Choisel,<\/strong> est une jument toute neuve (elle n\u2019a couru que 12 fois, pour 9 victoires), qui n\u2019aura contre elle que de d\u00e9couvrir une distance aussi courte et le mode de d\u00e9part. Mais elle reste p\u00e9trie de qualit\u00e9s.&#13;<\/p>\n<p class=\"article-p mdl\">Le <strong>8 Rikita JP v<\/strong>ient d\u2019\u00eatre battue de peu sur ce parcours, alors qu\u2019elle faisait sa rentr\u00e9e. Une confirmation est probable de sa part.&#13;<\/p>\n<p class=\"article-p mdl\">Au second rideau, on fera confiance essentiellement au <strong>12 Omerta Boko<\/strong>, \u00e9tincelant sur les parcours de tenue ici r\u00e9cemment, mais meilleur sur la vitesse.<\/p>\n<p>            Les pronostics<\/p>\n<p class=\"article-p mdl\">3. Kuiper&#13;<br \/>7. Fellow Wise As&#13;<br \/>9. Lord du Gers&#13;<br \/>6. Libert\u00e9 de Choisel&#13;<br \/>5. Kika Josselyn&#13;<br \/>8. Rikita Jp&#13;<br \/>12. Omerta Boko<\/p>\n<p>            L&rsquo;outsider de RTL<\/p>\n<p class=\"article-p mdl\">6. Libert\u00e9 de Choisel<\/p>\n<p>            R\u00e9sultats du mardi 30 d\u00e9cembre 2025 \u00e0 Deauville<\/p>\n<p class=\"article-p mdl\">Respectivement dernier et avant-dernier, l\u2019outsider et le favori du RTL ont mal couru, ce qui est un euph\u00e9misme.<\/p>\n<p>    La r\u00e9daction vous recommande<\/p>\n<p class=\"s-newsletter__title\">\n                L\u2019actualit\u00e9 par la r\u00e9daction de RTL dans votre bo\u00eete mail.\n            <\/p>\n<p class=\"s-newsletter__subtitle\">\n                Gr\u00e2ce \u00e0 votre compte RTL abonnez-vous \u00e0 la newsletter RTL info pour suivre toute l&rsquo;actualit\u00e9 au quotidien\n            <\/p>\n<p>\n                                    Lire la suite\n                                <\/p>\n","protected":false},"excerpt":{"rendered":"Retrouvez les pronostics de Dominique Cordier pour le Quint\u00e9 du jeudi 1er janvier 2026 \u00e0 Vincennes, le Prix&hellip;\n","protected":false},"author":2,"featured_media":3836,"comment_status":"","ping_status":"","sticky":false,"template":"","format":"standard","meta":{"footnotes":""},"categories":[1888],"tags":[11,2621,2622,1777,674,107,2619,1011,27,12,626,2623,362,25],"class_list":{"0":"post-632446","1":"post","2":"type-post","3":"status-publish","4":"format-standard","5":"has-post-thumbnail","7":"category-paris","8":"tag-actualites","9":"tag-chevaux","10":"tag-courses","11":"tag-eu","12":"tag-europe","13":"tag-fil-info","14":"tag-fil-sport","15":"tag-fr","16":"tag-france","17":"tag-news","18":"tag-paris","19":"tag-quinte","20":"tag-replay","21":"tag-republique-francaise"},"share_on_mastodon":{"url":"https:\/\/pubeurope.com\/@fr\/115815072980666327","error":""},"_links":{"self":[{"href":"https:\/\/www.europesays.com\/fr\/wp-json\/wp\/v2\/posts\/632446","targetHints":{"allow":["GET"]}}],"collection":[{"href":"https:\/\/www.europesays.com\/fr\/wp-json\/wp\/v2\/posts"}],"about":[{"href":"https:\/\/www.europesays.com\/fr\/wp-json\/wp\/v2\/types\/post"}],"author":[{"embeddable":true,"href":"https:\/\/www.europesays.com\/fr\/wp-json\/wp\/v2\/users\/2"}],"replies":[{"embeddable":true,"href":"https:\/\/www.europesays.com\/fr\/wp-json\/wp\/v2\/comments?post=632446"}],"version-history":[{"count":0,"href":"https:\/\/www.europesays.com\/fr\/wp-json\/wp\/v2\/posts\/632446\/revisions"}],"wp:featuredmedia":[{"embeddable":true,"href":"https:\/\/www.europesays.com\/fr\/wp-json\/wp\/v2\/media\/3836"}],"wp:attachment":[{"href":"https:\/\/www.europesays.com\/fr\/wp-json\/wp\/v2\/media?parent=632446"}],"wp:term":[{"taxonomy":"category","embeddable":true,"href":"https:\/\/www.europesays.com\/fr\/wp-json\/wp\/v2\/categories?post=632446"},{"taxonomy":"post_tag","embeddable":true,"href":"https:\/\/www.europesays.com\/fr\/wp-json\/wp\/v2\/tags?post=632446"}],"curies":[{"name":"wp","href":"https:\/\/api.w.org\/{rel}","templated":true}]}}