{"id":632449,"date":"2025-12-31T16:16:21","date_gmt":"2025-12-31T16:16:21","guid":{"rendered":"https:\/\/www.europesays.com\/fr\/632449\/"},"modified":"2025-12-31T16:16:21","modified_gmt":"2025-12-31T16:16:21","slug":"la-region-pacifique-est-passee-en-2026-voeux-de-victoire-russe-en-ukraine-de-poutine","status":"publish","type":"post","link":"https:\/\/www.europesays.com\/fr\/632449\/","title":{"rendered":"La r\u00e9gion Pacifique est pass\u00e9e en 2026, voeux de \u00ab\u00a0victoire\u00a0\u00bb russe en Ukraine de Poutine"},"content":{"rendered":"\n<p>Les pays du Pacifique ont les premiers c\u00e9l\u00e9br\u00e9 mercredi le passage \u00e0 la nouvelle ann\u00e9e, qui s&rsquo;annonce toutefois tr\u00e8s incertaine dans les r\u00e9gions en guerre telles l&rsquo;Ukraine, o\u00f9 la Russie croit en sa \u00ab\u00a0victoire\u00a0\u00bb, comme l&rsquo;a martel\u00e9 dans ses voeux Vladimir Poutine, et la bande de Gaza, o\u00f9 la tr\u00eave reste pr\u00e9caire.   <\/p>\n<p>Quelques minutes avant que la p\u00e9ninsule du Kamtchatka, aux confins orientaux de la Russie, n&rsquo;entre \u00e0 son tour en 2026, le pr\u00e9sident russe s&rsquo;est bri\u00e8vement adress\u00e9 \u00e0 ses compatriotes \u00e0 la t\u00e9l\u00e9vision pour f\u00e9liciter \u00ab\u00a0tous nos combattants et nos commandants \u00e0 l&rsquo;approche du nouvel an\u00a0\u00bb. <\/p>\n<p>Avant de lancer : \u00ab\u00a0nous croyons en vous et en notre victoire\u00a0\u00bb dans le conflit ukrainien, qui se poursuit pr\u00e8s de quatre ans apr\u00e8s son d\u00e9clenchement malgr\u00e9 les efforts diplomatiques qu&rsquo;a d\u00e9ploy\u00e9s Donald Trump depuis son retour tonitruant \u00e0 la Maison Blanche. <\/p>\n<p>C&rsquo;est dans les nations du Pacifique que les 12 coups de minuit ont d&rsquo;abord r\u00e9sonn\u00e9, \u00e0 l&rsquo;instar de la Nouvelle-Z\u00e9lande o\u00f9 la capitale Wellington s&rsquo;est illumin\u00e9e de feux d&rsquo;artifice, donnant le coup d&rsquo;envoi \u00e0 une cha\u00eene de festivit\u00e9s dans le monde.<\/p>\n<p>  Festivit\u00e9s assombries \u00e0 Sydney<\/p>\n<p>A Sydney, qui s&rsquo;est proclam\u00e9e \u00ab\u00a0capitale mondiale du Nouvel An\u00a0\u00bb, l&rsquo;\u00e9v\u00e9nement a \u00e9t\u00e9 assombri par l&rsquo;attentat antis\u00e9mite ayant fait 15 morts \u00e0 la mi-d\u00e9cembre sur l&rsquo;une de ses plages embl\u00e9matiques.<\/p>\n<p>Une minute de silence a \u00e9t\u00e9 observ\u00e9e \u00e0 23h00 (12h00 GMT) par la foule, que sillonnaient des patrouilles de policiers lourdement arm\u00e9s, tandis que le c\u00e9l\u00e8bre pont du port s&rsquo;illuminait d&rsquo;une lumi\u00e8re blanche pour symboliser la paix.<\/p>\n<tr>\n<td>\n          <img decoding=\"async\" src=\"https:\/\/www.europesays.com\/fr\/wp-content\/uploads\/2025\/12\/073a5456dd75745d9e803b83c82f4b199ac93680.jpg\" title=\"Des personnes assistent \u00e0 une c\u00e9r\u00e9monie en hommage aux victimes de la fusillade survenue \u00e0 Bondi Beach, le 21 d\u00e9cembre 2025 \u00e0 Sydney, en Australie - AFP\" alt=\"AFP\" onerror=\"this.style.display='none'\"\/>\n        <\/td>\n<td>\n<p class=\"copyright\">\u00a9 AFP<\/p>\n<p class=\"caption\">Des personnes assistent \u00e0 une c\u00e9r\u00e9monie en hommage aux victimes de la fusillade survenue \u00e0 Bondi Beach, le 21 d\u00e9cembre 2025 \u00e0 Sydney, en Australie<\/p>\n<\/td>\n<\/tr>\n<p>\u00ab\u00a0L\u00e0, maintenant, la joie que nous ressentons habituellement au d\u00e9but de la nouvelle ann\u00e9e est temp\u00e9r\u00e9e par la tristesse de l&rsquo;ann\u00e9e \u00e9coul\u00e9e\u00a0\u00bb, a d\u00e9clar\u00e9 le Premier ministre australien, Anthony Albanese, dans un message vid\u00e9o. <\/p>\n<p>Des centaines de milliers de spectateurs se sont mass\u00e9s sur les quais de Sydney pour admirer l&rsquo;\u00e9norme feu d&rsquo;artifice tir\u00e9 \u00e0 minuit, pendant que des bateaux s&rsquo;assuraient les meilleurs emplacements \u00e0 proximit\u00e9 du c\u00e9l\u00e8bre op\u00e9ra. <\/p>\n<p>\u00ab\u00a0J&rsquo;ai toujours r\u00eav\u00e9 d&rsquo;assister \u00e0 ce feu d&rsquo;artifice et je suis ravie d&rsquo;\u00eatre ici\u00a0\u00bb, a confi\u00e9 Susana Suisuikli, une touriste anglaise.<\/p>\n<p>  Annulation \u00e0 Hong Kong<\/p>\n<p>A Hong Kong, le grand feu d&rsquo;artifice pr\u00e9vu dans la baie Victoria a carr\u00e9ment \u00e9t\u00e9 annul\u00e9 en hommage aux 161 personnes mortes dans l&rsquo;incendie d&rsquo;un complexe d&rsquo;habitations en novembre.<\/p>\n<p>Au Br\u00e9sil, \u00e0 Rio de Janeiro, la \u00ab\u00a0plus grande c\u00e9l\u00e9bration du nouvel an\u00a0\u00bb reconnue par le Guiness des records, s&rsquo;annonce grandiose avec 2,5 millions de f\u00eatards sur la plage de Copacabana.<\/p>\n<p>Douze minutes de feux d&rsquo;artifice et 1.200 drones doivent illuminer le ciel carioca. Treize sc\u00e8nes ont \u00e9t\u00e9 install\u00e9es pour des concerts gratuits dans toute la ville.<\/p>\n<p>Certains dirigeants ont commenc\u00e9 \u00e0 \u00e9changer leurs voeux. <\/p>\n<p>Xi Jinping a ainsi salu\u00e9 aupr\u00e8s de Vladimir Poutine une ann\u00e9e 2025 \u00ab\u00a0qui marque un pas en avant dans le partenariat strat\u00e9gique global de coordination Chine-Russie\u00a0\u00bb. <\/p>\n<tr>\n<td>\n          <img decoding=\"async\" src=\"https:\/\/www.europesays.com\/fr\/wp-content\/uploads\/2025\/12\/552cfbe46e09dcbf4c35b5b60eb9ab9b52bc7dbe.jpg\" title=\"Pluie de confettis \u00e0 Times Square, \u00e0 New York, lors des pr\u00e9paratifs du Nouvel An, le 29 d\u00e9cembre 2025 - AFP\" alt=\"AFP\" onerror=\"this.style.display='none'\"\/>\n        <\/td>\n<td>\n<p class=\"copyright\">\u00a9 AFP<\/p>\n<p class=\"caption\">Pluie de confettis \u00e0 Times Square, \u00e0 New York, lors des pr\u00e9paratifs du Nouvel An, le 29 d\u00e9cembre 2025<\/p>\n<\/td>\n<\/tr>\n<p>C\u00f4t\u00e9 am\u00e9ricain, Donald Trump a choisi de se montrer confiant pour 2026, ann\u00e9e d&rsquo;\u00e9lections de mi-mandat. \u00ab\u00a0N&rsquo;est-ce pas agr\u00e9able d&rsquo;avoir une FRONTI\u00c8RE FORTE, pas d&rsquo;inflation, une arm\u00e9e puissante et une \u00e9conomie florissante ? Bonne ann\u00e9e !\u00a0\u00bb, a-t-il \u00e9crit sur le r\u00e9seau Truth Social.<\/p>\n<p>  Le sport et l&rsquo;espace<\/p>\n<p>Les douze mois \u00e0 venir promettent d&rsquo;\u00eatre riches en \u00e9v\u00e9nements sportifs, spatiaux et en d\u00e9bats autour de l&rsquo;intelligence artificielle.<\/p>\n<p>Le Mondial de football va changer de dimension avec 48 \u00e9quipes, 104 matches et trois pays-h\u00f4tes (Etats-Unis, Mexique, Canada). Il s&rsquo;\u00e9talera sur pr\u00e8s de six semaines &#8211; du 11 juin au 19 juillet &#8211; dans 16 stades \u00e9loign\u00e9s parfois de milliers de kilom\u00e8tres les uns des autres. <\/p>\n<tr>\n<td>\n          <img decoding=\"async\" src=\"https:\/\/www.europesays.com\/fr\/wp-content\/uploads\/2025\/12\/ec75c199ce66e7cf3a9f5040c0d963c140346e51.jpg\" title=\"D\u00e9collage d'Apollo 11 le 16 juillet 1969 avec Neil A. Armstrong, Michael Collins, et Edwin E. Aldrin \u00e0 son bord - NASA\/AFP\/Archives\" alt=\"NASA\/AFP\/Archives\" onerror=\"this.style.display='none'\"\/>\n        <\/td>\n<td>\n<p class=\"copyright\">\u00a9 NASA\/AFP\/Archives<\/p>\n<p class=\"caption\">D\u00e9collage d&rsquo;Apollo 11 le 16 juillet 1969 avec Neil A. Armstrong, Michael Collins, et Edwin E. Aldrin \u00e0 son bord<\/p>\n<\/td>\n<\/tr>\n<p>Plus de 50 ans apr\u00e8s la derni\u00e8re mission lunaire du programme Apollo, 2026 pourrait aussi \u00eatre l&rsquo;ann\u00e9e de l&rsquo;envoi d&rsquo;engins habit\u00e9s \u00e0 proximit\u00e9 de la Lune.<\/p>\n<p>Report\u00e9e \u00e0 plusieurs reprises, la mission am\u00e9ricaine Art\u00e9mis 2, au cours de laquelle des astronautes doivent voyager autour de cet astre sans y atterrir, est maintenant pr\u00e9vue pour le d\u00e9but de l&rsquo;ann\u00e9e, avril au plus tard.<\/p>\n<p>Les inqui\u00e9tudes suscit\u00e9es par l&rsquo;IA &#8211; aliment\u00e9es par des exemples de d\u00e9sinformation, des accusations de violation de droits d&rsquo;auteur, des licenciements massifs, des \u00e9tudes sur son lourd impact environnemental &#8211; pourraient s&rsquo;intensifier. Des investisseurs craignent notamment que l&rsquo;engouement pour cette technologie ne soit qu&rsquo;une bulle sp\u00e9culative.<\/p>\n<p>Selon le cabinet am\u00e9ricain Gartner, les d\u00e9penses mondiales dans l&rsquo;IA devraient d\u00e9passer les 2.000 milliards en 2026.<\/p>\n<p>Pr\u00e9occupations aussi quant \u00e0 la poursuite des ph\u00e9nom\u00e8nes m\u00e9t\u00e9orologiques extr\u00eames survenus en 2025, des feux de for\u00eat en Europe \u00e0 la s\u00e9cheresse en Afrique et aux inondations meurtri\u00e8res en Asie, aggrav\u00e9s par le d\u00e9r\u00e8glement climatique que provoquent les activit\u00e9s humaines.<\/p>\n","protected":false},"excerpt":{"rendered":"Les pays du Pacifique ont les premiers c\u00e9l\u00e9br\u00e9 mercredi le passage \u00e0 la nouvelle ann\u00e9e, qui s&rsquo;annonce toutefois&hellip;\n","protected":false},"author":2,"featured_media":632450,"comment_status":"","ping_status":"","sticky":false,"template":"","format":"standard","meta":{"footnotes":""},"categories":[1591],"tags":[11,1887,12,1885,1886,132],"class_list":{"0":"post-632449","1":"post","2":"type-post","3":"status-publish","4":"format-standard","5":"has-post-thumbnail","7":"category-russie","8":"tag-actualites","9":"tag-federation-de-russie","10":"tag-news","11":"tag-russia","12":"tag-russian-federation","13":"tag-russie"},"share_on_mastodon":{"url":"https:\/\/pubeurope.com\/@fr\/115815080761327234","error":""},"_links":{"self":[{"href":"https:\/\/www.europesays.com\/fr\/wp-json\/wp\/v2\/posts\/632449","targetHints":{"allow":["GET"]}}],"collection":[{"href":"https:\/\/www.europesays.com\/fr\/wp-json\/wp\/v2\/posts"}],"about":[{"href":"https:\/\/www.europesays.com\/fr\/wp-json\/wp\/v2\/types\/post"}],"author":[{"embeddable":true,"href":"https:\/\/www.europesays.com\/fr\/wp-json\/wp\/v2\/users\/2"}],"replies":[{"embeddable":true,"href":"https:\/\/www.europesays.com\/fr\/wp-json\/wp\/v2\/comments?post=632449"}],"version-history":[{"count":0,"href":"https:\/\/www.europesays.com\/fr\/wp-json\/wp\/v2\/posts\/632449\/revisions"}],"wp:featuredmedia":[{"embeddable":true,"href":"https:\/\/www.europesays.com\/fr\/wp-json\/wp\/v2\/media\/632450"}],"wp:attachment":[{"href":"https:\/\/www.europesays.com\/fr\/wp-json\/wp\/v2\/media?parent=632449"}],"wp:term":[{"taxonomy":"category","embeddable":true,"href":"https:\/\/www.europesays.com\/fr\/wp-json\/wp\/v2\/categories?post=632449"},{"taxonomy":"post_tag","embeddable":true,"href":"https:\/\/www.europesays.com\/fr\/wp-json\/wp\/v2\/tags?post=632449"}],"curies":[{"name":"wp","href":"https:\/\/api.w.org\/{rel}","templated":true}]}}