{"id":632451,"date":"2025-12-31T16:17:15","date_gmt":"2025-12-31T16:17:15","guid":{"rendered":"https:\/\/www.europesays.com\/fr\/632451\/"},"modified":"2025-12-31T16:17:15","modified_gmt":"2025-12-31T16:17:15","slug":"en-direct-guerre-en-ukraine-moscou-publie-une-video-dun-drone-qui-aurait-vise-la-residence-de-poutine","status":"publish","type":"post","link":"https:\/\/www.europesays.com\/fr\/632451\/","title":{"rendered":"EN DIRECT &#8211; Guerre en Ukraine : Moscou publie une vid\u00e9o d&rsquo;un drone qui aurait vis\u00e9 la r\u00e9sidence de Poutine"},"content":{"rendered":"<ul class=\"jsx-862013697 ArticleChapo__List\">\n<li class=\"jsx-862013697 ArticleChapo__List_Item flex\">L&rsquo;arm\u00e9e russe r\u00e9it\u00e8re ce mercredi ses accusations affirmant que l&rsquo;Ukraine a attaqu\u00e9 avec des drones une r\u00e9sidence de Poutine, publiant une vid\u00e9o montrant un appareil qui aurait \u00e9t\u00e9 abattu lors de cette attaque.<\/li>\n<li class=\"jsx-862013697 ArticleChapo__List_Item flex\">Kiev a point\u00e9 mardi l&rsquo;absence de preuves \u00e9tayant les accusations de Moscou.<\/li>\n<li class=\"jsx-862013697 ArticleChapo__List_Item flex\">Suivez les derni\u00e8res informations.<\/li>\n<\/ul>\n<p><a href=\"https:\/\/www.tf1info.fr\/actualite\/guerre-ukraine-russie-une-rencontre-donald-trump-vladimir-poutine-historique-le-vendredi-15-aout-2025-en-alaska-sans-volodymyr-zelensky-14326\/\" rel=\"noopener\" class=\"jsx-484472199 Link jsx-1428418400 jsx-554215408\" target=\"_blank\"><\/p>\n<p style=\"font-weight:400\" class=\"jsx-1837267516\">Suivez la couverture compl\u00e8te<\/p>\n<p style=\"font-weight:800\" class=\"jsx-1837267516\">Ukraine-Russie : en marge des n\u00e9gociations, des attaques <\/p>\n<p><\/a>Les \u00e9l\u00e9ments marquantsVID\u00c9O RUSSE11:57<\/p>\n<p>Voici les images diffus\u00e9es aujourd&rsquo;hui par la Russie, cens\u00e9es montrer un appareil qui aurait \u00e9t\u00e9 abattu lors de la pr\u00e9sum\u00e9e attaque de la r\u00e9sidence du pr\u00e9sident Vladimir Poutine avec des drones ukrainiens (que Kiev d\u00e9ment).<\/p>\n<p>Moscou publie une vid\u00e9o d&rsquo;un drone qui aurait \u00e9t\u00e9 utilis\u00e9 par KievSource : TF1 Info<\/p>\n<p><img decoding=\"async\" src=\"https:\/\/www.europesays.com\/fr\/wp-content\/uploads\/2025\/12\/moscou-publie-une-video-d-un-drone-qui-aurait-ete-utilise-par-kiev-c45bc6-0@1x.jpeg\" alt=\"Moscou publie une vid\u00e9o d'un drone qui aurait \u00e9t\u00e9 utilis\u00e9 par Kiev\" loading=\"lazy\" importance=\"low\" fetchpriority=\"low\" class=\"\"\/><img decoding=\"async\" src=\"https:\/\/www.tf1info.fr\/images\/icons\/player-logo-play.svg\" alt=\"Logo lecture\" class=\"jsx-d0de44c05fe3042c PlayerLazyload__Play\"\/>Minute par minute \u00ab\u00a0BONNE ANN\u00c9E, CHERS UKRAINIENS !\u00a0\u00bb17:04<\/p>\n<p>Volodymyr Zelensky a adress\u00e9 ses voeux \u00e0 ses compatriotes dans un message publi\u00e9 sur X. \u00ab\u00a0Une autre ann\u00e9e s&rsquo;ach\u00e8ve, une ann\u00e9e durement gagn\u00e9e gr\u00e2ce au d\u00e9vouement et \u00e0 la t\u00e9nacit\u00e9, aux principes et aux efforts quotidiens des Ukrainiens\u00a0\u00bb, \u00e9crit-il notamment. \u00ab\u00a0Nous croyons en la paix, nous nous battons pour elle et nous travaillons \u00e0 la r\u00e9aliser. Bonne ann\u00e9e, chers Ukrainiens !\u00a0\u00bb, ajoute le pr\u00e9sident Zelensky.<\/p>\n<blockquote data-testid=\"EmbedTwitter\" id=\"tweet-2006379939595985301-:R762jb96cmj9v79m:\" class=\"jsx-aeff1a1c40f54d7a twitter-tweet flex justify-center items-center\"><p>Another year is passing, hard-won through dedication and tenacity, through principles and the daily effort of Ukrainians. This year was made possible thanks to our defenders \u2013 those who stood their ground not only for Ukraine, but also for all who value freedom and dignity.\u2026  pic.twitter.com\/cFA6tfJVlg \u2014 Volodymyr Zelenskyy \/ \u0412\u043e\u043b\u043e\u0434\u0438\u043c\u0438\u0440 \u0417\u0435\u043b\u0435\u043d\u0441\u044c\u043a\u0438\u0439 (@ZelenskyyUa)  December 31, 2025<\/p><\/blockquote>\n<p>L&rsquo;ARGUMENTAIRE DE MOSCOU CONTEST\u00c915:40<\/p>\n<p>Moscou affirme que la r\u00e9sidence de Vladimir Poutine a \u00e9t\u00e9 la cible d&rsquo;un essaim de dizaines de drones envoy\u00e9s par les Ukrainiens. Toutefois, il n&rsquo;existe aucune image vid\u00e9o qui prouve ces accusations. Les explications compl\u00e8tes de Ga\u00ebtan Powis, journaliste d\u00e9fense pour Air&amp;Cosmos, sont \u00e0 retrouver dans cet article.<\/p>\n<p>International<\/p>\n<p>VU SUR LCI<\/p>\n<p><img decoding=\"async\" src=\"https:\/\/www.europesays.com\/fr\/wp-content\/uploads\/2025\/12\/residence-poutine-valdai-55fd6b-0@1x.jpeg\" alt=\"Une des r\u00e9sidences de Vladimir Poutine situ\u00e9e \u00e0 Valda\u00ef, entre Moscou et Saint-P\u00e9tersbourg. \" loading=\"lazy\" importance=\"low\" fetchpriority=\"low\" class=\"\" aria-hidden=\"true\"\/><\/p>\n<p>Publi\u00e9 aujourd&rsquo;hui \u00e0 15h27<\/p>\n<p>QUELLE EST CETTE PR\u00c9TENDUE \u00ab\u00a0PREUVE\u00a0\u00bb D&rsquo;UNE ATTAQUE UKRAINIENNE ?15:23<\/p>\n<p>La Russie affirme que l&rsquo;Ukraine a attaqu\u00e9 avec des drones une r\u00e9sidence de Vladimir Poutine et a publi\u00e9 ce mercredi une vid\u00e9o montrant un appareil qui aurait \u00e9t\u00e9 abattu. Kiev d\u00e9nonce ces accusations et les qualifie de mensong\u00e8res.<\/p>\n<p>International<img decoding=\"async\" src=\"https:\/\/www.europesays.com\/fr\/wp-content\/uploads\/2025\/12\/video-armee-russe-drone-ukrainien-pretendue-attaque-31-decembre-2025-479d86-0@1x.jpeg\" alt=\"La Russie publie le 31 d\u00e9cembre 2025 une vid\u00e9o montrant un drone qui aurait \u00e9t\u00e9 abattu lors d'une attaque d'une r\u00e9sidence de Poutine attribu\u00e9e \u00e0 l'Ukraine.\" loading=\"lazy\" importance=\"low\" fetchpriority=\"low\" class=\"\" aria-hidden=\"true\"\/><\/p>\n<p>Publi\u00e9 aujourd&rsquo;hui \u00e0 14h53<\/p>\n<p>V\u0152UX DE POUTINE13:12<\/p>\n<p>Le pr\u00e9sident russe Vladimir Poutine dit que la Russie croit en sa \u00ab\u00a0victoire\u00a0\u00bb en Ukraine, lors de ses v\u0153ux du Nouvel An. \u00ab\u00a0Je f\u00e9licite tous nos combattants et nos commandants \u00e0 l&rsquo;approche du nouvel an. Nous croyons en vous et en notre victoire\u00a0\u00bb, a-t-il d\u00e9clar\u00e9 dans une br\u00e8ve allocution diffus\u00e9e \u00e0 la t\u00e9l\u00e9vision. \u00ab\u00a0Des millions de personnes \u00e0 travers toute la Russie, croyez-moi, pensent \u00e0 vous\u00a0\u00bb, a d\u00e9clar\u00e9 M. Poutine, appelant ses concitoyens \u00e0 soutenir les \u00ab\u00a0h\u00e9ros\u00a0\u00bb qui se battent sur le front.<\/p>\n<p>VID\u00c9O RUSSE11:57<\/p>\n<p>Voici les images diffus\u00e9es aujourd&rsquo;hui par la Russie, cens\u00e9es montrer un appareil qui aurait \u00e9t\u00e9 abattu lors de la pr\u00e9sum\u00e9e attaque de la r\u00e9sidence du pr\u00e9sident Vladimir Poutine avec des drones ukrainiens (que Kiev d\u00e9ment).<\/p>\n<p>Moscou publie une vid\u00e9o d&rsquo;un drone qui aurait \u00e9t\u00e9 utilis\u00e9 par KievSource : TF1 Info<\/p>\n<p><img decoding=\"async\" src=\"https:\/\/www.europesays.com\/fr\/wp-content\/uploads\/2025\/12\/moscou-publie-une-video-d-un-drone-qui-aurait-ete-utilise-par-kiev-c45bc6-0@1x.jpeg\" alt=\"Moscou publie une vid\u00e9o d'un drone qui aurait \u00e9t\u00e9 utilis\u00e9 par Kiev\" loading=\"lazy\" importance=\"low\" fetchpriority=\"low\" class=\"\"\/><img decoding=\"async\" src=\"https:\/\/www.tf1info.fr\/images\/icons\/player-logo-play.svg\" alt=\"Logo lecture\" class=\"jsx-d0de44c05fe3042c PlayerLazyload__Play\"\/>L&rsquo;UE ACCUSE LA RUSSIE DE \u00ab\u00a0DIVERSION\u00a0\u00bb11:46<\/p>\n<p>La cheffe de la diplomatie europ\u00e9enne, Kaja Kallas, a accus\u00e9 mercredi la Russie de chercher \u00e0 faire \u00ab\u00a0d\u00e9railler\u00a0\u00bb les efforts de paix avec l&rsquo;Ukraine, en avan\u00e7ant des accusations \u00ab\u00a0infond\u00e9es\u00a0\u00bb sur une attaque visant une r\u00e9sidence du pr\u00e9sident Vladimir Poutine. \u00ab\u00a0L&rsquo;affirmation de la Russie selon laquelle l&rsquo;Ukraine aurait r\u00e9cemment pris pour cible des sites gouvernementaux cl\u00e9s en Russie a pour but de faire diversion\u00a0\u00bb, a-t-elle averti dans une publication sur le r\u00e9seau social X.<\/p>\n<p>PREUVE RUSSE ?11:07<\/p>\n<p>L&rsquo;arm\u00e9e russe a r\u00e9it\u00e9r\u00e9 mercredi ses accusations affirmant que l&rsquo;Ukraine avait attaqu\u00e9 avec des drones une r\u00e9sidence du pr\u00e9sident Vladimir Poutine, publiant une vid\u00e9o montrant un appareil qui aurait \u00e9t\u00e9 abattu lors de cette attaque, que Kiev d\u00e9nonce comme mensong\u00e8re. Le minist\u00e8re russe de la D\u00e9fense a diffus\u00e9 une vid\u00e9o montrant un soldat au visage dissimul\u00e9 se tenant pr\u00e8s des d\u00e9bris d&rsquo;un drone, ainsi qu&rsquo;une carte montrant la trajectoire des engins lanc\u00e9s lors de cette attaque pr\u00e9sum\u00e9e dans la nuit de dimanche \u00e0 lundi.<\/p>\n<p>SOLDATS AM\u00c9RICAINS08:47<\/p>\n<p>Des soldats ukrainiens seront-ils d\u00e9ploy\u00e9s en Ukraine ? \u00ab\u00a0C&rsquo;est au pr\u00e9sident des \u00c9tats-Unis de confirmer cette information\u00a0\u00bb, a dit Volodymyr Zelensky.<\/p>\n<p>Des troupes am\u00e9ricaines pour s\u00e9curiser l&rsquo;Ukraine ?Source : TF1 Info<\/p>\n<p><img decoding=\"async\" src=\"https:\/\/www.europesays.com\/fr\/wp-content\/uploads\/2025\/12\/des-troupes-americaines-pour-securiser-l-ukraine-69bbf7-0@1x.jpeg\" alt=\"Des troupes am\u00e9ricaines pour s\u00e9curiser l'Ukraine ?\" loading=\"lazy\" importance=\"low\" fetchpriority=\"low\" class=\"\"\/><img decoding=\"async\" src=\"https:\/\/www.tf1info.fr\/images\/icons\/player-logo-play.svg\" alt=\"Logo lecture\" class=\"jsx-d0de44c05fe3042c PlayerLazyload__Play\"\/>QUATRE BLESS\u00c9S, DONT TROIS ENFANTS, \u00c0 ODESSA06:34<\/p>\n<p>Quatre personnes, dont trois enfants, ont \u00e9t\u00e9 bless\u00e9es dans des frappes russes dans la nuit de mardi \u00e0 mercredi \u00e0 Odessa en Ukraine, a indiqu\u00e9 sur Telegram Sergui\u00ef Lyssak, chef de l&rsquo;administration militaire de la ville.<\/p>\n<p>\u00ab\u00a0Des drones ont attaqu\u00e9 des infrastructures r\u00e9sidentielles, logistiques et \u00e9nerg\u00e9tiques dans notre r\u00e9gion\u00a0\u00bb, a affirm\u00e9 sur Telegram Oleh Kiper, chef de l&rsquo;administration militaire r\u00e9gionale, pr\u00e9cisant que les frappes ont endommag\u00e9 des immeubles et provoqu\u00e9 des incendies.<\/p>\n<p>BONJOUR06:26<\/p>\n<p>Bienvenue dans ce direct consacr\u00e9 \u00e0 l&rsquo;actualit\u00e9 de la guerre en Ukraine, d\u00e9but\u00e9e il y a plus de 3 ans apr\u00e8s l&rsquo;invasion des troupes russes de Vladimir Poutine. Suivez ici, tout au long de la journ\u00e9e, les derniers d\u00e9veloppements, mais aussi les \u00e9clairages de nos experts et envoy\u00e9s sp\u00e9ciaux.\u00a0<\/p>\n<p data-module=\"article-paragraph\" class=\"jsx-157965717 Paragraph\">Kiev a point\u00e9 mardi 30 d\u00e9cembre l&rsquo;absence de preuves \u00e9tayant<a href=\"https:\/\/www.tf1info.fr\/international\/guerre-ukraine-russie-une-residence-de-poutine-visee-par-l-ukraine-ce-que-l-on-sait-des-accusations-de-moscou-dementies-par-kiev-2415546.html\" target=\"_blank\" rel=\"noopener\"> les accusations de Moscou sur une attaque ukrainienne de drones<\/a> contre une r\u00e9sidence de Vladimir Poutine. De son c\u00f4t\u00e9, Moscou a indiqu\u00e9 son intention de durcir sa position dans les pourparlers sur la fin du conflit. Ce soudain regain de tension diplomatique intervient peu apr\u00e8s des d\u00e9clarations am\u00e9ricaines et ukrainiennes faisant \u00e9tat de progr\u00e8s dans les discussions en vue d&rsquo;un accord pouvant faire cesser l&rsquo;invasion russe de l&rsquo;Ukraine.\u00a0Et ces accusations jettent le doute sur la poursuite des tractations diplomatiques engag\u00e9es depuis novembre pour tenter de mettre fin au conflit le plus meurtrier en Europe depuis la Deuxi\u00e8me Guerre mondiale.<\/p>\n<p data-module=\"article-paragraph\" class=\"jsx-157965717 Paragraph Paragraph__End\">Le pr\u00e9sident ukrainien Volodymyr Zelensky a n\u00e9anmoins annonc\u00e9 mardi qu&rsquo;une r\u00e9union avec les dirigeants des pays alli\u00e9s de Kiev \u00e9tait pr\u00e9vue le 6 janvier en France, apr\u00e8s une rencontre le 3 janvier en Ukraine avec des conseillers \u00e0 la s\u00e9curit\u00e9 d&rsquo;\u00c9tats soutenant Kiev.\u00a0<a href=\"https:\/\/www.tf1info.fr\/international\/video-moscou-accuse-kiev-d-une-attaque-de-drones-contre-la-residence-de-vladimir-poutine-les-russes-sont-a-la-recherche-d-un-moyen-de-discrediter-zelensky-analyse-claude-blanchemaison-sur-lci-26144-2415532.html\" target=\"_blank\" rel=\"noopener\"> Moscou a accus\u00e9 lundi Kiev<\/a> d&rsquo;avoir vis\u00e9 dans la nuit de dimanche \u00e0 lundi avec 91 drones une r\u00e9sidence de Vladimir Poutine situ\u00e9e \u00e0 Valda\u00ef, entre Moscou et Saint-P\u00e9tersbourg, et hautement s\u00e9curis\u00e9e. L&rsquo;Ukraine a aussit\u00f4t d\u00e9menti. Volodymyr Zelensky a r\u00e9p\u00e9t\u00e9 mardi que ces accusations \u00e9taient \u00ab\u00a0fausses\u00a0\u00bb. \u00ab\u00a0Bien s\u00fbr, nos partenaires peuvent v\u00e9rifier que c&rsquo;est faux gr\u00e2ce \u00e0 leurs capacit\u00e9s techniques\u00a0\u00bb, a-t-il ajout\u00e9 lors d&rsquo;une conf\u00e9rence de presse en ligne. Plus t\u00f4t, mardi, son ministre des Affaires \u00e9trang\u00e8res, Andri\u00ef Sybiga, a soulign\u00e9 que Moscou n&rsquo;avait \u00ab\u00a0toujours pas fourni de preuves plausibles\u00a0\u00bb.<\/p>\n<p>La Russie pr\u00e9voit un \u00ab\u00a0durcissement de sa position\u00a0\u00bb<\/p>\n<p data-module=\"article-paragraph\" class=\"jsx-157965717 Paragraph Paragraph__End\">Les accusations de Moscou sont intervenues au lendemain d&rsquo;une rencontre en Floride entre le pr\u00e9sident ukrainien Volodymyr Zelensky et son homologue am\u00e9ricain Donald Trump, qui pousse \u00e0 une r\u00e9solution du conflit lanc\u00e9 il y a pr\u00e8s de quatre ans. Lors de son briefing quotidien mardi, le porte-parole du Kremlin Dmitri Peskov n&rsquo;a pas fourni de preuve, assurant que les drones avaient tous \u00e9t\u00e9 abattus et qu&rsquo;il faudrait de ce fait s&rsquo;adresser au minist\u00e8re russe de la D\u00e9fense concernant la pr\u00e9sence d&rsquo;\u00e9ventuels d\u00e9bris. \u00ab\u00a0Les cons\u00e9quences (de cette attaque) se traduiront par un durcissement de la position de n\u00e9gociation de la F\u00e9d\u00e9ration de Russie\u00a0\u00bb, a-t-il pr\u00e9venu. \u00ab\u00a0Quant \u00e0 une r\u00e9action militaire, nous savons comment et avec quoi r\u00e9pondre\u00a0\u00bb, a-t-il ajout\u00e9.<\/p>\n<p><a href=\"https:\/\/www.tf1info.fr\/international\/guerre-ukraine-russie-kiev-accusee-d-avoir-attaque-une-residence-de-poutine-l-ombre-du-false-flag-cette-ruse-prisee-par-moscou-2415680.html\" rel=\"noopener\" class=\"jsx-3308031228 Link flex\" target=\"_blank\"><img decoding=\"async\" src=\"https:\/\/www.europesays.com\/fr\/wp-content\/uploads\/2025\/12\/russie-poutine-conference-de-presse-annuelle-19-decembre-2025-7510a9-0@1x.jpeg\" alt=\"Vladimir Poutine lors de sa grande conf\u00e9rence de presse annuelle retransmise \u00e0 la t\u00e9l\u00e9vision le 19 d\u00e9cembre 2025.&#10;\" loading=\"lazy\" importance=\"low\" fetchpriority=\"low\" class=\"\" aria-hidden=\"true\"\/><\/p>\n<p class=\"jsx-3657663356 ReadMoreArticle__Title\">Lire aussi<\/p>\n<p class=\"jsx-3657663356\">Kiev accus\u00e9e d&rsquo;avoir attaqu\u00e9 une r\u00e9sidence de Poutine : l&rsquo;ombre du \u00ab\u00a0false flag\u00a0\u00bb, cette ruse pris\u00e9e par Moscou<\/p>\n<p><\/a><\/p>\n<p data-module=\"article-paragraph\" class=\"jsx-157965717 Paragraph Paragraph__End\">Pour sa part, depuis sa r\u00e9sidence en Floride, <a href=\"https:\/\/www.tf1info.fr\/international\/direct-guerre-ukraine-russie-plan-americain-pour-la-paix-poutine-trump-estime-que-les-semaines-a-venir-diront-si-la-guerre-peut-prendre-fin-les-dernieres-informations-aujourd-hui-lundi-29-decembre-2025-2415388.html\" target=\"_blank\" rel=\"noopener\">le pr\u00e9sident am\u00e9ricain Donald Trump<\/a> a r\u00e9agi lundi soir \u00e0 ces accusations. \u00ab\u00a0Je n&rsquo;aime pas \u00e7a\u00a0\u00bb, a-t-il dit. \u00ab\u00a0C&rsquo;est une p\u00e9riode d\u00e9licate. Ce n&rsquo;est pas le bon moment\u00a0\u00bb, a-t-il ajout\u00e9. De son c\u00f4t\u00e9, la France a indiqu\u00e9 que les assertions du Kremlin ne reposent sur \u00ab\u00a0aucune preuve solide y compris apr\u00e8s recoupement des informations avec nos partenaires\u00a0\u00bb, a d\u00e9clar\u00e9 mardi l&rsquo;entourage d&rsquo;Emmanuel Macron \u00e0 l&rsquo;AFP.<\/p>\n<p>Des affrontements qui se poursuivent<\/p>\n<p data-module=\"article-paragraph\" class=\"jsx-157965717 Paragraph Paragraph__End\">Parall\u00e8lement, plusieurs dirigeants occidentaux se sont entretenus mardi sur la situation en Ukraine, ont annonc\u00e9 leurs \u00e9quipes. Parmi les participants : le Premier ministre polonais Donald Tusk, la pr\u00e9sidente de la Commission europ\u00e9enne, Ursula von der Leyen et le chancelier allemand Friedrich Merz.\u00a0<\/p>\n<p data-module=\"article-paragraph\" class=\"jsx-157965717 Paragraph Paragraph__End\">Sur le terrain, les bombardements entre les deux camps se poursuivent. Dans la nuit de lundi \u00e0 mardi, l&rsquo;Ukraine a \u00e9t\u00e9 vis\u00e9e par deux missiles et soixante drones russes, selon l&rsquo;arm\u00e9e de l&rsquo;air ukrainienne. Les autorit\u00e9s de la r\u00e9gion de Tcherniguiv dans le nord de l&rsquo;Ukraine ont par ailleurs ordonn\u00e9 mardi l&rsquo;\u00e9vacuation de 14 villages proches de la fronti\u00e8re avec la Bi\u00e9lorussie et la Russie, en raison de bombardements russes quotidiens. Dans la matin\u00e9e, la grande ville ukrainienne de Zaporijia a, elle, \u00e9t\u00e9 frapp\u00e9e par trois bombes a\u00e9riennes russes, selon les autorit\u00e9s locales. Une femme a \u00e9t\u00e9 bless\u00e9e et plusieurs maisons et immeubles r\u00e9sidentiels endommag\u00e9s.<\/p>\n<p>La r\u00e9daction de TF1info<\/p>\n<p><script async src=\"https:\/\/platform.twitter.com\/widgets.js\" charset=\"utf-8\"><\/script><\/p>\n","protected":false},"excerpt":{"rendered":"L&rsquo;arm\u00e9e russe r\u00e9it\u00e8re ce mercredi ses accusations affirmant que l&rsquo;Ukraine a attaqu\u00e9 avec des drones une r\u00e9sidence de&hellip;\n","protected":false},"author":2,"featured_media":632452,"comment_status":"","ping_status":"","sticky":false,"template":"","format":"standard","meta":{"footnotes":""},"categories":[1590],"tags":[1111,11,1921,73922,1777,674,1922,12,132,220,1917,73921,133,1920,135,134],"class_list":{"0":"post-632451","1":"post","2":"type-post","3":"status-publish","4":"format-standard","5":"has-post-thumbnail","7":"category-ukraine","8":"tag-actu","9":"tag-actualites","10":"tag-article-video","11":"tag-des-attaques","12":"tag-eu","13":"tag-europe","14":"tag-info","15":"tag-news","16":"tag-russie","17":"tag-ukraine","18":"tag-ukraine-4-annee-de-guerre","19":"tag-ukraine-russie-en-marge-des-negociations","20":"tag-video","21":"tag-video-international","22":"tag-vladimir-poutine","23":"tag-volodymyr-zelensky"},"share_on_mastodon":{"url":"https:\/\/pubeurope.com\/@fr\/115815084850652686","error":""},"_links":{"self":[{"href":"https:\/\/www.europesays.com\/fr\/wp-json\/wp\/v2\/posts\/632451","targetHints":{"allow":["GET"]}}],"collection":[{"href":"https:\/\/www.europesays.com\/fr\/wp-json\/wp\/v2\/posts"}],"about":[{"href":"https:\/\/www.europesays.com\/fr\/wp-json\/wp\/v2\/types\/post"}],"author":[{"embeddable":true,"href":"https:\/\/www.europesays.com\/fr\/wp-json\/wp\/v2\/users\/2"}],"replies":[{"embeddable":true,"href":"https:\/\/www.europesays.com\/fr\/wp-json\/wp\/v2\/comments?post=632451"}],"version-history":[{"count":0,"href":"https:\/\/www.europesays.com\/fr\/wp-json\/wp\/v2\/posts\/632451\/revisions"}],"wp:featuredmedia":[{"embeddable":true,"href":"https:\/\/www.europesays.com\/fr\/wp-json\/wp\/v2\/media\/632452"}],"wp:attachment":[{"href":"https:\/\/www.europesays.com\/fr\/wp-json\/wp\/v2\/media?parent=632451"}],"wp:term":[{"taxonomy":"category","embeddable":true,"href":"https:\/\/www.europesays.com\/fr\/wp-json\/wp\/v2\/categories?post=632451"},{"taxonomy":"post_tag","embeddable":true,"href":"https:\/\/www.europesays.com\/fr\/wp-json\/wp\/v2\/tags?post=632451"}],"curies":[{"name":"wp","href":"https:\/\/api.w.org\/{rel}","templated":true}]}}