{"id":632456,"date":"2025-12-31T16:20:12","date_gmt":"2025-12-31T16:20:12","guid":{"rendered":"https:\/\/www.europesays.com\/fr\/632456\/"},"modified":"2025-12-31T16:20:12","modified_gmt":"2025-12-31T16:20:12","slug":"des-obstacles-juridiques-aux-poursuites-en-allemagne","status":"publish","type":"post","link":"https:\/\/www.europesays.com\/fr\/632456\/","title":{"rendered":"des obstacles juridiques aux poursuites en Allemagne"},"content":{"rendered":"<p>La police italienne a annonc\u00e9 le 27 d\u00e9cembre avoir arr\u00eat\u00e9 neuf personnes accus\u00e9es d\u2019avoir collect\u00e9 plusieurs millions d\u2019euros pendant plus de deux ans pour le groupe terroriste palestinien Hamas.\u00a0Selon un <a rel=\"noopener\" target=\"_blank\" href=\"https:\/\/www.poliziadistato.it\/articolo\/terrorismo--colpita-rete-italiana-di-hamas--9-arresti-e-sequestri-per-8-milioni-di-euro\">communiqu\u00e9<\/a> de la police, l\u2019argent aurait \u00e9t\u00e9 collect\u00e9 sous couvert d\u2019aide humanitaire pour la population civile palestinienne, mais aurait en r\u00e9alit\u00e9 \u00e9t\u00e9 transf\u00e9r\u00e9 au groupe terroriste dans la bande de Gaza via un \u00ab\u00a0syst\u00e8me de dons complexe\u00a0\u00bb.<\/p>\n<p>Parmi les personnes arr\u00eat\u00e9es figure Mohammad Hannoun, pr\u00e9sident de l\u2019Association palestinienne en Italie, comme l\u2019a annonc\u00e9 le minist\u00e8re italien de l\u2019Int\u00e9rieur.<\/p>\n<p>Outre les arrestations, la police a d\u00e9clar\u00e9 avoir saisi des avoirs d\u2019une valeur de plus de 8 millions d\u2019euros dans le cadre de l\u2019enqu\u00eate. La police italienne a \u00e9galement annonc\u00e9 que les suspects \u00e9taient accus\u00e9s d\u2019avoir \u00ab men\u00e9 des op\u00e9rations financi\u00e8res qui auraient contribu\u00e9 \u00e0 des activit\u00e9s terroristes \u00bb.<\/p>\n<p>Des fonds du Hamas achemin\u00e9s vers Gaza via la Turquie<\/p>\n<p>L\u2019enqu\u00eate aurait \u00e9t\u00e9 ouverte imm\u00e9diatement apr\u00e8s l\u2019attaque terroriste du Hamas contre Isra\u00ebl le 7\u00a0octobre\u00a02023. Les suspects auraient collect\u00e9 des dons destin\u00e9s \u00e0 la population civile de la bande de Gaza.<\/p>\n<p>\u00ab Il s\u2019est toutefois av\u00e9r\u00e9 que plus de 71\u202f% de ces fonds ont \u00e9t\u00e9 d\u00e9tourn\u00e9s vers les caisses du Hamas afin de financer sa branche militaire et de soutenir les familles des kamikazes ou des personnes emprisonn\u00e9es pour terrorisme \u00bb, indique le communiqu\u00e9.<\/p>\n<p>En outre, il a \u00e9t\u00e9 \u00e9tabli que certains suspects avaient des liens avec des personnes en Turquie \u00ab qui servaient d\u2019interm\u00e9diaires pour le transfert d\u2019argent liquide vers Gaza \u00bb.<\/p>\n<p>Des documents trouv\u00e9s sur les serveurs des suspects r\u00e9v\u00e8lent l\u2019existence d\u2019un \u00ab\u00a0vaste r\u00e9seau international organis\u00e9 d\u2019individus et d\u2019institutions\u00a0\u00bb impliqu\u00e9s dans la collecte de fonds, toujours sous le couvert d\u2019\u00ab\u00a0\u0153uvres caritatives\u00a0\u00bb.<\/p>\n<p>La Premi\u00e8re ministre italienne, Giorgia Meloni, s\u2019est d\u00e9clar\u00e9e \u00ab tr\u00e8s satisfaite \u00bb de ce coup port\u00e9 \u00e0 l\u2019organisation terroriste palestinienne. Dans un communiqu\u00e9, elle a soulign\u00e9 l\u2019importance particuli\u00e8re de l\u2019arrestation de Mohammad Hannoun, qui, selon ses propres termes, a \u00e9t\u00e9 d\u00e9crit par les enqu\u00eateurs comme \u00ab membre de la branche \u00e9trang\u00e8re de l\u2019organisation terroriste Hamas \u00bb et \u00ab chef de la cellule italienne du Hamas \u00bb.<\/p>\n<p>Hannoun est originaire de Ramallah, en Cisjordanie, et est architecte de profession. Il a la nationalit\u00e9 jordanienne, mais vit en Italie depuis 40\u00a0ans. En 1994, il a fond\u00e9 l\u2019Association palestinienne en Italie.<\/p>\n<p>Exploitation du \u00ab\u00a0lib\u00e9ralisme europ\u00e9en\u00a0\u00bb\u00a0?La repr\u00e9sentation palestinienne en Europe, le Conseil palestinien europ\u00e9en pour les relations politiques (EUPAC), a imm\u00e9diatement <a rel=\"noopener\" target=\"_blank\" href=\"https:\/\/www.eupac.org\/eupac-expresses-concern-over-detention-of-mr-hanoun-pro-palestine-activists-in-italy-calls-for-their-release\/\">r\u00e9agi avec indignation<\/a> \u00e0 l\u2019arrestation de Mohammad Hannoun. \u00ab Cette action \u00bb refl\u00e8te la politique isra\u00e9lienne \u00ab qui vise \u00e0 opprimer le peuple palestinien, les personnalit\u00e9s qui le repr\u00e9sentent et ceux qui d\u00e9fendent la cause palestinienne dans tous les pays de l\u2019Union europ\u00e9enne \u00bb, a d\u00e9clar\u00e9 l\u2019EUPAC dans un communiqu\u00e9.<\/p>\n<p>Le Times of Israel pense en savoir plus\u00a0: \u00ab\u00a0Le r\u00e9seau de Hannoun n\u2019\u00e9tait pas exclusivement italien. L\u2019enqu\u00eate a r\u00e9v\u00e9l\u00e9 une coordination avec des organisations similaires proches du Hamas aux Pays\u2011Bas, en Autriche, en France et en Grande\u2011Bretagne\u00a0\u00bb, peut\u2011on lire dans un article de blog.<\/p>\n<p>Le m\u00eame sch\u00e9ma se r\u00e9p\u00e8te sur tout le continent : \u00ab une fa\u00e7ade caritative, des structures financi\u00e8res opaques, un soutien politique et une l\u00e9thargie bureaucratique \u00bb.<\/p>\n<p>\u00ab\u00a0Le Hamas a exploit\u00e9 le lib\u00e9ralisme europ\u00e9en\u00a0\u00bb, car il savait que \u00ab\u00a0l\u2019accusation d\u2019islamophobie offre une excellente protection\u00a0\u00bb, \u00e9crit le journal isra\u00e9lien.<\/p>\n<p>Selon le journal italien Il Sole 24 Ore, M. Hannoun a ni\u00e9 en ao\u00fbt \u00eatre un dirigeant du Hamas. Il a toutefois qualifi\u00e9 l\u2019organisation terroriste de \u00ab repr\u00e9sentant l\u00e9gitime du peuple palestinien \u00bb et a d\u00e9clar\u00e9 qu\u2019il \u00ab sympathisait \u00bb avec elle. Les \u00c9tats\u2011Unis l\u2019ont d\u00e9j\u00e0 inscrit, lui et son organisation, sur une liste noire en 2023 pour financement du terrorisme.<\/p>\n<p>Qui contr\u00f4le les Palestiniens en Allemagne\u00a0?<\/p>\n<p>En r\u00e9action \u00e0 la rafle italienne contre le Hamas et aux arrestations, la soci\u00e9t\u00e9 germano\u2011isra\u00e9lienne r\u00e9clame \u00e9galement \u00ab\u00a0une action plus d\u00e9termin\u00e9e de l\u2019\u00c9tat de droit contre les structures du Hamas, y compris en Allemagne\u00a0\u00bb.<\/p>\n<p>\u00ab\u00a0Les autorit\u00e9s fiscales, les services de renseignement et les autorit\u00e9s judiciaires devraient surveiller de pr\u00e8s les structures europ\u00e9ennes soutenant le Hamas dans ce pays et mettre fin \u00e0 leurs activit\u00e9s financi\u00e8res\u00a0\u00bb, a d\u00e9clar\u00e9 Volker Beck, pr\u00e9sident de l\u2019association, le 28\u00a0d\u00e9cembre.<\/p>\n<p>Dans sa d\u00e9claration, l\u2019ancien d\u00e9put\u00e9 vert au Bundestag, M.\u00a0Beck, souligne que M.\u00a0Hannoun est \u00e9galement \u00ab\u00a0li\u00e9 sur le plan organisationnel \u00e0 des acteurs actifs en Allemagne\u00a0\u00bb. Il ajoute qu\u2019il a \u00ab\u00a0dirig\u00e9 une r\u00e9union de l\u2019organisation fa\u00eeti\u00e8re de la flottille \u00e0 laquelle ont particip\u00e9 des ONG allemandes\u00a0\u00bb.<\/p>\n<p>La loi Merkel bloque les poursuites p\u00e9nales<\/p>\n<p>Dans une enqu\u00eate men\u00e9e en octobre, la cha\u00eene de t\u00e9l\u00e9vision Bayerischer Rundfunk (BR) est arriv\u00e9e \u00e0 la conclusion que des organisations terroristes telles que l\u2019\u00c9tat islamique et le Hamas \u00ab\u00a0continuaient de b\u00e9n\u00e9ficier du soutien de l\u2019Allemagne\u00a0\u00bb.<\/p>\n<p>Selon la BR, le 21 octobre, ce sont principalement des \u00ab dons \u00bb qui parviennent dans les zones de conflit via des cryptomonnaies et des r\u00e9seaux clandestins. Cependant, il est tr\u00e8s difficile pour la justice allemande d\u2019apporter la preuve du financement du terrorisme.<\/p>\n<p>Cela s\u2019explique notamment par l\u2019article 89c du code p\u00e9nal introduit en 2015 sous la chanceli\u00e8re Angela Merkel, qui punit le financement du terrorisme. Selon cet article, les enqu\u00eateurs doivent toutefois prouver que les \u00ab dons \u00bb sont destin\u00e9s \u00e0 financer des crimes.<\/p>\n<p>\u00ab Il faut pratiquement prouver que chaque euro \u00e9tait destin\u00e9 \u00e0 l\u2019achat d\u2019une kalachnikov, d\u2019explosifs ou \u00e0 la pr\u00e9paration d\u2019un attentat \u00bb, explique Hans-Jakob Schindler, expert en terrorisme de l\u2019organisation de recherche Counter Extremism Project, \u00e0 la BR. \u00ab En ce sens, on complique au maximum la t\u00e2che des enqu\u00eateurs ici en Allemagne en ce qui concerne la possibilit\u00e9 d\u2019une condamnation. \u00bb<\/p>\n<p>Comment l\u2019argent allemand parvient aux terroristes<\/p>\n<p>Sous le titre \u00ab\u202fDons pour le terrorisme\u202f\u00bb, la radio allemande \u00ab\u202fDeutschlandfunk\u202f\u00bb a publi\u00e9 le 4\u202fnovembre un article en ligne qui explique les moyens utilis\u00e9s pour transf\u00e9rer \u00e0 l\u2019\u00c9tat islamique et au Hamas les dons collect\u00e9s en Allemagne \u00e0 des fins pr\u00e9tendument humanitaires.<\/p>\n<p>L\u00e0 encore, la Turquie joue un r\u00f4le cl\u00e9. \u00ab\u202fSouvent, les fonds sont d\u2019abord envoy\u00e9s par virement bancaire ou PayPal \u00e0 des interm\u00e9diaires en Turquie\u202f\u00bb, indique l\u2019article. De l\u00e0, l\u2019argent est ensuite transf\u00e9r\u00e9, par exemple via Western Union, un service de paiement international qui permet d\u2019envoyer ou de recevoir de l\u2019argent dans le monde entier sans compte bancaire.<\/p>\n<p>Le syst\u00e8me dit \u00ab\u202fhawala\u202f\u00bb est \u00e9galement tr\u00e8s utilis\u00e9. Le terme arabe \u00ab\u202fhawala\u202f\u00bb signifie en fran\u00e7ais \u00ab\u202fchanger, transf\u00e9rer\u202f\u00bb. Il fonctionne gr\u00e2ce \u00e0 un r\u00e9seau d\u2019interm\u00e9diaires\u202f: on se rend chez une personne connue pour \u00eatre dispos\u00e9e \u00e0 \u00ab\u202ftransf\u00e9rer\u202f\u00bb de l\u2019argent. On remet \u00e0 cette personne une somme X en esp\u00e8ces. L\u2019interm\u00e9diaire appelle un correspondant dans le pays de destination et lui demande de verser la somme X moins les frais d\u2019interm\u00e9diaire au destinataire. Et voil\u00e0, le \u00ab\u202fvirement\u202f\u00bb est effectu\u00e9 sans coordonn\u00e9es bancaires et sans laisser de traces.<\/p>\n<p>Le transfert d\u2019argent fonctionne dans les deux sens, ce qui en fait une m\u00e9thode id\u00e9ale pour les criminels et le blanchiment d\u2019argent. Cependant, le \u00ab\u202fhawala\u202f\u00bb est \u00e9galement utilis\u00e9 par les r\u00e9fugi\u00e9s sans compte bancaire \u00ab\u202fpour soutenir leurs familles\u202f\u00bb, comme l\u2019explique la cha\u00eene.<\/p>\n","protected":false},"excerpt":{"rendered":"La police italienne a annonc\u00e9 le 27 d\u00e9cembre avoir arr\u00eat\u00e9 neuf personnes accus\u00e9es d\u2019avoir collect\u00e9 plusieurs millions d\u2019euros&hellip;\n","protected":false},"author":2,"featured_media":632457,"comment_status":"","ping_status":"","sticky":false,"template":"","format":"standard","meta":{"footnotes":""},"categories":[1587],"tags":[11,672,1804,1805,1803,1777,674,1801,12,1802],"class_list":{"0":"post-632456","1":"post","2":"type-post","3":"status-publish","4":"format-standard","5":"has-post-thumbnail","7":"category-allemagne","8":"tag-actualites","9":"tag-allemagne","10":"tag-bundesrepublik-deutschland","11":"tag-de","12":"tag-deutschland","13":"tag-eu","14":"tag-europe","15":"tag-germany","16":"tag-news","17":"tag-republique-federale-dallemagne"},"share_on_mastodon":{"url":"https:\/\/pubeurope.com\/@fr\/115815096280826281","error":""},"_links":{"self":[{"href":"https:\/\/www.europesays.com\/fr\/wp-json\/wp\/v2\/posts\/632456","targetHints":{"allow":["GET"]}}],"collection":[{"href":"https:\/\/www.europesays.com\/fr\/wp-json\/wp\/v2\/posts"}],"about":[{"href":"https:\/\/www.europesays.com\/fr\/wp-json\/wp\/v2\/types\/post"}],"author":[{"embeddable":true,"href":"https:\/\/www.europesays.com\/fr\/wp-json\/wp\/v2\/users\/2"}],"replies":[{"embeddable":true,"href":"https:\/\/www.europesays.com\/fr\/wp-json\/wp\/v2\/comments?post=632456"}],"version-history":[{"count":0,"href":"https:\/\/www.europesays.com\/fr\/wp-json\/wp\/v2\/posts\/632456\/revisions"}],"wp:featuredmedia":[{"embeddable":true,"href":"https:\/\/www.europesays.com\/fr\/wp-json\/wp\/v2\/media\/632457"}],"wp:attachment":[{"href":"https:\/\/www.europesays.com\/fr\/wp-json\/wp\/v2\/media?parent=632456"}],"wp:term":[{"taxonomy":"category","embeddable":true,"href":"https:\/\/www.europesays.com\/fr\/wp-json\/wp\/v2\/categories?post=632456"},{"taxonomy":"post_tag","embeddable":true,"href":"https:\/\/www.europesays.com\/fr\/wp-json\/wp\/v2\/tags?post=632456"}],"curies":[{"name":"wp","href":"https:\/\/api.w.org\/{rel}","templated":true}]}}