{"id":632477,"date":"2025-12-31T16:35:10","date_gmt":"2025-12-31T16:35:10","guid":{"rendered":"https:\/\/www.europesays.com\/fr\/632477\/"},"modified":"2025-12-31T16:35:10","modified_gmt":"2025-12-31T16:35:10","slug":"george-clooney-sa-villa-de-reve-de-100-000-m%c2%b2-au-lac-de-come","status":"publish","type":"post","link":"https:\/\/www.europesays.com\/fr\/632477\/","title":{"rendered":"George Clooney, sa villa de r\u00eave de 100 000 m\u00b2 au Lac de C\u00f4me"},"content":{"rendered":"<p>Quand George Clooney tombe amoureux, ce n\u2019est pas toujours d\u2019une<br \/>\nfemme. Parfois, c\u2019est d\u2019une maison. Et pas n\u2019importe laquelle : une<br \/>\nimposante b\u00e2tisse du XVIIIe si\u00e8cle pos\u00e9e d\u00e9licatement au bord du<br \/>\n<strong>lac de C\u00f4me<\/strong>, dans le charmant village de<br \/>\n<strong>Laglio<\/strong>, \u00e0 une dizaine de kilom\u00e8tres de la ville de<br \/>\nC\u00f4me. On est en 2002. La star a 41 ans, et lors d\u2019une balade \u00e0<br \/>\nmoto, une panne l\u2019arr\u00eate pile devant une villa \u00e0 vendre. Coup de<br \/>\nfoudre imm\u00e9diat.<\/p>\n<p>Une demeure historique qui a chang\u00e9 la vie de l\u2019acteur<\/p>\n<p>Rachet\u00e9e \u00e0 la famille <strong>Heinz<\/strong> (oui, celle du<br \/>\nketchup) pour environ <strong>7 millions d\u2019euros<\/strong>, la<br \/>\n<strong>Villa Oleandra<\/strong> devient vite un cocon pour<br \/>\nl\u2019acteur, alors au sommet de sa carri\u00e8re. Situ\u00e9e \u00e0 quelques m\u00e8tres<br \/>\ndu rivage, cette villa du XVIIIe si\u00e8cle se compose de <strong>25<br \/>\npi\u00e8ces<\/strong>, un <a href=\"https:\/\/www.lejournaldelamaison.fr\/le-journal-de-la-maison\/reportages-maisons\/andre-agassi-steffi-graf-maison-las-vegas-513475.html\" target=\"_blank\" rel=\"noopener\"><br \/>\n<strong>court de tennis<\/strong><\/a>, une <strong>piscine<\/strong>,<br \/>\nune <strong>salle de sport<\/strong>, un <strong>home<br \/>\ncin\u00e9ma<\/strong>&#8230; et m\u00eame une <strong>\u00ab\u00a0pizza room\u00a0\u00bb<\/strong>.<\/p>\n<p>Le h\u00e9ros d\u2019Ocean\u2019s Eleven ne cache pas son attachement<br \/>\n\u00e0 ce lieu exceptionnel. En 2010, lors d\u2019une conf\u00e9rence de presse,<br \/>\nil confiait : \u00ab Ce qui a chang\u00e9 ma vie de mani\u00e8re tr\u00e8s agr\u00e9able<br \/>\net inattendue, c\u2019est l\u2019achat de la villa \u00e0 Laglio \u00bb. Depuis<br \/>\nson acquisition, la valeur de la propri\u00e9t\u00e9 a explos\u00e9, d\u00e9passant les<br \/>\n<strong>100 millions de dollars<\/strong>, selon le Wall Street<br \/>\nJournal.<\/p>\n<p>Un nid douillet devenu spot VIP<\/p>\n<p>Chez les Clooney, l\u2019\u00e9t\u00e9 se vit entre amis. Et quels amis !<br \/>\n<a href=\"https:\/\/www.lejournaldelamaison.fr\/le-journal-de-la-maison\/piece-par-piece\/terrasse-jardin-piece-par-piece\/jennifer-aniston-coin-piscine-dinspiration-japonaise-nouvelle-oasis-serenite-reproduire-chez-soi-516908.html\" target=\"_blank\" rel=\"noopener\"><br \/>\n<strong>Jennifer Aniston<\/strong><\/a>, <strong>Adam<br \/>\nSandler<\/strong>, <strong>Laura Dern<\/strong>, <strong>Greta<br \/>\nGerwig<\/strong>, <strong>Jim Broadbent<\/strong>, <strong>Meghan<br \/>\nMarkle<\/strong> et le <a href=\"https:\/\/www.lejournaldelamaison.fr\/le-journal-de-la-maison\/reportages-maisons\/reportage-prince-harry-et-meghan-markle-maison-268973.html\" target=\"_blank\" rel=\"noopener\"><br \/>\n<strong>prince Harry<\/strong><\/a>\u2026 tous ont \u00e9t\u00e9 re\u00e7us dans ce coin<br \/>\nde paradis.<\/p>\n<p>Le couple y a aussi organis\u00e9 des moments marquants : le<br \/>\n<strong>mariage d\u2019Emily Blunt et John Krasinski<\/strong>, des<br \/>\nsc\u00e8nes tourn\u00e9es pour Ocean\u2019s Twelve, une<br \/>\n<strong>invitation caritative avec Omaze<\/strong>, et m\u00eame une<br \/>\nrumeur selon laquelle la villa aurait \u00e9t\u00e9 <strong>lou\u00e9e 30 000<br \/>\neuros la journ\u00e9e<\/strong> pour des \u00e9v\u00e9nements priv\u00e9s. R\u00e9sultat :<br \/>\nles abords de la villa attirent les curieux. Tellement, que le<br \/>\nmaire de Laglio a instaur\u00e9 une <strong>amende en cas d\u2019attroupement<br \/>\nde plus de trois personnes<\/strong> devant la propri\u00e9t\u00e9, pour<br \/>\npr\u00e9server la tranquillit\u00e9 du couple.<\/p>\n<blockquote class=\"instagram-media\" style=\"background: #ffffff;border: 0;margin: 1px;width: 100%;padding: 0;max-width: 500px;\" data-instgrm-permalink=\"https:\/\/www.instagram.com\/p\/B1zoiBiHUV7\/\" data-instgrm-version=\"14\"\/><p>\nUn bijou r\u00e9nov\u00e9 avec go\u00fbt<\/p>\n<p>Amal Alamuddin\u00a0Clooney, brillante avocate, rejoint<br \/>\nrapidement George dans cette maison de r\u00eave. Depuis <strong>leur<br \/>\nmariage en 2014,<\/strong> ils y reviennent r\u00e9guli\u00e8rement avec<br \/>\n<a href=\"https:\/\/www.lejournaldelamaison.fr\/le-journal-de-la-maison\/reportages-maisons\/maison-elodie-gossuin-oise-famille-deco-520239.html\" target=\"_blank\" rel=\"noopener\"><br \/>\nleurs jumeaux<\/a>, <strong>Ella et Alexander<\/strong>, n\u00e9s en 2017.<br \/>\nLa villa n\u2019a cess\u00e9 d\u2019\u00e9voluer au fil du temps, au gr\u00e9 des envies et<br \/>\ndes besoins du couple. L\u2019acteur a notamment fait construire un<br \/>\n<strong>petit pont discret<\/strong>, suspendu au-dessus de la route<br \/>\nqui s\u00e9pare la maison principale d\u2019une annexe. L\u2019objectif ? Pouvoir<br \/>\ncirculer librement entre les deux b\u00e2timents <strong>sans \u00eatre vu<br \/>\ndepuis la rue<\/strong>. Gr\u00e2ce \u00e0 cet am\u00e9nagement sur mesure,<br \/>\nl\u2019acteur peut d\u00e9sormais traverser la propri\u00e9t\u00e9 <strong>\u00e0 l\u2019abri des<br \/>\nregards<\/strong>, loin des objectifs des curieux et des paparazzis<br \/>\npost\u00e9s en embuscade au bord du lac.<\/p>\n<p>Aujourd\u2019hui, <strong>les Clooney sont officiellement devenus<br \/>\nr\u00e9sidents fran\u00e7ais<\/strong>. Naturalisation valid\u00e9e, ils ont trouv\u00e9<br \/>\nen Provence un second refuge, tout aussi paisible que leur villa<br \/>\nitalienne. Depuis <strong>l\u2019\u00e9t\u00e9 2021<\/strong>, ils sont les heureux<br \/>\npropri\u00e9taires du <a href=\"https:\/\/www.lejournaldelamaison.fr\/le-journal-de-la-maison\/reportages-maisons\/george-clooney-domaine-provence-vie-francaise-531968.html\" target=\"_blank\" rel=\"noopener\"><br \/>\n<strong>domaine de Cadanel<\/strong><\/a>, une propri\u00e9t\u00e9 nich\u00e9e \u00e0<br \/>\n<strong>Brignoles<\/strong>, dans le <strong>Var<\/strong>, entour\u00e9e<br \/>\nde vignes et d\u2019oliviers. Un lieu qu\u2019ils ne se contentent pas<br \/>\nd\u2019habiter : ils l\u2019aiment, profond\u00e9ment. \u00ab L\u00a0\u00bbendroit le plus<br \/>\nheureux pour nous, c&rsquo;est cette ferme o\u00f9 les gosses s&rsquo;amusent, comme<br \/>\nj&rsquo;ai pu le faire \u00e9tant jeune dans le Kentucky. J&rsquo;aime vraiment ce<br \/>\nque nous vivons l\u00e0-bas \u00bb, a souffl\u00e9 l\u2019ic\u00f4ne hollywoodienne au<br \/>\nmicro de RTL avec \u00e9motion.<\/p>\n<p><script async src=\"\/\/www.instagram.com\/embed.js\"><\/script><\/p>\n","protected":false},"excerpt":{"rendered":"Quand George Clooney tombe amoureux, ce n\u2019est pas toujours d\u2019une femme. Parfois, c\u2019est d\u2019une maison. Et pas n\u2019importe&hellip;\n","protected":false},"author":2,"featured_media":632478,"comment_status":"","ping_status":"","sticky":false,"template":"","format":"standard","meta":{"footnotes":""},"categories":[1359],"tags":[11015,6541,20747,13204,3396,58663,17488,31051,73950,24599,66771,1805,58,3029,59,12219,1011,27,1538,23042,4743,28192,151,38871,3946,973,5922,7401,746,15300,28456,1240,10649,3356,1467,7825,28993,19657],"class_list":{"0":"post-632477","1":"post","2":"type-post","3":"status-publish","4":"format-standard","5":"has-post-thumbnail","7":"category-people","8":"tag-c","9":"tag-6541","10":"tag-20747","11":"tag-13204","12":"tag-avec","13":"tag-bas","14":"tag-ce","15":"tag-chambres","16":"tag-clooney","17":"tag-come","18":"tag-court","19":"tag-de","20":"tag-divertissement","21":"tag-du","22":"tag-entertainment","23":"tag-et","24":"tag-fr","25":"tag-france","26":"tag-george","27":"tag-jaime","28":"tag-la","29":"tag-lac","30":"tag-les","31":"tag-m","32":"tag-nous","33":"tag-people","34":"tag-piscine","35":"tag-pizza","36":"tag-que","37":"tag-reve","38":"tag-rives","39":"tag-room","40":"tag-sa","41":"tag-sur","42":"tag-tennis","43":"tag-villa","44":"tag-vivons","45":"tag-vraiment"},"share_on_mastodon":{"url":"https:\/\/pubeurope.com\/@fr\/115815156073759089","error":""},"_links":{"self":[{"href":"https:\/\/www.europesays.com\/fr\/wp-json\/wp\/v2\/posts\/632477","targetHints":{"allow":["GET"]}}],"collection":[{"href":"https:\/\/www.europesays.com\/fr\/wp-json\/wp\/v2\/posts"}],"about":[{"href":"https:\/\/www.europesays.com\/fr\/wp-json\/wp\/v2\/types\/post"}],"author":[{"embeddable":true,"href":"https:\/\/www.europesays.com\/fr\/wp-json\/wp\/v2\/users\/2"}],"replies":[{"embeddable":true,"href":"https:\/\/www.europesays.com\/fr\/wp-json\/wp\/v2\/comments?post=632477"}],"version-history":[{"count":0,"href":"https:\/\/www.europesays.com\/fr\/wp-json\/wp\/v2\/posts\/632477\/revisions"}],"wp:featuredmedia":[{"embeddable":true,"href":"https:\/\/www.europesays.com\/fr\/wp-json\/wp\/v2\/media\/632478"}],"wp:attachment":[{"href":"https:\/\/www.europesays.com\/fr\/wp-json\/wp\/v2\/media?parent=632477"}],"wp:term":[{"taxonomy":"category","embeddable":true,"href":"https:\/\/www.europesays.com\/fr\/wp-json\/wp\/v2\/categories?post=632477"},{"taxonomy":"post_tag","embeddable":true,"href":"https:\/\/www.europesays.com\/fr\/wp-json\/wp\/v2\/tags?post=632477"}],"curies":[{"name":"wp","href":"https:\/\/api.w.org\/{rel}","templated":true}]}}