{"id":632481,"date":"2025-12-31T16:38:17","date_gmt":"2025-12-31T16:38:17","guid":{"rendered":"https:\/\/www.europesays.com\/fr\/632481\/"},"modified":"2025-12-31T16:38:17","modified_gmt":"2025-12-31T16:38:17","slug":"stephane-bern-au-casting-de-danse-avec-les-stars-ses-patrons-de-france-televisions-pas-enchantes-il-leur-tient-tete","status":"publish","type":"post","link":"https:\/\/www.europesays.com\/fr\/632481\/","title":{"rendered":"St\u00e9phane Bern au casting de Danse avec les stars : ses patrons de France T\u00e9l\u00e9visions pas enchant\u00e9s, il leur tient t\u00eate"},"content":{"rendered":"<p>                <img loading=\"lazy\" decoding=\"async\" src=\"https:\/\/www.europesays.com\/fr\/wp-content\/uploads\/2025\/04\/70-60dc2d431f18d-35x35-1.jpg\" class=\"author-article-picture\" width=\"35\" height=\"35\"\/><\/p>\n<p>                    Par<\/p>\n<p>                                            <a class=\"author-article-bio-link\" href=\"https:\/\/www.purepeople.com\/auteur\/liane-lazaar_a70\" target=\"_blank\" rel=\"noopener\">Liane Lazaar<\/a><\/p>\n<p>                    |<\/p>\n<p>                                            R\u00e9dactrice<\/p>\n<p>\n                Liane Lazaar est r\u00e9dactrice web rattach\u00e9e au p\u00f4le TV de Purepeople.com. Elle conna\u00eet autant le parcours de Jean-Pierre Pernaut sur TF1 que les derniers rebondissements des candidats de t\u00e9l\u00e9-r\u00e9alit\u00e9 et a un go\u00fbt prononc\u00e9 pour les histoires de coeur.\n            <\/p>\n<p>\n    La participation de St\u00e9phane Bern \u00e0 \u00ab\u00a0Danse avec les stars\u00a0\u00bb n&rsquo;est pas vue d&rsquo;un tr\u00e8s bon oeil par tous. En effet, au sein de France T\u00e9l\u00e9visions, \u00e7a grince m\u00eame plut\u00f4t des dents comme l&rsquo;animateur l&rsquo;a fait savoir.\n<\/p>\n<p>                            <img loading=\"lazy\" decoding=\"async\" class=\"player-thumbnail\" src=\"https:\/\/www.europesays.com\/fr\/wp-content\/uploads\/2025\/12\/d69c3f3b8984c680-580x326-1.jpg\" width=\"580\" height=\"326\"\/><\/p>\n<p>                            St\u00e9phane Bern au casting de Danse avec les stars : ses patrons de France T\u00e9l\u00e9visions pas enchant\u00e9s, il leur tient t\u00eate<\/p>\n<p>La suite apr\u00e8s la publicit\u00e9<\/p>\n<p>L\u2019\u00e9mission <a href=\"https:\/\/www.purepeople.com\/article\/danse-avec-les-stars-2026-casting-complet-retour-dune-danseuse-emblematique-jury-tout-ce-quil-faut-savoir-sur-la-nouvelle-saison_a545819\/1\" target=\"_blank\" rel=\"noopener\">Danse avec les stars<\/a> s\u2019appr\u00eate \u00e0 faire son grand retour sur l&rsquo;antenne de TF1. Le 23 janvier prochain, le lancement aura lieu et les nouveaux candidats feront leurs premiers pas sur le parquet. Parmi eux, les t\u00e9l\u00e9spectateurs retrouveront le com\u00e9dien am\u00e9ricain <a href=\"https:\/\/www.purepeople.com\/people\/ian-ziering_p1497\" target=\"_blank\" rel=\"noopener\">Ian Ziering<\/a>, l\u2019humoriste Samuel Bambi, le com\u00e9dien <a href=\"https:\/\/www.purepeople.com\/people\/philippe-lellouche_p2411\" target=\"_blank\" rel=\"noopener\">Philippe Lellouche<\/a>, les cr\u00e9atrices de contenu Maghla et Juju Fitcats, ou encore l&rsquo;animateur <a href=\"https:\/\/www.purepeople.com\/people\/stephane-bern_p230\" target=\"_blank\" rel=\"noopener\">St\u00e9phane Bern<\/a>.<\/p>\n<p>L&rsquo;animateur f\u00e9ru d&rsquo;histoire s&rsquo;est en effet enfin laiss\u00e9 convaincre au bout de deux ans d&rsquo;avance de TF1. \u00ab\u00a0Soit je n&rsquo;avais pas le temps, soit je n&rsquo;avais pas envie ou j&rsquo;avais peur&#8230; Maintenant, j&rsquo;ai moins peur !\u00a0\u00bb, confie-t-il dans le Parisien. St\u00e9phane Bern est surtout <strong>tr\u00e8s soutenu par ses proches qui l&rsquo;ont \u00ab\u00a0<\/strong><strong>pouss\u00e9 \u00e0 accepter<\/strong><strong>\u00ab\u00a0<\/strong>. \u00ab\u00a0M\u00eame les commer\u00e7ants de mon village me disent que c&rsquo;est g\u00e9nial. Ils n&rsquo;en font pas autant quand je leur parle d&rsquo;un nouveau Secrets d&rsquo;Histoire\u00a0\u00bb, ajoute-t-il.<\/p>\n<p>St\u00e9phane Bern sur tous les fronts en 2026<\/p>\n<p>En revanche, ses patrons de France T\u00e9l\u00e9visions apparaissent moins enchant\u00e9s comme il l&rsquo;a fait savoir : \u00ab\u00a0Ils n&rsquo;ont pas saut\u00e9 de joie&#8230; Ils ont plut\u00f4t \u00e9t\u00e9 \u00e9tonn\u00e9s. Cela a fait rire Alexandra Redde-Amiel (directrice des divertissements). <strong>Mais Cyril Giraudbit (directeur des antennes) m&rsquo;a r\u00e9pondu que ce n&rsquo;\u00e9tait pas une bonne id\u00e9e<\/strong>\u00ab\u00a0. Qu&rsquo;\u00e0 cela ne tienne, St\u00e9phane Bern ne s&rsquo;est pas laiss\u00e9 intimider.<\/p>\n<p>\u00ab\u00a0<strong>Je lui ai rappel\u00e9 que je n&rsquo;avais pas de contrat d&rsquo;exclusivit\u00e9<\/strong>, qu&rsquo;eux-m\u00eames faisaient parfois appel \u00e0 d&rsquo;autres personnalit\u00e9s pour faire des \u00e9missions d&rsquo;histoire. De plus, les gens savaient que<strong> je ne partais pas sur TF1 <\/strong>et cela allait peut \u00eatre permettre de toucher un public qui ne regardait pas sp\u00e9cialement France 2 ou France 3&Prime;. L&rsquo;animateur compte donc bien s&rsquo;amuser avec ce nouveau challenge et se \u00ab\u00a0montrer sous un nouveau visage\u00a0\u00bb.<\/p>\n<p>Il s&rsquo;agira en outre d&rsquo;une belle promotion pour ses prochains num\u00e9ros in\u00e9dits de Secrets d&rsquo;histoire (huit ont \u00e9t\u00e9 command\u00e9s par France T\u00e9l\u00e9visions) et pour le nouvel \u00e9pisode de sa s\u00e9rie Bellefond attendu.<\/p>\n","protected":false},"excerpt":{"rendered":"Par Liane Lazaar | R\u00e9dactrice Liane Lazaar est r\u00e9dactrice web rattach\u00e9e au p\u00f4le TV de Purepeople.com. Elle conna\u00eet&hellip;\n","protected":false},"author":2,"featured_media":632482,"comment_status":"","ping_status":"","sticky":false,"template":"","format":"standard","meta":{"footnotes":""},"categories":[1356],"tags":[58,59,1011,27,252,1364],"class_list":{"0":"post-632481","1":"post","2":"type-post","3":"status-publish","4":"format-standard","5":"has-post-thumbnail","7":"category-television","8":"tag-divertissement","9":"tag-entertainment","10":"tag-fr","11":"tag-france","12":"tag-television","13":"tag-tv"},"share_on_mastodon":{"url":"https:\/\/pubeurope.com\/@fr\/115815167404627824","error":""},"_links":{"self":[{"href":"https:\/\/www.europesays.com\/fr\/wp-json\/wp\/v2\/posts\/632481","targetHints":{"allow":["GET"]}}],"collection":[{"href":"https:\/\/www.europesays.com\/fr\/wp-json\/wp\/v2\/posts"}],"about":[{"href":"https:\/\/www.europesays.com\/fr\/wp-json\/wp\/v2\/types\/post"}],"author":[{"embeddable":true,"href":"https:\/\/www.europesays.com\/fr\/wp-json\/wp\/v2\/users\/2"}],"replies":[{"embeddable":true,"href":"https:\/\/www.europesays.com\/fr\/wp-json\/wp\/v2\/comments?post=632481"}],"version-history":[{"count":0,"href":"https:\/\/www.europesays.com\/fr\/wp-json\/wp\/v2\/posts\/632481\/revisions"}],"wp:featuredmedia":[{"embeddable":true,"href":"https:\/\/www.europesays.com\/fr\/wp-json\/wp\/v2\/media\/632482"}],"wp:attachment":[{"href":"https:\/\/www.europesays.com\/fr\/wp-json\/wp\/v2\/media?parent=632481"}],"wp:term":[{"taxonomy":"category","embeddable":true,"href":"https:\/\/www.europesays.com\/fr\/wp-json\/wp\/v2\/categories?post=632481"},{"taxonomy":"post_tag","embeddable":true,"href":"https:\/\/www.europesays.com\/fr\/wp-json\/wp\/v2\/tags?post=632481"}],"curies":[{"name":"wp","href":"https:\/\/api.w.org\/{rel}","templated":true}]}}