{"id":632487,"date":"2025-12-31T16:41:10","date_gmt":"2025-12-31T16:41:10","guid":{"rendered":"https:\/\/www.europesays.com\/fr\/632487\/"},"modified":"2025-12-31T16:41:10","modified_gmt":"2025-12-31T16:41:10","slug":"plus-de-1-500-passages-aux-urgences-cette-semaine-lepidemie-sintensifie-en-nouvelle-aquitaine","status":"publish","type":"post","link":"https:\/\/www.europesays.com\/fr\/632487\/","title":{"rendered":"plus de 1\u00a0500 passages aux urgences cette semaine, l\u2019\u00e9pid\u00e9mie s\u2019intensifie en Nouvelle-Aquitaine"},"content":{"rendered":"<p>            Hausse des cas de grippe chez les plus de 65\u00a0ans<\/p>\n<p>L\u2019activit\u00e9 pour syndrome grippal <a href=\"https:\/\/www.sudouest.fr\/sante\/grippe-dans-les-landes-autant-de-passages-aux-urgences-que-lors-des-fetes-de-la-madeleine-ou-de-dax-27240940.php\" target=\"_blank\" rel=\"noopener\">au sein des services d\u2019urgences de la r\u00e9gion a ainsi bondi de 20\u00a0% en seulement sept jours<\/a> (du 22 au 28\u00a0d\u00e9cembre 2025), atteignant 1\u00a0509 passages enregistr\u00e9s. Plus d\u2019un quart des patients admis pour ce motif ont m\u00eame d\u00fb \u00eatre hospitalis\u00e9s. Cette pression est telle que la part de la grippe dans l\u2019activit\u00e9 totale des urgences s\u2019\u00e9l\u00e8ve d\u00e9sormais \u00e0 5,8\u00a0%, un niveau qui surpasse tous les pics \u00e9pid\u00e9miques observ\u00e9s dans la r\u00e9gion depuis la saison 2010-2011. En m\u00e9decine de ville, les associations SOS M\u00e9decins rapportent une activit\u00e9 tr\u00e8s soutenue avec 3\u00a0250 actes li\u00e9s aux syndromes grippaux sur la semaine pass\u00e9e, ce qui repr\u00e9sente plus d\u2019un cinqui\u00e8me de leurs interventions totales.<\/p>\n<p>    Sur le m\u00eame sujet<\/p>\n<p>                        <a href=\"https:\/\/www.sudouest.fr\/sante\/destination-sante\/grippe-l-ansm-rappelle-que-les-medicaments-homeopathiques-ne-sont-pas-des-vaccins-27241145.php\" title=\"Grippe : l\u2019ANSM rappelle que les m\u00e9dicaments hom\u00e9opathiques ne sont pas des vaccins\" target=\"_blank\" rel=\"noopener\"><br \/>\n                            <img decoding=\"async\" src=\"https:\/\/www.europesays.com\/fr\/wp-content\/uploads\/2025\/12\/so-6952a32f66a4bdfd0f04057a-ph0.jpg\" alt=\"Grippe : l\u2019ANSM rappelle que les m\u00e9dicaments hom\u00e9opathiques ne sont pas des vaccins\"\/><br \/>\n                        <\/a><\/p>\n<p>                    <a href=\"https:\/\/www.sudouest.fr\/sante\/destination-sante\/grippe-l-ansm-rappelle-que-les-medicaments-homeopathiques-ne-sont-pas-des-vaccins-27241145.php\" title=\"Grippe : l\u2019ANSM rappelle que les m\u00e9dicaments hom\u00e9opathiques ne sont pas des vaccins\" target=\"_blank\" rel=\"noopener\"><\/p>\n<p>\n                            Grippe : l\u2019ANSM rappelle que les m\u00e9dicaments hom\u00e9opathiques ne sont pas des vaccins\n                        <\/p>\n<p>                    <\/a><\/p>\n<p>\n                        Dans un communiqu\u00e9 diffus\u00e9 lundi 29 d\u00e9cembre, l\u2019Agence nationale de s\u00e9curit\u00e9 du m\u00e9dicament (ANSM) rappelle que les m\u00e9dicaments hom\u00e9opathiques ne sont pas des vaccins contre la grippe et ne peuvent s\u2019y substituer. \u00ab Des m\u00e9dicaments hom\u00e9opathiques peuvent \u00eatre traditionnellement utilis\u00e9s dans la pr\u00e9vention et le traitement de l\u2019\u00e9tat grippal (fi\u00e8vre, frissons courbatures, etc.) mais ils ne sont ni autoris\u00e9s ni efficaces dans la pr\u00e9vention de la grippe. On ne doit donc pas employer le terme de \u201cvaccin hom\u00e9opathique\u201d pour parler de ces m\u00e9dicaments \u00bb, \u00e9crit l\u2019ANSM.\n                    <\/p>\n<p>Dans le Sud-Ouest, les indicateurs montrent que la virulence de la grippe est actuellement tr\u00e8s h\u00e9t\u00e9rog\u00e8ne\u00a0: si les jeunes de 5 \u00e0 14\u00a0ans pr\u00e9sentent toujours la part d\u2019activit\u00e9 la plus \u00e9lev\u00e9e, une hausse pr\u00e9occupante des cas graves est d\u00e9sormais observ\u00e9e chez les personnes de 65\u00a0ans et plus.<\/p>\n<p>Le Covid-19 peu actif<\/p>\n<p>Quant \u00e0 l\u2019\u00e9pid\u00e9mie de bronchiolite, elle maintient \u00e9galement une pression constante sur les services p\u00e9diatriques n\u00e9o-aquitains, avec un taux d\u2019hospitalisation de 38,6\u00a0% apr\u00e8s un passage aux urgences pour les nourrissons de moins d\u2019un an. Cela repr\u00e9sente 80 b\u00e9b\u00e9s hospitalis\u00e9s la semaine pass\u00e9e dans les \u00e9tablissements de la r\u00e9gion. \u00c0 l\u2019inverse, la circulation du Covid-19 demeure peu active sur l\u2019ensemble du territoire r\u00e9gional, repr\u00e9sentant moins de 0,3\u00a0% de l\u2019activit\u00e9 m\u00e9dicale totale enregistr\u00e9e la semaine pass\u00e9e.<\/p>\n<p>Vaccination et masque<\/p>\n<p>Face \u00e0 cette conjoncture sanitaire tendue, Sant\u00e9 publique France insiste sur la n\u00e9cessit\u00e9 de r\u00e9activer les r\u00e9flexes de pr\u00e9vention pour freiner la diffusion virale. Le port du masque est vivement recommand\u00e9 d\u00e8s l\u2019apparition de sympt\u00f4mes comme la fi\u00e8vre ou la toux, en particulier dans les lieux clos ou en pr\u00e9sence de personnes fragiles.<\/p>\n","protected":false},"excerpt":{"rendered":"Hausse des cas de grippe chez les plus de 65\u00a0ans L\u2019activit\u00e9 pour syndrome grippal au sein des services&hellip;\n","protected":false},"author":2,"featured_media":629162,"comment_status":"","ping_status":"","sticky":false,"template":"","format":"standard","meta":{"footnotes":""},"categories":[10],"tags":[1011,27,72,71],"class_list":{"0":"post-632487","1":"post","2":"type-post","3":"status-publish","4":"format-standard","5":"has-post-thumbnail","7":"category-sante","8":"tag-fr","9":"tag-france","10":"tag-health","11":"tag-sante"},"share_on_mastodon":{"url":"https:\/\/pubeurope.com\/@fr\/115815178859401806","error":""},"_links":{"self":[{"href":"https:\/\/www.europesays.com\/fr\/wp-json\/wp\/v2\/posts\/632487","targetHints":{"allow":["GET"]}}],"collection":[{"href":"https:\/\/www.europesays.com\/fr\/wp-json\/wp\/v2\/posts"}],"about":[{"href":"https:\/\/www.europesays.com\/fr\/wp-json\/wp\/v2\/types\/post"}],"author":[{"embeddable":true,"href":"https:\/\/www.europesays.com\/fr\/wp-json\/wp\/v2\/users\/2"}],"replies":[{"embeddable":true,"href":"https:\/\/www.europesays.com\/fr\/wp-json\/wp\/v2\/comments?post=632487"}],"version-history":[{"count":0,"href":"https:\/\/www.europesays.com\/fr\/wp-json\/wp\/v2\/posts\/632487\/revisions"}],"wp:featuredmedia":[{"embeddable":true,"href":"https:\/\/www.europesays.com\/fr\/wp-json\/wp\/v2\/media\/629162"}],"wp:attachment":[{"href":"https:\/\/www.europesays.com\/fr\/wp-json\/wp\/v2\/media?parent=632487"}],"wp:term":[{"taxonomy":"category","embeddable":true,"href":"https:\/\/www.europesays.com\/fr\/wp-json\/wp\/v2\/categories?post=632487"},{"taxonomy":"post_tag","embeddable":true,"href":"https:\/\/www.europesays.com\/fr\/wp-json\/wp\/v2\/tags?post=632487"}],"curies":[{"name":"wp","href":"https:\/\/api.w.org\/{rel}","templated":true}]}}