{"id":632488,"date":"2025-12-31T16:42:09","date_gmt":"2025-12-31T16:42:09","guid":{"rendered":"https:\/\/www.europesays.com\/fr\/632488\/"},"modified":"2025-12-31T16:42:09","modified_gmt":"2025-12-31T16:42:09","slug":"pro-d2-transferts-exclu-midol-courtise-en-top-14-alex-burin-va-quitter-le-su-agen","status":"publish","type":"post","link":"https:\/\/www.europesays.com\/fr\/632488\/","title":{"rendered":"Pro D2 \/ Transferts &#8211; Exclu Midol. Courtis\u00e9 en Top 14, Alex Burin va quitter le SU Agen"},"content":{"rendered":"<p>\n                Le jeune pilier droit du SU Agen arriv\u00e9 au club en 2017 partira \u00e0 l\u2019issue de la saison 2025\/2026. Selon nos informations, l\u2019information a \u00e9t\u00e9 communiqu\u00e9e \u00e0 son staff et son pr\u00e9sident ces derniers jours. Reste \u00e0 savoir o\u00f9 Alex Burin rebondira l\u2019an prochain.\n            <\/p>\n<p>Ce sera probablement la perte majeure du SUA lors de la prochaine intersaison. Alex Burin quittera le Lot-et-Garonne neuf ans apr\u00e8s l\u2019avoir rejoint. Arriv\u00e9 de Saint-Nazaire, le droitier de 26 ans a connu ses premiers matchs chez les professionnels en 2018 avant de devenir champion du Monde U20.\u00a0<\/p>\n<p>Devenu incontournable depuis trois ans \u00e0 Agen, il avait \u00e9t\u00e9 appel\u00e9 par Fabien Galthi\u00e9 en f\u00e9vrier 2024 pour pr\u00e9parer le match contre l\u2019Italie lors du VI Nations. Cette saison, il a d\u00e9j\u00e0 disput\u00e9 quatorze des quinze matchs de championnat. Dix en tant que titulaire, devenant l\u2019un des meilleurs droitiers du championnat.<\/p>\n<p>Alors qu\u2019il lui restait une ann\u00e9e optionnelle dans son contrat, celle-ci a \u00e9t\u00e9, selon nos informations, d\u00e9nonc\u00e9e. C\u2019est donc ailleurs que l\u2019avenir d\u2019Alex Burin s\u2019\u00e9crira. Mais o\u00f9 ? Si le RC Toulon a ferm\u00e9 la porte r\u00e9cemment, certains clubs ne seraient pas insensibles au profil de ce pilier droit de 26 ans, qui plus est Jiff. Selon nos indiscr\u00e9tions, le LOU, le Castres olympique ou encore Provence Rugby suivraient de pr\u00e8s sa situation et une offre aurait m\u00eame \u00e9t\u00e9 \u00e9mise par la derni\u00e8re \u00e9curie cit\u00e9e. Pour l\u2019heure, rien n\u2019est fait.<\/p>\n<p>Un \u00e9norme chantier \u00e0 droite pour Agen<\/p>\n<p>Pour Mauricio Reggiardo, il s\u2019agira donc de trouver un rempla\u00e7ant dans les prochaines semaines. Pour rappel, au m\u00eame poste, Lasha Macharashvili rejoindra Bayonne la saison prochaine alors que Beau Farrance ne sera pas conserv\u00e9. Nail Audoire (Suresnes) ainsi que Adam Bouar\u00e9 (pr\u00eat de Montpellier) ont, comme nous vous l\u2019indiquions, d\u2019ores et d\u00e9j\u00e0 sign\u00e9 pour la saison prochaine.<\/p>\n<p>Deux profils sont encore attendus. L\u2019un d\u2019entre eux pourrait \u00eatre non-jiff. Des solutions existent puisque plusieurs joueurs arrivent en fin de contrat, notamment en Top 14.<\/p>\n<p>Par ailleurs, toujours selon nos informations, le manager argentin a valid\u00e9 r\u00e9cemment la prolongation d\u2019une saison de l\u2019un de ses capitaines, Santiago Socino. Le talonneur argentin n\u2019a pas activ\u00e9 sa saison optionnelle mais a sign\u00e9 un nouveau bail d\u2019une saison. Il n\u2019est pas le seul \u00e0 poursuivre l\u2019aventure puisque le deuxi\u00e8me ligne William Demotte devrait porter les couleurs du SUA au moins une saison de plus. Tous les joueurs en fin de contrat devraient \u00eatre fix\u00e9s sur leur avenir au club mi-janvier, juste avant le d\u00e9placement \u00e0 Grenoble.\u00a0<\/p>\n","protected":false},"excerpt":{"rendered":"Le jeune pilier droit du SU Agen arriv\u00e9 au club en 2017 partira \u00e0 l\u2019issue de la saison&hellip;\n","protected":false},"author":2,"featured_media":632489,"comment_status":"","ping_status":"","sticky":false,"template":"","format":"standard","meta":{"footnotes":""},"categories":[9],"tags":[1011,27,60,10662],"class_list":{"0":"post-632488","1":"post","2":"type-post","3":"status-publish","4":"format-standard","5":"has-post-thumbnail","7":"category-sports","8":"tag-fr","9":"tag-france","10":"tag-sports","11":"tag-transferts"},"share_on_mastodon":{"url":"https:\/\/pubeurope.com\/@fr\/115815182758895786","error":""},"_links":{"self":[{"href":"https:\/\/www.europesays.com\/fr\/wp-json\/wp\/v2\/posts\/632488","targetHints":{"allow":["GET"]}}],"collection":[{"href":"https:\/\/www.europesays.com\/fr\/wp-json\/wp\/v2\/posts"}],"about":[{"href":"https:\/\/www.europesays.com\/fr\/wp-json\/wp\/v2\/types\/post"}],"author":[{"embeddable":true,"href":"https:\/\/www.europesays.com\/fr\/wp-json\/wp\/v2\/users\/2"}],"replies":[{"embeddable":true,"href":"https:\/\/www.europesays.com\/fr\/wp-json\/wp\/v2\/comments?post=632488"}],"version-history":[{"count":0,"href":"https:\/\/www.europesays.com\/fr\/wp-json\/wp\/v2\/posts\/632488\/revisions"}],"wp:featuredmedia":[{"embeddable":true,"href":"https:\/\/www.europesays.com\/fr\/wp-json\/wp\/v2\/media\/632489"}],"wp:attachment":[{"href":"https:\/\/www.europesays.com\/fr\/wp-json\/wp\/v2\/media?parent=632488"}],"wp:term":[{"taxonomy":"category","embeddable":true,"href":"https:\/\/www.europesays.com\/fr\/wp-json\/wp\/v2\/categories?post=632488"},{"taxonomy":"post_tag","embeddable":true,"href":"https:\/\/www.europesays.com\/fr\/wp-json\/wp\/v2\/tags?post=632488"}],"curies":[{"name":"wp","href":"https:\/\/api.w.org\/{rel}","templated":true}]}}