{"id":632620,"date":"2025-12-31T18:02:47","date_gmt":"2025-12-31T18:02:47","guid":{"rendered":"https:\/\/www.europesays.com\/fr\/632620\/"},"modified":"2025-12-31T18:02:47","modified_gmt":"2025-12-31T18:02:47","slug":"stranger-things-cest-quoi-cette-boue-blanche-ou-tombent-nancy-et-jonathan-dans-la-partie-2-de-la-saison-5-reponse-des-createurs","status":"publish","type":"post","link":"https:\/\/www.europesays.com\/fr\/632620\/","title":{"rendered":"Stranger Things : C\u2019est quoi cette boue blanche o\u00f9 tombent Nancy et Jonathan dans la partie 2 de la saison 5 ? R\u00e9ponse des cr\u00e9ateurs"},"content":{"rendered":"<p>Si vous avez pass\u00e9 le week-end \u00e0 regarder <a href=\"https:\/\/www.programme-tv.net\/news\/series-tv\/394687-stranger-things-saison-5-partie-2-quelle-est-la-duree-des-derniers-episodes\/\" data-api-deeplink=\"teleloisirs:\/\/news\/394687\" target=\"_blank\" rel=\"noopener\">la partie 2 de la saison 5 de Stranger Things<\/a>, vous le savez : les \u00e9pisodes 5, 6 et 7 sont incroyablement riches en informations et rebondissements. Alors que Max et Holly font \u00e9quipe pour \u00e9chapper \u00e0 l&rsquo;esprit d&rsquo;Henry, Dustin et Steven r\u00e8glent leurs comptes violemment, allant jusqu&rsquo;\u00e0 en venir aux mains, tandis <a href=\"https:\/\/www.programme-tv.net\/news\/series-tv\/394845-stranger-things-saison-5-partie-2-cest-impossible-a-deviner-mais-cette-scene-de-lepisode-7-a-ete-la-plus-longue-et-compliquee-a-ecrire-de-toute-la-serie\/\" data-api-deeplink=\"teleloisirs:\/\/news\/394845\" target=\"_blank\" rel=\"noopener\">que Will fait une immense r\u00e9v\u00e9lation \u00e0 son entourage<\/a>, enfin r\u00e9uni avant la bataille finale. Mais l&rsquo;une des grandes r\u00e9v\u00e9lations est la d\u00e9couverte de l&rsquo;Abysse.<\/p>\n<p>On d\u00e9couvre l&rsquo;Abysse via l&rsquo;ancien labo du Dr. Brenner, dans l&rsquo;Upside Down, lors de l&rsquo;\u00e9pisode 5. Pendant que Dustin se bat avec Steve, Nancy et Jonathan d\u00e9couvrent un passage avec une \u00e9trange boue blanche coul\u00e9e sur les murs, qui semble avoir fait fondre une partie du b\u00e2timent et des soldats. Ils remontent cette piste jusqu&rsquo;au toit du labo o\u00f9 ils pensent avoir trouv\u00e9 le g\u00e9n\u00e9rateur de bouclier et tirent dessus. Sauf que Dustin comprend en simultan\u00e9, mais trop tard, qu&rsquo;il s&rsquo;agit de l&rsquo;Abysse&#8230; Mais que vient faire cette boue blanche au milieu de tout cela ?<\/p>\n<p>                        Stranger Things saison 5 : \u00e0 quoi correspond la boue blanche qui manque de tuer Nancy et Jonathan ?<\/p>\n<p>Apr\u00e8s avoir tir\u00e9 sur le champ d&rsquo;\u00e9nergie,<a href=\"https:\/\/www.programme-tv.net\/news\/series-tv\/394814-stranger-things-saison-5-avez-vous-tout-compris-de-lorigine-de-lupside-down-et-de-labysse-les-revelations-de-la-partie-2-expliquees-par-les-createurs\/\" data-api-deeplink=\"teleloisirs:\/\/news\/394814\" target=\"_blank\" rel=\"noopener\"> qui est en r\u00e9alit\u00e9 de la Mati\u00e8re Exotique comme l&rsquo;expliquera plus tard Dustin, <\/a>\u00e0 la fin de l&rsquo;\u00e9pisode 5, l&rsquo;\u00e9pisode 6 retrouve Nancy et Jonathan en train de se faire engloutir par la boue blanche. Finalement, apr\u00e8s une longue sc\u00e8ne fa\u00e7on Titanic o\u00f9 Nancy et Jonathan se r\u00e9fugient sur une table et finissent par se dire leurs quatre v\u00e9rit\u00e9s, la boue finit par se figer in extremis avant de les avaler, sans qu&rsquo;on ne sache vraiment pourquoi. Le m\u00e9dia am\u00e9ricain Variety a interrog\u00e9 Ross et Matt Duffer \u00e0 ce sujet&#8230; \u00ab\u00a0Nous voulions mettre Jonathan et Nancy dans une situation o\u00f9 ils pensaient qu&rsquo;ils allaient mourir, mais bien s\u00fbr, ce n&rsquo;est pas le cas. Mais l&rsquo;histoire derri\u00e8re tout \u00e7a, c&rsquo;est que lorsque la mati\u00e8re exotique, ou mati\u00e8re noire, est perturb\u00e9e, elle perturbe l&rsquo;environnement qui l&rsquo;entoure, dans ce cas-ci le laboratoire, provoquant sa fusion. Mais \u00e0 un certain moment, comme vous le voyez plus t\u00f4t dans l&rsquo;\u00e9pisode 5, lorsque Jonathan et Nancy se trouvent aux \u00e9tages sup\u00e9rieurs du laboratoire, ils constatent que cette substance gluante, cette mati\u00e8re fondue, s&rsquo;est solidifi\u00e9e. \u00c0 un certain moment, elle se solidifie. Et dans ce cas, nous montrons combien de temps cela prend\u00a0\u00bb, explique Ross Duffer.<\/p>\n<p>Pas de sauvetage mystique donc, juste un temps de s\u00e9chage parfait pour nos deux h\u00e9ros&#8230;\u00a0\u00bbVous pouvez comparer cela au soleil : la mati\u00e8re exotique est cyclique, puis, \u00e0 mesure qu&rsquo;elle \u00ab\u00a0se couche\u00a0\u00bb avec le temps, la fusion ralentit et s&rsquo;arr\u00eate. Le sc\u00e9nario cauchemardesque pour Jonathan et Nancy aurait \u00e9t\u00e9 de finir comme ces soldats que vous avez vus dans l&rsquo;\u00e9pisode pr\u00e9c\u00e9dent, o\u00f9 ils se retrouvent pi\u00e9g\u00e9s\u00a0\u00bb, compl\u00e8te Matt Duffer.<\/p>\n","protected":false},"excerpt":{"rendered":"Si vous avez pass\u00e9 le week-end \u00e0 regarder la partie 2 de la saison 5 de Stranger Things,&hellip;\n","protected":false},"author":2,"featured_media":632621,"comment_status":"","ping_status":"","sticky":false,"template":"","format":"standard","meta":{"footnotes":""},"categories":[9635],"tags":[1111,11,1409,244,1777,674,1011,27,775,1702,127,12,1722,25,19536,40852,1721,129],"class_list":{"0":"post-632620","1":"post","2":"type-post","3":"status-publish","4":"format-standard","5":"has-post-thumbnail","7":"category-nancy","8":"tag-actu","9":"tag-actualites","10":"tag-bande-annonce","11":"tag-commentaire","12":"tag-eu","13":"tag-europe","14":"tag-fr","15":"tag-france","16":"tag-grand-est","17":"tag-nancy","18":"tag-netflix","19":"tag-news","20":"tag-pub-streaming-netflix","21":"tag-republique-francaise","22":"tag-stranger-things","23":"tag-stranger-things-20478001","24":"tag-su00e9rie-netflix","25":"tag-svod"},"share_on_mastodon":{"url":"https:\/\/pubeurope.com\/@fr\/115815501255279284","error":""},"_links":{"self":[{"href":"https:\/\/www.europesays.com\/fr\/wp-json\/wp\/v2\/posts\/632620","targetHints":{"allow":["GET"]}}],"collection":[{"href":"https:\/\/www.europesays.com\/fr\/wp-json\/wp\/v2\/posts"}],"about":[{"href":"https:\/\/www.europesays.com\/fr\/wp-json\/wp\/v2\/types\/post"}],"author":[{"embeddable":true,"href":"https:\/\/www.europesays.com\/fr\/wp-json\/wp\/v2\/users\/2"}],"replies":[{"embeddable":true,"href":"https:\/\/www.europesays.com\/fr\/wp-json\/wp\/v2\/comments?post=632620"}],"version-history":[{"count":0,"href":"https:\/\/www.europesays.com\/fr\/wp-json\/wp\/v2\/posts\/632620\/revisions"}],"wp:featuredmedia":[{"embeddable":true,"href":"https:\/\/www.europesays.com\/fr\/wp-json\/wp\/v2\/media\/632621"}],"wp:attachment":[{"href":"https:\/\/www.europesays.com\/fr\/wp-json\/wp\/v2\/media?parent=632620"}],"wp:term":[{"taxonomy":"category","embeddable":true,"href":"https:\/\/www.europesays.com\/fr\/wp-json\/wp\/v2\/categories?post=632620"},{"taxonomy":"post_tag","embeddable":true,"href":"https:\/\/www.europesays.com\/fr\/wp-json\/wp\/v2\/tags?post=632620"}],"curies":[{"name":"wp","href":"https:\/\/api.w.org\/{rel}","templated":true}]}}