{"id":632626,"date":"2025-12-31T18:05:15","date_gmt":"2025-12-31T18:05:15","guid":{"rendered":"https:\/\/www.europesays.com\/fr\/632626\/"},"modified":"2025-12-31T18:05:15","modified_gmt":"2025-12-31T18:05:15","slug":"la-montpellieraine-charlotte-quentin-croque-la-parentalite-tardive-dans-une-bd-qui-dynamite-la-maternite-parfaite","status":"publish","type":"post","link":"https:\/\/www.europesays.com\/fr\/632626\/","title":{"rendered":"La Montpelli\u00e9raine Charlotte Quentin croque la parentalit\u00e9 tardive dans une BD qui dynamite la \u00ab\u00a0maternit\u00e9 parfaite\u00a0\u00bb"},"content":{"rendered":"<p>\n                                                                Leokadie, alias Charlotte Quentin, signe \u00ab\u00a0Abel, j\u2019adore mes parents\u00a0\u00bb, une BD humoristique sur la maternit\u00e9 tardive et le quotidien de jeunes parents. Inspir\u00e9e de ses dessins publi\u00e9s sur Instagram, l\u2019autrice montpelli\u00e9raine retrace, entre charge mentale, cr\u00e8che et premiers pas, une parentalit\u00e9 r\u00e9elle loin des mod\u00e8les id\u00e9alis\u00e9s, dans un r\u00e9cit \u00e9dit\u00e9 par la maison d\u2019\u00e9dition montpelli\u00e9raine Alter Comics.\n                            <\/p>\n<p>Neuf mois. C\u2019est la dur\u00e9e bien connue de la gestation, mais aussi le temps qu\u2019il a fallu \u00e0 Leokadie, alias Charlotte Quentin, pour \u00e9laborer une bande dessin\u00e9e sur la vie de jeunes parents et la maternit\u00e9. Avec Abel, j\u2019adore mes parents, l\u2019illustratrice montpelli\u00e9raine explore avec humour le quotidien d\u2019une quadra devenue m\u00e8re sur le tard.\u00a0\u00c0 l\u2019image de l\u2019usage dans l\u2019univers de la bd ind\u00e9pendante, c\u2019est son cas qu\u2019elle prend en exemple. Mais est-elle vraiment blonde avec des poils aux pattes\u00a0?<\/p>\n<p>De la naissance au retour \u00e0 la maison<\/p>\n<p>En sept chapitres, Charlotte \u00e9voque sa maternit\u00e9 et ses d\u00e9buts de maman. Il y a l\u2019annonce de la grossesse \u00e0 un groupe d\u2019amis pas vraiment concern\u00e9, les petites complications post-naissance, puis le s\u00e9jour \u00e0 la maternit\u00e9 de l\u2019h\u00f4pital \u2013 \u00ab\u00a0mon \u00e2me de gaucho a choisi un \u00e9tablissement public\u00a0\u00bb, confie la m\u00e8re. Puis vient le retour \u00e0 trois \u00e0 la maison avec le petit Abel, dans un chapitre intitul\u00e9 \u00ab\u00a0Panique\u00a0\u00bb. \u00ab\u00a0Cela fait neuf mois que nous sommes devenus parents, et mon mec s\u2019est transform\u00e9 en deuxi\u00e8me enfant, pire\u00a0: en adolescent\u00a0\u00bb, introduit-elle, d\u00e9crivant une charge mentale qui enfle alors qu\u2019elle enseigne aussi \u00e0 l\u2019Institut Sup\u00e9rieur des Arts Appliqu\u00e9s de Mauguio.<\/p>\n<p>Le square, cet univers impitoyable<\/p>\n<p>Le chapitre suivant aborde la comp\u00e9tition entre mamans au square. \u00ab\u00a0C\u2019est un peu celui qui marchera le plus vite\u00a0\u00bb, sourit Charlotte. Puis l\u2019entr\u00e9e en cr\u00e8che, \u00e0 l\u2019aube des seize mois d\u2019Abel\u00a0: d\u00e9crivant la journ\u00e9e d\u2019adaptation, la m\u00e8re qui croque des petits \u00e9dent\u00e9s, bave aux l\u00e8vres, l\u00e2che\u00a0: \u00ab\u00a0On se croirait dans un Ehpad. \u00ab\u00a0<\/p>\n<p>Une \u00e9dition montpelli\u00e9raine<\/p>\n<p>Cette BD dr\u00f4le est n\u00e9e de \u00ab\u00a0petits gribouillages\u00a0\u00bb\u00a0post\u00e9s sur Instagram, catharsis pour raconter les \u00ab\u00a0petites b\u00eatises du quotidien\u00a0\u00bb avec son fils. Une vision qui a s\u00e9duit Jean-Christophe Lopez d\u2019Alter Comics, maison d\u2019\u00e9dition montpelli\u00e9raine. Charlotte a ensuite tout \u00e9crit, dessin\u00e9 et colori\u00e9.\u00a0\u00ab\u00a0C\u2019est surtout pour faire d\u00e9culpabiliser les mamans\u00a0\u00bb, r\u00e9sume l\u2019autrice, lectrice de Reiser, de la BD franco-belge et du Montpelli\u00e9rain Trondheim. Il s\u2019agit de montrer que la vie r\u00e9elle est loin de l\u2019image de la \u00ab\u00a0maternit\u00e9 parfaite\u00a0\u00bb v\u00e9hicul\u00e9e sur les r\u00e9seaux sociaux.<\/p>\n<p>Charlotte a d\u00e9j\u00e0 les trois prochains tomes en t\u00eate, chacun centr\u00e9 sur une p\u00e9riode de la vie de son fils, poursuivant sans d\u00e9tour le portrait de la parentalit\u00e9 et les turbulences du couple, toujours avec humour.<\/p>\n<p>Abel, j\u2019adore mes parents, Charlotte Quentin, Alter Comics, 72 pages, 16,90\u00a0\u20ac.<\/p>\n","protected":false},"excerpt":{"rendered":"Leokadie, alias Charlotte Quentin, signe \u00ab\u00a0Abel, j\u2019adore mes parents\u00a0\u00bb, une BD humoristique sur la maternit\u00e9 tardive et le&hellip;\n","protected":false},"author":2,"featured_media":632627,"comment_status":"","ping_status":"","sticky":false,"template":"","format":"standard","meta":{"footnotes":""},"categories":[9599],"tags":[1111,11,47662,872,1777,674,1011,27,7089,2208,12,2680,25],"class_list":{"0":"post-632626","1":"post","2":"type-post","3":"status-publish","4":"format-standard","5":"has-post-thumbnail","7":"category-montpellier","8":"tag-actu","9":"tag-actualites","10":"tag-bande-dessinu00e9e","11":"tag-culture-et-loisirs","12":"tag-eu","13":"tag-europe","14":"tag-fr","15":"tag-france","16":"tag-herault","17":"tag-montpellier","18":"tag-news","19":"tag-occitanie","20":"tag-republique-francaise"},"share_on_mastodon":{"url":"https:\/\/pubeurope.com\/@fr\/115815509172714007","error":""},"_links":{"self":[{"href":"https:\/\/www.europesays.com\/fr\/wp-json\/wp\/v2\/posts\/632626","targetHints":{"allow":["GET"]}}],"collection":[{"href":"https:\/\/www.europesays.com\/fr\/wp-json\/wp\/v2\/posts"}],"about":[{"href":"https:\/\/www.europesays.com\/fr\/wp-json\/wp\/v2\/types\/post"}],"author":[{"embeddable":true,"href":"https:\/\/www.europesays.com\/fr\/wp-json\/wp\/v2\/users\/2"}],"replies":[{"embeddable":true,"href":"https:\/\/www.europesays.com\/fr\/wp-json\/wp\/v2\/comments?post=632626"}],"version-history":[{"count":0,"href":"https:\/\/www.europesays.com\/fr\/wp-json\/wp\/v2\/posts\/632626\/revisions"}],"wp:featuredmedia":[{"embeddable":true,"href":"https:\/\/www.europesays.com\/fr\/wp-json\/wp\/v2\/media\/632627"}],"wp:attachment":[{"href":"https:\/\/www.europesays.com\/fr\/wp-json\/wp\/v2\/media?parent=632626"}],"wp:term":[{"taxonomy":"category","embeddable":true,"href":"https:\/\/www.europesays.com\/fr\/wp-json\/wp\/v2\/categories?post=632626"},{"taxonomy":"post_tag","embeddable":true,"href":"https:\/\/www.europesays.com\/fr\/wp-json\/wp\/v2\/tags?post=632626"}],"curies":[{"name":"wp","href":"https:\/\/api.w.org\/{rel}","templated":true}]}}