{"id":632634,"date":"2025-12-31T18:10:42","date_gmt":"2025-12-31T18:10:42","guid":{"rendered":"https:\/\/www.europesays.com\/fr\/632634\/"},"modified":"2025-12-31T18:10:42","modified_gmt":"2025-12-31T18:10:42","slug":"lannee-de-la-descente-aux-enfers-deric-piolle","status":"publish","type":"post","link":"https:\/\/www.europesays.com\/fr\/632634\/","title":{"rendered":"L&rsquo;ANN\u00c9E DE LA DESCENTE AUX ENFERS D&rsquo;\u00c9RIC PIOLLE"},"content":{"rendered":"<p>Posted On 31 d\u00e9cembre 2025 <\/p>\n<p style=\"text-align: justify;\" data-path-to-node=\"4\">Quelle ann\u00e9e pour Eric Piolle. Celui qui se posait en phare de l&rsquo;\u00e9cologie n&rsquo;est plus qu&rsquo;un paria, banni par les siens qui n&rsquo;osent plus se revendiquer de son bilan tant il est un boulet pour les Verts, tandis que l&rsquo;image du gendre id\u00e9al a explos\u00e9 \u00e0 mesure que ses affaires et ses m\u00e9thodes sont d\u00e9voil\u00e9es au grand jour.<\/p>\n<p>LA D\u00c9B\u00c2CLE \u00c9LECTORALE DE JANVIER : LE D\u00c9BUT DE LA FIN\u00a0<\/p>\n<p style=\"text-align: justify;\" data-path-to-node=\"28\">Le d\u00e9clin a \u00e9t\u00e9 amorc\u00e9 d\u00e8s le d\u00e9but de l&rsquo;ann\u00e9e 2025 avec <a href=\"https:\/\/grenoble-le-changement.fr\/2025\/01\/20\/la-majorite-municipale-perd-un-depute-avant-lorage-des-affaires\/\" target=\"_blank\" rel=\"noopener\">l&rsquo;effondrement du candidat Verts\/LFI lors de la l\u00e9gislative partielle sur la 1\u00e8re circonscription de l&rsquo;Is\u00e8re<\/a>. Lyes Louffok, parachut\u00e9 en grande pompe par M\u00e9lenchon et pour qui Piolle a fait campagne, s&rsquo;est inclin\u00e9 en ayant perdu 12 points par rapport au scrutin pr\u00e9c\u00e9dent. Un d\u00e9saveu cinglant qui montrait d\u00e9j\u00e0 que le syst\u00e8me Verts\/LFI local avait pris du plomb dans l&rsquo;aile.\u00a0<\/p>\n<p><a href=\"https:\/\/grenoble-le-changement.fr\/wp-content\/uploads\/2025\/01\/piolle-louffok-election.png\" rel=\"lightbox[86927] noopener\" target=\"_blank\"><img loading=\"lazy\" decoding=\"async\" class=\" wp-image-79214 jetpack-lazy-image\" src=\"https:\/\/grenoble-le-changement.fr\/wp-content\/uploads\/2025\/01\/piolle-louffok-election-261x300.png\" alt=\"\" width=\"474\" height=\"545\" data-lazy-src=\"https:\/\/www.europesays.com\/fr\/wp-content\/uploads\/2025\/12\/piolle-louffok-election-261x300.png\" \/><\/a>Lyes Louffok et Eric Piolle : une chute historique du score de leur camp<br \/>\nLE MAIRE QUI SE \u00ab\u00a0FOUT UN PEU\u00a0\u00bb DE L&rsquo;INS\u00c9CURIT\u00c9 DANS LA VILLE RECORD EN LA MATI\u00c8RE<\/p>\n<p style=\"text-align: justify;\" data-path-to-node=\"28\">En f\u00e9vrier, Grenoble a encore<a href=\"https:\/\/grenoble-le-changement.fr\/2025\/02\/14\/la-grenade-et-le-maire-qui-se-fout-un-peu-des-critiques-sur-linsecurite\/\" target=\"_blank\" rel=\"noopener\"> d\u00e9fray\u00e9 la chronique avec une attaque \u00e0 la grenade dans un bar du Village Olympique<\/a>. Une attaque d&rsquo;une rare violence qui a choqu\u00e9 l&rsquo;opinion bien au-del\u00e0 de Grenoble&#8230; au moment m\u00eame o\u00f9 une interview d&rsquo;Eric Piolle paraissait, dans laquelle il expliquait qu&rsquo;il \u00ab\u00a0se fout un peu\u00a0\u00bb des critiques sur l&rsquo;ins\u00e9curit\u00e9. Timing cruel, et lev\u00e9e de boucliers contre ces propos dans une ville premi\u00e8re pour la d\u00e9linquance, qui finit l&rsquo;ann\u00e9e sur le bilan morbide de presque 50 fusillades.<\/p>\n<p>L&rsquo;AFFAIRE DES ENVELOPPES AU BLACK<\/p>\n<p style=\"text-align: justify;\" data-path-to-node=\"4\">2025 a \u00e9galement \u00e9t\u00e9 <a href=\"https:\/\/grenoble-le-changement.fr\/2025\/03\/17\/affaires-piolle-martin-ferrari-pourquoi-le-parquet-freine-des-quatre-fers\/\" target=\"_blank\" rel=\"noopener\">l\u2019ann\u00e9e de la mont\u00e9e en \u00e9pingle des suspicions et de l\u2019ouverture d\u2019une proc\u00e9dure judiciaire \u00e0 l\u2019encontre du Maire<\/a>, accus\u00e9 d\u2019avoir mis en place un montage financier occulte pour r\u00e9mun\u00e9rer sa premi\u00e8re adjointe, Elisa Martin, avec de l\u2019argent public \u00ab\u00a0au black\u00a0\u00bb. 400 euros par mois en liquide, pr\u00e9lev\u00e9s sur le salaire d&rsquo;un collaborateur qui aurait \u00e9t\u00e9 augment\u00e9 pour l&rsquo;occasion. Apr\u00e8s sa condamnation pour favoritisme dans l&rsquo;affaire des tuiles en 2023&#8230;<\/p>\n<p><a href=\"https:\/\/grenoble-le-changement.fr\/wp-content\/uploads\/2024\/07\/affaire-piolle-martin-lsourt.jpg\" rel=\"lightbox[86927] noopener\" target=\"_blank\"><img loading=\"lazy\" decoding=\"async\" class=\" wp-image-74830 jetpack-lazy-image\" src=\"https:\/\/grenoble-le-changement.fr\/wp-content\/uploads\/2024\/07\/affaire-piolle-martin-lsourt-225x300.jpg\" alt=\"\" width=\"358\" height=\"477\" data-lazy-src=\"https:\/\/www.europesays.com\/fr\/wp-content\/uploads\/2025\/12\/affaire-piolle-martin-lsourt-225x300.jpg\" \/><\/a>L&rsquo;affaire Piolle\/Martin a grandement particip\u00e9 \u00e0 mettre en l&rsquo;air les plans de Piolle cette ann\u00e9e<br \/>\nSUSPENDU DES VERTS CAR IL NE R\u00c9FUTE PAS LES ACCUSATIONS<\/p>\n<p style=\"text-align: justify;\" data-path-to-node=\"4\">\u00c7a commence \u00e0 faire beaucoup, au point que Piolle a \u00e9t\u00e9 l\u00e2ch\u00e9 par son propre parti. Invoquant ces accusations, la patronne des Verts Marine Tondelier a d&rsquo;abord commenc\u00e9 par tenter de l&#8217;emp\u00eacher de se pr\u00e9senter au poste de parole-parole du parti en avril. Peine perdu, mais rebelote en septembre avec finalement la suspension de ses fonctions. Motif : au cours de deux auditions internes chez les Verts, il <a href=\"https:\/\/grenoble-le-changement.fr\/2025\/09\/18\/eric-piolle-soupconne-dun-montage-financier-suspendu-de-ses-fonctions-chez-les-verts\/\" target=\"_blank\" rel=\"noopener\">n&rsquo;a pas jug\u00e9 bon de r\u00e9futer les accusations<\/a> qui p\u00e8sent contre lui&#8230;<\/p>\n<p>LE RECOURS PATH\u00c9TIQUE POUR GARDER SA FONCTION<\/p>\n<p style=\"text-align: justify;\" data-path-to-node=\"4\">En d\u00e9cembre, il finit d&rsquo;ailleurs l&rsquo;ann\u00e9e avec un<a target=\"_blank\" href=\"https:\/\/www.liberation.fr\/politique\/suspendu-de-sa-fonction-de-porte-parole-des-verts-eric-piolle-depose-un-recours-20251213_GEVXFGK3YVDS3CHU5KYPYMEHQ4\/\" rel=\"noopener\"> recours d\u00e9sesp\u00e9r\u00e9 aupr\u00e8s du Conseil f\u00e9d\u00e9ral<\/a> de son parti. Il d\u00e9nonce un \u00ab oukase politicien \u00bb, s&rsquo;enterrant un peu plus dans le ridicule avec ce qui a tout du baroud d\u2019honneur d&rsquo;un homme aux abois. On le comprend : en mars, il ne sera plus Maire, et son poste chez les Verts est la derni\u00e8re voie un peu path\u00e9tique qui lui reste pour se pr\u00e9server un hypoth\u00e9tique avenir en politique.<\/p>\n<p><a href=\"https:\/\/grenoble-le-changement.fr\/wp-content\/uploads\/2025\/04\/Capture-de\u0301cran-2025-04-27-a\u0300-16.41.17-2.png\" rel=\"lightbox[86927] noopener\" target=\"_blank\"><img loading=\"lazy\" decoding=\"async\" class=\" wp-image-81648 jetpack-lazy-image\" src=\"https:\/\/grenoble-le-changement.fr\/wp-content\/uploads\/2025\/04\/Capture-de\u0301cran-2025-04-27-a\u0300-16.41.17-2-300x204.png\" alt=\"\" width=\"537\" height=\"365\" data-lazy-src=\"https:\/\/www.europesays.com\/fr\/wp-content\/uploads\/2025\/12\/Capture-de\u0301cran-2025-04-27-a\u0300-16.41.17-2-300x204.png\" \/><\/a>Extrait du mail du d\u00e9put\u00e9 europ\u00e9en David Cormand \u00e0 Eric Piolle pendant la campagne interne. Les \u00ab\u00a0faits graves\u00a0\u00bb de l&rsquo;affaire Piolle \/ Martin dont peser \u00ab\u00a0un danger politique majeur\u00a0\u00bb sur les Verts..<br \/>\nLA VILLE-GHETTO DE PAUVRES COMME PROJET<\/p>\n<p style=\"text-align: justify;\" data-path-to-node=\"22\">L&rsquo;\u00e9t\u00e9 a lui \u00e9t\u00e9 marqu\u00e9 par une \u00e9ni\u00e8me de ses fulgurance. Il<a href=\"https:\/\/grenoble-le-changement.fr\/2025\/08\/01\/contre-les-ghettos-de-riches-piolle-a-cree-une-ville-ghetto-de-pauvres\/\" target=\"_blank\" rel=\"noopener\">\u00a0a enclench\u00e9 une pol\u00e9mique nationale en revendiquant<\/a> vouloir \u00ab\u00a0casser les ghettos de riches\u00a0\u00bb. Dans la bouche de Piolle, \u00eatre de la classe moyenne ou poss\u00e9der un appartement est un crime social. Un discours de fracture particuli\u00e8rement hors-sol dans une ville o\u00f9 la paup\u00e9risation bat des records. Car sa politique ne combat pas la pauvret\u00e9, elle la cultive pour modeler la ville \u00e0 l&rsquo;image de ce que la gauche imagine \u00eatre des \u00e9lecteurs captifs.<\/p>\n<p>DES \u00ab\u00a0PRESSIONS\u00a0\u00bb VIOLENTES SUR UNE ADJOINTE HISTORIQUE&#8230;<\/p>\n<p style=\"text-align: justify;\" data-path-to-node=\"23\">2025, c&rsquo;est enfin la derni\u00e8re ann\u00e9e de mandat pour celui qui ne se repr\u00e9sente pas en mars prochain. Et il a r\u00e9ussi \u00e0 rater sa succession <a href=\"https:\/\/grenoble-le-changement.fr\/2025\/09\/23\/les-verts-dechires-par-la-candidature-de-laurence-ruffin\/\" target=\"_blank\" rel=\"noopener\">en imposant la candidate Laurence Ruffin au forceps<\/a>, avec toute la brutalit\u00e9 qui le caract\u00e9rise : son adjointe \u00e0 la culture Lucille Lheureux (Verts), fid\u00e8le parmi les fid\u00e8les depuis le d\u00e9but qui \u00e9tait aussi en lice, a fait exploser l&rsquo;op\u00e9ration en r\u00e9v\u00e9lant avoir subi des pressions et menaces y compris d&rsquo;ordre priv\u00e9 de la part du Maire pour se ranger derri\u00e8re Ruffin.<\/p>\n<p><a href=\"https:\/\/grenoble-le-changement.fr\/wp-content\/uploads\/2025\/09\/mediapart-piolle-fiasco.png\" rel=\"lightbox[86927] noopener\" target=\"_blank\"><img loading=\"lazy\" decoding=\"async\" class=\" wp-image-84819 jetpack-lazy-image\" src=\"https:\/\/grenoble-le-changement.fr\/wp-content\/uploads\/2025\/09\/mediapart-piolle-fiasco-300x148.png\" alt=\"\" width=\"643\" height=\"317\" data-lazy-src=\"https:\/\/www.europesays.com\/fr\/wp-content\/uploads\/2025\/09\/mediapart-piolle-fiasco-300x148.png\" \/><\/a>Mediapart : \u00ab\u00a0la succession vire au fiasco\u00a0\u00bb&#8230;<br \/>\n&#8230; ET DE NOUVELLES R\u00c9V\u00c9LATIONS TROUBLES<\/p>\n<p style=\"text-align: justify;\" data-path-to-node=\"23\"><a href=\"https:\/\/grenoble-le-changement.fr\/2025\/09\/24\/une-nouvelle-affaire-financiere-explosive-pour-les-verts\/\" target=\"_blank\" rel=\"noopener\">Au passage, se penchant sur le sujet, M\u00e9diapart<\/a> avait r\u00e9v\u00e9l\u00e9 qu&rsquo;il y a 4 ans Lucille Lheureux avait emprunt\u00e9 45 000 euros \u00e0 la directrice de cabinet d&rsquo;Eric Piolle, Odile Barnola. En 2023, deux ans apr\u00e8s le pr\u00eat (qui n&rsquo;est \u00e0 ce jour toujours pas rembours\u00e9), le compagnon de Lucille Lheureux Eric Recoura, embauch\u00e9 depuis 2012 \u00e0 la ville de Grenoble, la quitte avec une rupture conventionnelle qui lui octroie&#8230; 45 000 \u20ac d&rsquo;indemnit\u00e9s. Le m\u00eame montant. Valid\u00e9 par le Maire. Une nouvelle affaire financi\u00e8re troublante qui discr\u00e9dite encore un peu plus ce dernier.<\/p>\n<p><a href=\"https:\/\/grenoble-le-changement.fr\/wp-content\/uploads\/2025\/09\/sms-adjoint-indemnite-recoura.png\" rel=\"lightbox[86927] noopener\" target=\"_blank\"><img loading=\"lazy\" decoding=\"async\" class=\" wp-image-84965 jetpack-lazy-image\" src=\"https:\/\/grenoble-le-changement.fr\/wp-content\/uploads\/2025\/09\/sms-adjoint-indemnite-recoura-300x204.png\" alt=\"\" width=\"525\" height=\"357\" data-lazy-src=\"https:\/\/www.europesays.com\/fr\/wp-content\/uploads\/2025\/12\/sms-adjoint-indemnite-recoura-300x204.png\" \/><\/a>Le SMS d&rsquo;un adjoint publi\u00e9 par Mediapart, qui confirme la validation du montant par \u00ab\u00a0l&rsquo;autre Eric\u00a0\u00bb (= Piolle)<br \/>\nLAURENCE RUFFIN, LA CANDIDATE DE PIOLLE&#8230; QUI REJETTE PIOLLE<\/p>\n<p style=\"text-align: justify;\" data-path-to-node=\"23\">Mais le clou dans le cercueil piolliste en 2025 vient de celle qu&rsquo;il a impos\u00e9 comme candidate pour sa succession. Laurence Ruffin. <a href=\"https:\/\/grenoble-le-changement.fr\/2025\/12\/01\/laurence-ruffin-la-candidate-des-verts-promet-linverse-de-son-bilan\/\" target=\"_blank\" rel=\"noopener\">Celle-ci fait tout comme lui<\/a> : m\u00eame storytelling, m\u00eame \u00e9quipe, m\u00eames conseillers, m\u00eame engagements&#8230; Mais elle refuse d\u00e9sormais de s&rsquo;afficher avec lui tant il est devenu un boulet, ne parle jamais de lui et de son bilan catastrophique \u00e0 porter alors qu&rsquo;elle en est l&rsquo;h\u00e9riti\u00e8re en tant que candidate des Verts, et il y a de grandes chances qu&rsquo;elle refuse que Piolle figure sur sa liste. Tout un symbole. Il finit l&rsquo;ann\u00e9e enterr\u00e9 par celle qu&rsquo;il a fait naitre.\u00a0<\/p>\n<p><a href=\"https:\/\/grenoble-le-changement.fr\/wp-content\/uploads\/2025\/09\/piolle-ruffin-manif-hilares.png\" rel=\"lightbox[86927] noopener\" target=\"_blank\"><img loading=\"lazy\" decoding=\"async\" class=\" wp-image-84768 jetpack-lazy-image\" src=\"https:\/\/grenoble-le-changement.fr\/wp-content\/uploads\/2025\/09\/piolle-ruffin-manif-hilares-300x298.png\" alt=\"\" width=\"535\" height=\"531\" data-lazy-src=\"https:\/\/www.europesays.com\/fr\/wp-content\/uploads\/2025\/11\/piolle-ruffin-manif-hilares-300x298.png\" \/><\/a>La derni\u00e8re apparition de Piolle et Ruffin ensemble, en septembre. Depuis cette derni\u00e8re refuse d&rsquo;apparaitre avec<br \/>\nEN 2026, TOURNER LA PAGE DE CES DEUX MANDATS<\/p>\n<p style=\"text-align: justify;\" data-path-to-node=\"34\">Au-del\u00e0 de sa seule personne, cette ann\u00e9e aura confirm\u00e9 que ce syst\u00e8me est incapable de s&rsquo;occuper de Grenoble et de respecter les Grenoblois. Face au champ de ruines qu&rsquo;ils laissent, une seule issue se dessine. <a href=\"https:\/\/grenoble-le-changement.fr\/2025\/10\/04\/sondage-a-carignon-peut-battre-l-ruffin\/\" target=\"_blank\" rel=\"noopener\">L&rsquo;\u00e9quipe \u00ab\u00a0R\u00e9concilier Grenoble\u00a0\u00bb men\u00e9e par Alain Carignon<\/a> s&rsquo;impose comme la voix du rassemblement et de la rupture face \u00e0 cette plantade g\u00e9n\u00e9ralis\u00e9e qui a fractur\u00e9 la ville, et qui se poursuivrait si Laurence Ruffin \u00e9tait \u00e9lue.<\/p>\n<p style=\"text-align: justify;\" data-path-to-node=\"34\">2025 s&rsquo;ach\u00e8ve et avec elle, il est enfin temps de tourner la page de deux mandats de malheur.<\/p>\n","protected":false},"excerpt":{"rendered":"Posted On 31 d\u00e9cembre 2025 Quelle ann\u00e9e pour Eric Piolle. Celui qui se posait en phare de l&rsquo;\u00e9cologie&hellip;\n","protected":false},"author":2,"featured_media":422952,"comment_status":"","ping_status":"","sticky":false,"template":"","format":"standard","meta":{"footnotes":""},"categories":[9566],"tags":[1111,11,9601,2430,15452,10131,9607,25222,1777,674,1011,27,2731,10136,10612,27723,4729,12,26493,25],"class_list":{"0":"post-632634","1":"post","2":"type-post","3":"status-publish","4":"format-standard","5":"has-post-thumbnail","7":"category-grenoble","8":"tag-actu","9":"tag-actualites","10":"tag-alain-carignon","11":"tag-auvergne-rhone-alpes","12":"tag-david-cormand","13":"tag-elisa-martin","14":"tag-eric-piolle","15":"tag-eric-recoura","16":"tag-eu","17":"tag-europe","18":"tag-fr","19":"tag-france","20":"tag-grenoble","21":"tag-laurence-ruffin","22":"tag-lucille-lheureux","23":"tag-lyes-louffok","24":"tag-marine-tondelier","25":"tag-news","26":"tag-odile-barnola","27":"tag-republique-francaise"},"share_on_mastodon":{"url":"https:\/\/pubeurope.com\/@fr\/115815529283065244","error":""},"_links":{"self":[{"href":"https:\/\/www.europesays.com\/fr\/wp-json\/wp\/v2\/posts\/632634","targetHints":{"allow":["GET"]}}],"collection":[{"href":"https:\/\/www.europesays.com\/fr\/wp-json\/wp\/v2\/posts"}],"about":[{"href":"https:\/\/www.europesays.com\/fr\/wp-json\/wp\/v2\/types\/post"}],"author":[{"embeddable":true,"href":"https:\/\/www.europesays.com\/fr\/wp-json\/wp\/v2\/users\/2"}],"replies":[{"embeddable":true,"href":"https:\/\/www.europesays.com\/fr\/wp-json\/wp\/v2\/comments?post=632634"}],"version-history":[{"count":0,"href":"https:\/\/www.europesays.com\/fr\/wp-json\/wp\/v2\/posts\/632634\/revisions"}],"wp:featuredmedia":[{"embeddable":true,"href":"https:\/\/www.europesays.com\/fr\/wp-json\/wp\/v2\/media\/422952"}],"wp:attachment":[{"href":"https:\/\/www.europesays.com\/fr\/wp-json\/wp\/v2\/media?parent=632634"}],"wp:term":[{"taxonomy":"category","embeddable":true,"href":"https:\/\/www.europesays.com\/fr\/wp-json\/wp\/v2\/categories?post=632634"},{"taxonomy":"post_tag","embeddable":true,"href":"https:\/\/www.europesays.com\/fr\/wp-json\/wp\/v2\/tags?post=632634"}],"curies":[{"name":"wp","href":"https:\/\/api.w.org\/{rel}","templated":true}]}}