{"id":632637,"date":"2025-12-31T18:12:12","date_gmt":"2025-12-31T18:12:12","guid":{"rendered":"https:\/\/www.europesays.com\/fr\/632637\/"},"modified":"2025-12-31T18:12:12","modified_gmt":"2025-12-31T18:12:12","slug":"pour-le-nouvel-an-a-rennes-des-metros-toute-la-nuit-et-plus-de-bus","status":"publish","type":"post","link":"https:\/\/www.europesays.com\/fr\/632637\/","title":{"rendered":"Pour le Nouvel An \u00e0 Rennes, des m\u00e9tros toute la nuit et plus de bus"},"content":{"rendered":"<p>\u00c0 Rennes, le r\u00e9seau de transport en commun Star adapte ses horaires pour la soir\u00e9e du Nouvel An. Les deux lignes de m\u00e9tro A et B circuleront exceptionnellement toute la nuit, avec une fr\u00e9quence de six minutes entre 1h35 et 7h30. Les parcs relais Saint-Jacques-Ga\u00eet\u00e9, Cesson-Viasilva, La Poterie et Villejean-Universit\u00e9 seront \u00e9galement ouverts toute la nuit, tandis que ceux des Gayeulles, Les Pr\u00e9ales, Henri-Fr\u00e9ville et Kennedy seront accessibles jusqu\u2019\u00e0 2h du matin.<\/p>\n<p>C\u00f4t\u00e9 bus, les lignes Chronostar (C1, C2, C3, C4, C5, C6 et C7) seront prolong\u00e9es jusqu\u2019\u00e0 1h35. Les lignes de nuit circuleront avec des horaires d\u2019un samedi soir, sauf la ligne N2, qui ne circulera pas (le Star invite les usagers \u00e0 prendre le m\u00e9tro \u00e0 la place). Les lignes m\u00e9tropolitaines fonctionneront comme un samedi soir vers les communes, avec un d\u00e9part \u00e0 0h15 (et non 0h) et \u00e0 1h35<\/p>\n","protected":false},"excerpt":{"rendered":"\u00c0 Rennes, le r\u00e9seau de transport en commun Star adapte ses horaires pour la soir\u00e9e du Nouvel An.&hellip;\n","protected":false},"author":2,"featured_media":632638,"comment_status":"","ping_status":"","sticky":false,"template":"","format":"standard","meta":{"footnotes":""},"categories":[2821],"tags":[1111,11,829,21017,1777,674,1011,27,848,12,584,25,2803,33344],"class_list":{"0":"post-632637","1":"post","2":"type-post","3":"status-publish","4":"format-standard","5":"has-post-thumbnail","7":"category-rennes","8":"tag-actu","9":"tag-actualites","10":"tag-bretagne","11":"tag-deplacements-a-rennes","12":"tag-eu","13":"tag-europe","14":"tag-fr","15":"tag-france","16":"tag-ille-et-vilaine","17":"tag-news","18":"tag-rennes","19":"tag-republique-francaise","20":"tag-transport","21":"tag-transport-en-commun"},"share_on_mastodon":{"url":"https:\/\/pubeurope.com\/@fr\/115815536750143039","error":""},"_links":{"self":[{"href":"https:\/\/www.europesays.com\/fr\/wp-json\/wp\/v2\/posts\/632637","targetHints":{"allow":["GET"]}}],"collection":[{"href":"https:\/\/www.europesays.com\/fr\/wp-json\/wp\/v2\/posts"}],"about":[{"href":"https:\/\/www.europesays.com\/fr\/wp-json\/wp\/v2\/types\/post"}],"author":[{"embeddable":true,"href":"https:\/\/www.europesays.com\/fr\/wp-json\/wp\/v2\/users\/2"}],"replies":[{"embeddable":true,"href":"https:\/\/www.europesays.com\/fr\/wp-json\/wp\/v2\/comments?post=632637"}],"version-history":[{"count":0,"href":"https:\/\/www.europesays.com\/fr\/wp-json\/wp\/v2\/posts\/632637\/revisions"}],"wp:featuredmedia":[{"embeddable":true,"href":"https:\/\/www.europesays.com\/fr\/wp-json\/wp\/v2\/media\/632638"}],"wp:attachment":[{"href":"https:\/\/www.europesays.com\/fr\/wp-json\/wp\/v2\/media?parent=632637"}],"wp:term":[{"taxonomy":"category","embeddable":true,"href":"https:\/\/www.europesays.com\/fr\/wp-json\/wp\/v2\/categories?post=632637"},{"taxonomy":"post_tag","embeddable":true,"href":"https:\/\/www.europesays.com\/fr\/wp-json\/wp\/v2\/tags?post=632637"}],"curies":[{"name":"wp","href":"https:\/\/api.w.org\/{rel}","templated":true}]}}