{"id":632639,"date":"2025-12-31T18:13:13","date_gmt":"2025-12-31T18:13:13","guid":{"rendered":"https:\/\/www.europesays.com\/fr\/632639\/"},"modified":"2025-12-31T18:13:13","modified_gmt":"2025-12-31T18:13:13","slug":"schiltigheim-un-homme-dorigine-tchetchene-grievement-blesse-par-arme-blanche","status":"publish","type":"post","link":"https:\/\/www.europesays.com\/fr\/632639\/","title":{"rendered":"Schiltigheim. Un homme d&rsquo;origine tch\u00e9tch\u00e8ne gri\u00e8vement bless\u00e9 par arme blanche"},"content":{"rendered":"<p>Le soir du mardi 30 septembre, un homme a \u00e9t\u00e9 agress\u00e9 par arme blanche sur la voie publique \u00e0 Schiltigheim. D\u2019apr\u00e8s nos confr\u00e8res d\u2019<a href=\"https:\/\/www.francebleu.fr\/infos\/faits-divers-justice\/un-tchetchene-de-37-ans-tue-au-couteau-a-schiltigheim-9487480\" target=\"_blank\" rel=\"noopener\">Ici Alsace<\/a>, le ressortissant tch\u00e9tch\u00e8ne, \u00e2g\u00e9 de 37 ans, aurait \u00e9t\u00e9 retrouv\u00e9 inanim\u00e9 dans la rue, apr\u00e8s un diff\u00e9rend avec un autre ressortissant tch\u00e9tch\u00e8ne. Des \u00e9clats de voix entre une bande d\u2019une dizaine de personnes auraient \u00e9t\u00e9 entendus par le voisinage.<\/p>\n<p>D\u2019apr\u00e8s nos informations, la victime serait en soin intensif, dans le coma. L\u2019agresseur, en fuite, est activement recherch\u00e9 par la police.<\/p>\n","protected":false},"excerpt":{"rendered":"Le soir du mardi 30 septembre, un homme a \u00e9t\u00e9 agress\u00e9 par arme blanche sur la voie publique&hellip;\n","protected":false},"author":2,"featured_media":632640,"comment_status":"","ping_status":"","sticky":false,"template":"","format":"standard","meta":{"footnotes":""},"categories":[2820],"tags":[1111,11,271,272,2880,1777,674,274,107,1011,27,775,12,25,5512,640],"class_list":{"0":"post-632639","1":"post","2":"type-post","3":"status-publish","4":"format-standard","5":"has-post-thumbnail","7":"category-strasbourg","8":"tag-actu","9":"tag-actualites","10":"tag-crime","11":"tag-delit-et-contravention","12":"tag-edition-strasbourg","13":"tag-eu","14":"tag-europe","15":"tag-faits-divers-justice","16":"tag-fil-info","17":"tag-fr","18":"tag-france","19":"tag-grand-est","20":"tag-news","21":"tag-republique-francaise","22":"tag-schiltigheim","23":"tag-strasbourg"},"share_on_mastodon":{"url":"https:\/\/pubeurope.com\/@fr\/115815540720992862","error":""},"_links":{"self":[{"href":"https:\/\/www.europesays.com\/fr\/wp-json\/wp\/v2\/posts\/632639","targetHints":{"allow":["GET"]}}],"collection":[{"href":"https:\/\/www.europesays.com\/fr\/wp-json\/wp\/v2\/posts"}],"about":[{"href":"https:\/\/www.europesays.com\/fr\/wp-json\/wp\/v2\/types\/post"}],"author":[{"embeddable":true,"href":"https:\/\/www.europesays.com\/fr\/wp-json\/wp\/v2\/users\/2"}],"replies":[{"embeddable":true,"href":"https:\/\/www.europesays.com\/fr\/wp-json\/wp\/v2\/comments?post=632639"}],"version-history":[{"count":0,"href":"https:\/\/www.europesays.com\/fr\/wp-json\/wp\/v2\/posts\/632639\/revisions"}],"wp:featuredmedia":[{"embeddable":true,"href":"https:\/\/www.europesays.com\/fr\/wp-json\/wp\/v2\/media\/632640"}],"wp:attachment":[{"href":"https:\/\/www.europesays.com\/fr\/wp-json\/wp\/v2\/media?parent=632639"}],"wp:term":[{"taxonomy":"category","embeddable":true,"href":"https:\/\/www.europesays.com\/fr\/wp-json\/wp\/v2\/categories?post=632639"},{"taxonomy":"post_tag","embeddable":true,"href":"https:\/\/www.europesays.com\/fr\/wp-json\/wp\/v2\/tags?post=632639"}],"curies":[{"name":"wp","href":"https:\/\/api.w.org\/{rel}","templated":true}]}}