{"id":632641,"date":"2025-12-31T18:14:33","date_gmt":"2025-12-31T18:14:33","guid":{"rendered":"https:\/\/www.europesays.com\/fr\/632641\/"},"modified":"2025-12-31T18:14:33","modified_gmt":"2025-12-31T18:14:33","slug":"coupe-de-france-la-billetterie-pour-avranches","status":"publish","type":"post","link":"https:\/\/www.europesays.com\/fr\/632641\/","title":{"rendered":"Coupe de France : la billetterie pour Avranches"},"content":{"rendered":"<p>                    Par<br \/>\n        <strong><br \/>\n            <a href=\"https:\/\/actu.fr\/auteur\/t-houlette\" title=\"Consulter tous les articles de Thibault Houlette\" target=\"_blank\" rel=\"noopener\">Thibault Houlette<\/a><br \/>\n                    <\/strong><\/p>\n<p>        Publi\u00e9 le<\/p>\n<p>            31 d\u00e9c. 2025 \u00e0 10h48        <\/p>\n<p>Ce <b>mardi 30 d\u00e9cembre 2025<\/b>, la <b>billetterie <\/b>pour le <b>16e de finale <\/b>de <a href=\"https:\/\/actu.fr\/sports\/football\/coupe-de-france\" target=\"_blank\" rel=\"noopener\">Coupe de France<\/a> qui <a href=\"https:\/\/actu.fr\/sports\/coupe-de-france-avranches-recevra-encore-une-ligue-1-pour-les-16e-de-finale_63608050.html\" target=\"_blank\" rel=\"noopener\">opposera Avranches (N2) \u00e0 Strasbourg (L1)<\/a> a \u00e9t\u00e9 <b>ouverte<\/b>. Elle concerne les billets en pourtour et en tribune lyc\u00e9e.<\/p>\n<p>O\u00f9 acheter un billet ?<\/p>\n<p class=\" wall-content\">Les supporters peuvent se procurer le <b>pr\u00e9cieux s\u00e9same<\/b> aux E.Leclerc d\u2019Avranches et Saint-Hilaire-du-Harcou\u00ebt, aux bars La Civette (Avranches) et Au Grand Caf\u00e9 de l\u2019Union (Avranches) ainsi qu\u2019\u00e0 L\u2019As de Tr\u00eafle (Saint-James) et \u00e0 L\u2019Escapade (Marcey-les-Gr\u00e8ves).<\/p>\n<p>    <a href=\"https:\/\/www.facebook.com\/plugins\/post.php?href=https%3A%2F%2Fwww.facebook.com%2FU.S.Avranches.Mont.Saint.Michel%2Fposts%2Fpfbid0dzMpWsGSoJPgFaXQCXsED1CgdDdFnV1bgDEWLuVw2596Dkno2YfHLEdWGppuXnKyl&amp;show_text=true&amp;width=350\" title=\"Ouvrie le lien\" target=\"_blank\" rel=\"noopener\">Cliquez ici pour visualiser le contenu<\/a><\/p>\n<p class=\" wall-content\">Personnalisez votre actualit\u00e9 en ajoutant vos villes et m\u00e9dias en favori avec <a href=\"https:\/\/moncompte.actu.fr\" title=\"D\u00e9couvez Mon Actu\" rel=\"nofollow noopener\" data-trk=\"{&quot;cta&quot;:{&quot;action&quot;:&quot;https:\\\/\\\/moncompte.actu.fr&quot;,&quot;category&quot;:&quot;mon compte&quot;,&quot;from&quot;:&quot;article footer&quot;,&quot;name&quot;:&quot;Mon actu&quot;,&quot;type&quot;:&quot;cta&quot;}}\" target=\"_blank\">Mon Actu<\/a>.<\/p>\n","protected":false},"excerpt":{"rendered":"Par Thibault Houlette Publi\u00e9 le 31 d\u00e9c. 2025 \u00e0 10h48 Ce mardi 30 d\u00e9cembre 2025, la billetterie pour&hellip;\n","protected":false},"author":2,"featured_media":632642,"comment_status":"","ping_status":"","sticky":false,"template":"","format":"standard","meta":{"footnotes":""},"categories":[2820],"tags":[1111,11,83,1777,674,25068,63,1011,27,775,12,25,60,640,40775],"class_list":{"0":"post-632641","1":"post","2":"type-post","3":"status-publish","4":"format-standard","5":"has-post-thumbnail","7":"category-strasbourg","8":"tag-actu","9":"tag-actualites","10":"tag-coupe-de-france","11":"tag-eu","12":"tag-europe","13":"tag-foot-normandie","14":"tag-football","15":"tag-fr","16":"tag-france","17":"tag-grand-est","18":"tag-news","19":"tag-republique-francaise","20":"tag-sports","21":"tag-strasbourg","22":"tag-us-avranches"},"share_on_mastodon":{"url":"https:\/\/pubeurope.com\/@fr\/115815544583034756","error":""},"_links":{"self":[{"href":"https:\/\/www.europesays.com\/fr\/wp-json\/wp\/v2\/posts\/632641","targetHints":{"allow":["GET"]}}],"collection":[{"href":"https:\/\/www.europesays.com\/fr\/wp-json\/wp\/v2\/posts"}],"about":[{"href":"https:\/\/www.europesays.com\/fr\/wp-json\/wp\/v2\/types\/post"}],"author":[{"embeddable":true,"href":"https:\/\/www.europesays.com\/fr\/wp-json\/wp\/v2\/users\/2"}],"replies":[{"embeddable":true,"href":"https:\/\/www.europesays.com\/fr\/wp-json\/wp\/v2\/comments?post=632641"}],"version-history":[{"count":0,"href":"https:\/\/www.europesays.com\/fr\/wp-json\/wp\/v2\/posts\/632641\/revisions"}],"wp:featuredmedia":[{"embeddable":true,"href":"https:\/\/www.europesays.com\/fr\/wp-json\/wp\/v2\/media\/632642"}],"wp:attachment":[{"href":"https:\/\/www.europesays.com\/fr\/wp-json\/wp\/v2\/media?parent=632641"}],"wp:term":[{"taxonomy":"category","embeddable":true,"href":"https:\/\/www.europesays.com\/fr\/wp-json\/wp\/v2\/categories?post=632641"},{"taxonomy":"post_tag","embeddable":true,"href":"https:\/\/www.europesays.com\/fr\/wp-json\/wp\/v2\/tags?post=632641"}],"curies":[{"name":"wp","href":"https:\/\/api.w.org\/{rel}","templated":true}]}}