{"id":632653,"date":"2025-12-31T18:22:11","date_gmt":"2025-12-31T18:22:11","guid":{"rendered":"https:\/\/www.europesays.com\/fr\/632653\/"},"modified":"2025-12-31T18:22:11","modified_gmt":"2025-12-31T18:22:11","slug":"jusqua-31-e-de-reduction-sur-les-forfaits-de-ski-dans-ces-stations-des-pyrenees","status":"publish","type":"post","link":"https:\/\/www.europesays.com\/fr\/632653\/","title":{"rendered":"jusqu&rsquo;\u00e0 31 \u20ac de r\u00e9duction sur les forfaits de ski dans ces stations des Pyr\u00e9n\u00e9es"},"content":{"rendered":"<p>                    Par<br \/>\n        <strong><br \/>\n            <a href=\"https:\/\/actu.fr\/auteur\/guillaume-laurens\" title=\"Consulter tous les articles de Guillaume Laurens\" target=\"_blank\" rel=\"noopener\">Guillaume Laurens<\/a><br \/>\n                    <\/strong><\/p>\n<p>        Publi\u00e9 le<\/p>\n<p>            31 d\u00e9c. 2025 \u00e0 17h54        <\/p>\n<p>C\u2019est LE <strong>bon plan<\/strong> de l\u2019hiver dans quelques-unes des plus belles stations des <a href=\"https:\/\/actu.fr\/tag\/pyrenees\" target=\"_blank\" rel=\"noopener\"><strong>Pyr\u00e9n\u00e9es<\/strong>\u2026<\/a> et c\u2019est seulement \u00e0 <strong>Toulouse<\/strong> que l\u2019on peut en profiter\u2009! Pour skier sans exploser son budget, le tout \u00e0 moins de 1h30 de la Ville rose, <strong>Haute-Garonne Tourisme<\/strong> met en effet \u00e0 disposition des <strong>forfaits \u00e0 prix r\u00e9duits<\/strong> sur les trois domaines skiables phares du d\u00e9partement\u2009: <strong>Luchon-Superbagn\u00e8res, Le Mourtis<\/strong> et <strong>Peyragudes. <\/strong>Voici comment \u00e7a fonctionne.<\/p>\n<p>Direction\u2026 les locaux de Haute-Garonne Tourisme<\/p>\n<p class=\" wall-content\">Pour b\u00e9n\u00e9ficier de ces r\u00e9ductions, il ne faut pas aller directement au pied des pistes, mais\u2026 en <strong>centre-ville de Toulouse<\/strong>\u2009! C\u2019est en effet en se rendant dans <strong>les locaux de Haute-Garonne Tourisme<\/strong>, situ\u00e9s au 14 rue de Bayard, que les skieurs d\u2019un jour ou de toujours peuvent profiter de ce bon plan.<\/p>\n<p class=\" wall-content\">Le principe\u2009? Acheter le forfait <strong>avant le d\u00e9part<\/strong>, en boutique dans la Ville rose, pour s\u2019assurer de surcro\u00eet \u00ab\u2009un acc\u00e8s plus fluide aux pistes\u2009\u00bb. L\u2019occasion aussi, de glaner quelques <strong>id\u00e9es d\u2019exp\u00e9riences et de sorties<\/strong>, entre activit\u00e9s nordiques, baln\u00e9o et autres joies des Pyr\u00e9n\u00e9es.<\/p>\n<p>31\u00a0euros de r\u00e9duction sur le forfait 6\u00a0jours \u00e0 Luchon\u2009!<\/p>\n<p class=\" wall-content\">Gr\u00e2ce \u00e0 cette astuce, les amateurs de ski peuvent b\u00e9n\u00e9ficier de <strong>tarifs r\u00e9duits<\/strong> dans chacune des trois stations\u2009: jusqu\u2019\u00e0 <strong>\u2013 17\u2009%<\/strong> sur le <strong>prix des forfaits<\/strong>.<\/p>\n<p>Vid\u00e9os : en ce moment sur Actu<\/p>\n<p class=\" wall-content\">\u00c0 <strong>Luchon-Superbagn\u00e8res<\/strong> par exemple, le forfait adulte de <strong>six jours de ski non cons\u00e9cutifs<\/strong> (c\u2019est-\u00e0-dire qu\u2019il ne doit pas forc\u00e9ment \u00eatre consomm\u00e9 la m\u00eame semaine) tombe \u00e0 <strong>167\u00a0euros contre 198<\/strong> habituellement (t\u00e9l\u00e9cabine Cr\u00e9maill\u00e8re Express incluse). Soit <strong>31\u00a0euros<\/strong> d\u2019\u00e9conomies. C\u2019est ici que l\u2019op\u00e9ration est, financi\u00e8rement, la plus int\u00e9ressante. Au\u00a0<strong>Mourtis<\/strong>, ce m\u00eame forfait six jours passe \u00e0 141\u00a0euros, au lieu de 164. Pour skier \u00e0 la journ\u00e9e, la ristourne est de 6,10\u00a0euros \u00e0 Luchon, ou de 4,50\u00a0euros au Mourtis.<\/p>\n<p><a class=\"jo-module-caroussel__img-container\" href=\"https:\/\/static.actu.fr\/uploads\/2025\/12\/forfaits-ski-a-tarifs-reduits-tableau-tarifs-rm-superbagneres-peyragudes-2025-2026.png\" title=\"Agrandir la photo Voici les tarifs r\u00e9duits propos\u00e9s dans les trois stations avec ce bon plan (\u00a9 Haute-Garonne Montagne)\" data-idx=\"1\" target=\"_blank\" rel=\"noopener\"><br \/>\n    <img decoding=\"async\" class=\"jo-module-caroussel__img\" loading=\"lazy\" src=\"https:\/\/www.europesays.com\/fr\/wp-content\/uploads\/2025\/12\/forfaits-ski-a-tarifs-reduits-tableau-tarifs-rm-superbagneres-peyragudes-2025-2026-640x427.png\" alt=\"Voici les tarifs r\u00e9duits propos\u00e9s dans les trois stations avec ce bon plan (\u00a9 Haute-Garonne Montagne)\" width=\"640\" height=\"427\"\/><\/a><\/p>\n<p>Votre r\u00e9gion, votre actu !<\/p>\n<p>Recevez chaque jour les infos qui comptent pour vous.<\/p>\n<p>\t<a href=\"https:\/\/actu.fr\/newsletter\" class=\"ac-btn ac-btn--corner ac-btn--medium ac-btn--blue800\" target=\"_blank\" rel=\"noopener\">S&rsquo;incrire<\/a><br \/>\nUne belle ristourne pour Peyragudes aussi<\/p>\n<p class=\" wall-content\">Du c\u00f4t\u00e9 de <strong>Peyragudes<\/strong> (avec t\u00e9l\u00e9cabine Skyvall incluse), le forfait journ\u00e9e adulte revient \u00e0 44\u00a0euros au lieu de 49,50. Quant au forfait <strong>six jours cons\u00e9cutifs,<\/strong> il passe \u00e0<strong> 213<\/strong> ou <strong>240\u00a0euros<\/strong> (selon que l\u2019on soit en basse ou haute saison),<strong> au lieu de 268<\/strong>, mais \u00e0 condition (dans cette station seulement) de le prendre avec un h\u00e9bergement de l\u2019agence de r\u00e9servation.<\/p>\n<p><strong>Infos pratiques\u2009:<\/strong><br \/>Haute-Garonne Tourisme<br \/>Du lundi au vendredi de 9h-12h15 et de 13h-17h30<br \/>14 rue de Bayard, 31000 Toulouse<br \/>Samedi de 10 heures \u00e0 16 heures (en vente uniquement en boutique)<br \/>Acc\u00e8s\u2009: m\u00e9tro Ligne B Jeanne d\u2019Arc (200\u00a0m), Gare SNCF Matabiau (600\u00a0m)<br \/>Plus d\u2019infos au 05\u200961\u200999\u200944\u200900<\/p>\n<p class=\" wall-content\">Personnalisez votre actualit\u00e9 en ajoutant vos villes et m\u00e9dias en favori avec <a href=\"https:\/\/moncompte.actu.fr\" title=\"D\u00e9couvez Mon Actu\" rel=\"nofollow noopener\" data-trk=\"{&quot;cta&quot;:{&quot;action&quot;:&quot;https:\\\/\\\/moncompte.actu.fr&quot;,&quot;category&quot;:&quot;mon compte&quot;,&quot;from&quot;:&quot;article footer&quot;,&quot;name&quot;:&quot;Mon actu&quot;,&quot;type&quot;:&quot;cta&quot;}}\" target=\"_blank\">Mon Actu<\/a>.<\/p>\n","protected":false},"excerpt":{"rendered":"Par Guillaume Laurens Publi\u00e9 le 31 d\u00e9c. 2025 \u00e0 17h54 C\u2019est LE bon plan de l\u2019hiver dans quelques-unes&hellip;\n","protected":false},"author":2,"featured_media":632654,"comment_status":"","ping_status":"","sticky":false,"template":"","format":"standard","meta":{"footnotes":""},"categories":[2816],"tags":[1111,11,1777,674,1011,27,1652,10584,12,2680,2723,25,4129,2312],"class_list":{"0":"post-632653","1":"post","2":"type-post","3":"status-publish","4":"format-standard","5":"has-post-thumbnail","7":"category-toulouse","8":"tag-actu","9":"tag-actualites","10":"tag-eu","11":"tag-europe","12":"tag-fr","13":"tag-france","14":"tag-loisirs-culture","15":"tag-neige","16":"tag-news","17":"tag-occitanie","18":"tag-pyrenees","19":"tag-republique-francaise","20":"tag-ski","21":"tag-toulouse"},"share_on_mastodon":{"url":"https:\/\/pubeurope.com\/@fr\/115815576314107994","error":""},"_links":{"self":[{"href":"https:\/\/www.europesays.com\/fr\/wp-json\/wp\/v2\/posts\/632653","targetHints":{"allow":["GET"]}}],"collection":[{"href":"https:\/\/www.europesays.com\/fr\/wp-json\/wp\/v2\/posts"}],"about":[{"href":"https:\/\/www.europesays.com\/fr\/wp-json\/wp\/v2\/types\/post"}],"author":[{"embeddable":true,"href":"https:\/\/www.europesays.com\/fr\/wp-json\/wp\/v2\/users\/2"}],"replies":[{"embeddable":true,"href":"https:\/\/www.europesays.com\/fr\/wp-json\/wp\/v2\/comments?post=632653"}],"version-history":[{"count":0,"href":"https:\/\/www.europesays.com\/fr\/wp-json\/wp\/v2\/posts\/632653\/revisions"}],"wp:featuredmedia":[{"embeddable":true,"href":"https:\/\/www.europesays.com\/fr\/wp-json\/wp\/v2\/media\/632654"}],"wp:attachment":[{"href":"https:\/\/www.europesays.com\/fr\/wp-json\/wp\/v2\/media?parent=632653"}],"wp:term":[{"taxonomy":"category","embeddable":true,"href":"https:\/\/www.europesays.com\/fr\/wp-json\/wp\/v2\/categories?post=632653"},{"taxonomy":"post_tag","embeddable":true,"href":"https:\/\/www.europesays.com\/fr\/wp-json\/wp\/v2\/tags?post=632653"}],"curies":[{"name":"wp","href":"https:\/\/api.w.org\/{rel}","templated":true}]}}