{"id":632659,"date":"2025-12-31T18:25:10","date_gmt":"2025-12-31T18:25:10","guid":{"rendered":"https:\/\/www.europesays.com\/fr\/632659\/"},"modified":"2025-12-31T18:25:10","modified_gmt":"2025-12-31T18:25:10","slug":"restaurants-magasins-loisirs-quels-lieux-sont-ouverts-le-1er-janvier-dans-la-metropole-de-lille","status":"publish","type":"post","link":"https:\/\/www.europesays.com\/fr\/632659\/","title":{"rendered":"Restaurants, magasins, loisirs&#8230; Quels lieux sont ouverts le 1er janvier dans la m\u00e9tropole de Lille\u00a0?"},"content":{"rendered":"<p>                    Par<br \/>\n        <strong><br \/>\n            <a href=\"https:\/\/actu.fr\/auteur\/margot-nicodeme\" title=\"Consulter tous les articles de Margot Nicod\u00e8me\" target=\"_blank\" rel=\"noopener\">Margot Nicod\u00e8me<\/a><br \/>\n                    <\/strong><\/p>\n<p>        Publi\u00e9 le<\/p>\n<p>            31 d\u00e9c. 2025 \u00e0 18h04        <\/p>\n<p>Comment bien entamer le premier jour de l\u2019ann\u00e9e ? En organisant <b>une sortie m\u00e9morable avec ses proches<\/b>, pardi ! Pour celles et ceux qui ne veulent pas <a href=\"https:\/\/actu.fr\/societe\/gueule-de-bois-indigestion-guide-de-survie-pour-passer-les-fetes-sereinement_56053450.html\" target=\"_blank\" rel=\"noopener\">rester chez eux \u00e0 r\u00e9cup\u00e9rer<\/a> du <a href=\"https:\/\/actu.fr\/loisirs-culture\/nouvel-an-on-vous-raconte-l-histoire-de-la-saint-sylvestre-qui-donne-son-nom-au-reveillon_60489457.html\" target=\"_blank\" rel=\"noopener\">r\u00e9veillon de la Saint-Sylvestre<\/a>, il y a tout ce qu\u2019il faut (ou presque), \u00e0 <a href=\"https:\/\/actu.fr\/hauts-de-france\/lille_59350\" target=\"_blank\" rel=\"noopener\">Lille<\/a> et aux alentours. Jour f\u00e9ri\u00e9 oblige, les activit\u00e9s sont r\u00e9duites et limit\u00e9es, mais chacun peut y trouver son bonheur. <b>Restaurants, espaces de loisirs, de bien-\u00eatre, commerces<\/b>\u2026 Voici les lieux qui seront ouverts dans la m\u00e9tropole de Lille ce<b> jeudi 1er janvier 2026<\/b>.<b\/><\/p>\n<p>Pour se divertir<\/p>\n<ul class=\" wall-content\">\n<li><b>La patinoire \u00e9ph\u00e9m\u00e8re<\/b> install\u00e9e sur la Grand-place de Roubaix, de 14h \u00e0 15\u2009h ; de 15h15 \u00e0 16\u2009h\u200915 ; de 16h30 \u00e0 17h30 ; de 17h45 \u00e0 18h45 ; de 19\u2009h \u00e0 20\u2009h.<\/li>\n<li><b>Loisirs<\/b><b> indoor<\/b>, comme les escape-games\u2009: \u00e0 l\u2019heure o\u00f9 nous bouclons ces lignes, il reste des cr\u00e9neaux sur <a href=\"https:\/\/lille.getout.fr\/\" target=\"_blank\" rel=\"noopener\">Get Out<\/a>, <a href=\"https:\/\/team-break.fr\/cities\/escape-game-lille#\/catalog\/16ae3aab-c614-432d-a1f4-d126d9b88fd2?date=2026-01-01\" target=\"_blank\" rel=\"noopener\">Team Break<\/a>, <a href=\"https:\/\/just-escape.fr\/reserver\" target=\"_blank\" rel=\"noopener\">Just Escape<\/a> (aussi murder parties) et <a href=\"https:\/\/www.john-doe.fr\/lille\/\" target=\"_blank\" rel=\"noopener\">John Doe<\/a> \u00e0 Lille.<\/li>\n<li><b>L\u2019exp\u00e9rience Titanic en VR\u2009<\/b>: l\u2019exp\u00e9rience immersive <a href=\"https:\/\/actu.fr\/hauts-de-france\/lille_59350\/lille-que-vaut-lexperience-en-realite-virtuelle-titanic-le-reve-englouti-on-a-teste-en-avant-premiere_63287849.html\" target=\"_blank\" rel=\"noopener\">Titanic, le r\u00eave englouti<\/a>, propos\u00e9e par Eclipso et install\u00e9e \u00e0 Lille depuis octobre, reste ouverte ce 1er\u00a0janvier. Attention, les <a href=\"https:\/\/eclipso-entertainment.com\/lille\/titanic\/?gad_source=1&amp;gad_campaignid=23053617029&amp;gbraid=0AAAAAqJ-_8nKlVgup8i6U3O9S_pYQ5RnM&amp;gclid=CjwKCAiAjc7KBhBvEiwAE2BDObpoYpmW3QZz-WcD-VABnoA-Y6fNF3WPoJzOlsNLvY3rXFX4TonhQBoCLIAQAvD_BwE\" target=\"_blank\" rel=\"noopener\">cr\u00e9neaux se remplissent vite<\/a>\u2009!\u00a0<\/li>\n<li><a href=\"https:\/\/actu.fr\/hauts-de-france\/lille_59350\/un-gigantesque-parc-de-loisirs-pour-les-enfants-a-ouvert-au-btwin-village-de-lille_53019153.html\" target=\"_blank\" rel=\"noopener\"><b>L\u2019\u00cele de Tortuga<\/b><\/a> \u00e0 Lille : le \u00ab\u00a0plus grand parc de loisirs couvert du nord de la France pour les enfants de 0 \u00e0 12 ans\u00a0\u00bb accueille le public 7 jours sur 7, y compris les jours f\u00e9ri\u00e9s !\u00a0<\/li>\n<li><b>Follow Park <\/b>au c\u0153ur des Tanneurs \u00e0 Lille :<a href=\"https:\/\/actu.fr\/hauts-de-france\/lille_59350\/simulateur-de-grand-8-mario-kart-grandeur-nature-follow-park-un-mini-disneyland-ouvre-a-lille_61622193.html\" target=\"_blank\" rel=\"noopener\"> simulateur de grand 8, Mario Kart grandeur nature<\/a>\u2026 Le \u00ab\u00a0mini Disneyland\u00a0\u00bb promet de quoi satisfaire tous les go\u00fbts.<\/li>\n<li><b>Quizz Room<\/b> \u00e0 Lille : l\u2019antre pour <a href=\"https:\/\/actu.fr\/hauts-de-france\/lille_59350\/a-lille-un-quiz-special-noel-en-decembre-pour-tester-vos-connaissances-de-facon-fun-et-decalee_63542322.html\" target=\"_blank\" rel=\"noopener\">tester ses connaissances de mani\u00e8re fun et d\u00e9cal\u00e9e<\/a>\u2026 Le lieu dans le centre-ville est ouvert ce jeudi de 10h \u00e0 22h.<\/li>\n<li><b>Little Cabana<\/b> \u00e0 Croix : <a href=\"https:\/\/actu.fr\/hauts-de-france\/croix_59163\/une-mini-ville-coloree-et-a-hauteur-denfant-un-superbe-parc-de-jeux-va-bientot-ouvrir-pres-de-lille_60879284.html\" target=\"_blank\" rel=\"noopener\">la mini ville color\u00e9e et \u00e0 hauteur d\u2019enfant<\/a>, avec son superbe parc de jeux, ses d\u00e9guisements, ses accessoires\u2026 envoie du r\u00eave aux tout-petits.<\/li>\n<li><b>L\u2019expo LEGO\u00ae <\/b><a href=\"https:\/\/actu.fr\/hauts-de-france\/lille_59350\/decouvrez-en-images-leblouissante-expo-lego-the-art-of-the-brick-tout-juste-arrivee-a-lille_63558290.html\" target=\"_blank\" rel=\"noopener\">\u00ab\u00a0The Art of the Brick\u00a0\u00bb<\/a> est \u00e0 d\u00e9couvrir \u00e0 Euratechnologies (attention, \u00e0 l\u2019heure o\u00f9 nous \u00e9crivons ces lignes, seuls des cr\u00e9neaux en fin de journ\u00e9e sont encore disponibles).<\/li>\n<\/ul>\n<p class=\" wall-content\"><b>Les cin\u00e9mas<\/b> UGC Cin\u00e9 Cit\u00e9 de la rue de B\u00e9thune \u00e0 Lille et le Kinepolis de Lomme<b> sont ouverts<\/b>.\u00a0<\/p>\n<p>Pour se relaxer\u00a0<\/p>\n<p class=\" wall-content\">Apr\u00e8s les exc\u00e8s des vacances, une cure de jouvence ne peut pas faire de mal : bassins \u00e0 34\u00b0C, grotte de sel, sauna infrarouge, spa\u2026 Au <a href=\"https:\/\/actu.fr\/hauts-de-france\/marcq-en-baroeul_59378\/marcq-en-baroeul-bassins-a-34c-grotte-de-sel-sauna-infrarouge-visite-du-tout-nouveau-centre-caliceo_62958598.html\" target=\"_blank\" rel=\"noopener\">centre de bien-\u00eatre Calic\u00e9o de Marcq-en-Bar\u0153ul<\/a>, les diff\u00e9rents univers permettront de commencer l\u2019ann\u00e9e d\u00e9tox\u00e9.\u00a0\u00a0<\/p>\n<p>Pour se restaurer \u00e0 Lille<\/p>\n<p class=\" wall-content\">Des restaurants de Lille ouvriront volontiers leurs portes, ce jeudi 1er janvier 2025. En voici la liste (non exhaustive) :<\/p>\n<ul class=\" wall-content\">\n<li><b>Le Mama Shelter<\/b>\u00a0propose son brunch du Nouvel An, avec un \u00ab\u00a0buffet g\u00e9n\u00e9reux, du champagne et de la musique\u00a0\u00bb, dans une ambiance conviviale (les cr\u00e9neaux partent tr\u00e8s vite).<\/li>\n<li><b>Le Comptoir Volan<\/b>t (22, place des Patiniers) est ouvert toute la journ\u00e9e, de 12h45 \u00e0 22h. Une grande premi\u00e8re pour le resto !<\/li>\n<\/ul>\n<p class=\" wall-content\"><a href=\"https:\/\/www.instagram.com\/p\/DS20fdkjmOg\/embed\" title=\"Ouvrir le lien sur Instagram\" target=\"_blank\" rel=\"noopener\">Visualiser le contenu sur Instagram<\/a><\/p>\n<ul class=\" wall-content\">\n<li><b>Le M\u00fc<\/b>, <a href=\"https:\/\/actu.fr\/hauts-de-france\/lille_59350\/lille-decouvrez-mu-le-nouveau-coffee-shop-aussi-beau-que-bon-de-la-rue-pierre-mauroy_61325536.html\" target=\"_blank\" rel=\"noopener\">coffee shop aussi beau que bon<\/a> de la rue Pierre-Mauroy, est ouvert de 9h \u00e0 16h.<\/li>\n<li><b>T&amp;V Banh Mi<\/b>, et <a href=\"https:\/\/actu.fr\/hauts-de-france\/lille_59350\/a-lille-ce-nouveau-restaurant-propose-de-succulents-banh-mi-les-celebres-sandwichs-vietnamiens_62504701.html\" target=\"_blank\" rel=\"noopener\">ses succulents sandwiches vietnamiens<\/a>, aussi situ\u00e9 rue Pierre-Mauroy accueille les amateurs de 11h30 \u00e0 17h.<\/li>\n<li><b>Le G\u00e9n\u00e9ral Tom Kha<\/b> (9, rue du Molinel) et sa <a href=\"https:\/\/actu.fr\/hauts-de-france\/lille_59350\/le-general-tom-kha-debarque-a-lille-avec-sa-street-food-asiatique-sexy-et-epicee_51743643.html\" target=\"_blank\" rel=\"noopener\">street-food d\u2019Asie du Sud-Est, \u00ab\u00a0sexy et \u00e9pic\u00e9e\u00a0\u00bb<\/a>, ouvre ses portes \u00e0 16h.\u00a0<\/li>\n<li><b>PNY<\/b> (39 place Louise de Bettignies), <a href=\"https:\/\/actu.fr\/hauts-de-france\/lille_59350\/pny-qui-sert-les-meilleurs-burgers-possible-ouvre-enfin-son-restaurant-a-lille_58812214.html\" target=\"_blank\" rel=\"noopener\">qui sert \u00ab\u00a0les meilleurs burgers possible\u00a0\u00bb<\/a>, sera ouvert pour les services du midi et du soir.<\/li>\n<li><b>La cantine Wood<\/b> (place Philippe-Lebon), <a href=\"https:\/\/actu.fr\/hauts-de-france\/lille_59350\/nouveau-a-lille-la-cantine-wood-a-fleuri-pour-remplacer-le-petit-wally-s-coffee_51895208.html\" target=\"_blank\" rel=\"noopener\">\u00ab\u00a0g\u00e9n\u00e9reuse et abordable\u00a0\u00bb propose un brunch<\/a>. Les r\u00e9servations se font notamment via message sur le compte Instagram du resto.<\/li>\n<\/ul>\n<p>O\u00f9 faire ses courses<\/p>\n<p class=\" wall-content\">Pour les urgences (ou pas), \u00e0 Lille, <b>les Carrefour City<\/b> de la rue de la Monnaie et de la rue Esquermoise seront tous les deux ouverts. D\u2019autres petits commerces alimentaires pourraient aussi \u00eatre ouverts.<\/p>\n<p class=\" wall-content\">Personnalisez votre actualit\u00e9 en ajoutant vos villes et m\u00e9dias en favori avec <a href=\"https:\/\/moncompte.actu.fr\" title=\"D\u00e9couvez Mon Actu\" rel=\"nofollow noopener\" data-trk=\"{&quot;cta&quot;:{&quot;action&quot;:&quot;https:\\\/\\\/moncompte.actu.fr&quot;,&quot;category&quot;:&quot;mon compte&quot;,&quot;from&quot;:&quot;article footer&quot;,&quot;name&quot;:&quot;Mon actu&quot;,&quot;type&quot;:&quot;cta&quot;}}\" target=\"_blank\">Mon Actu<\/a>.<\/p>\n<p>                    <script async src=\"\/\/www.instagram.com\/embed.js\"><\/script><\/p>\n","protected":false},"excerpt":{"rendered":"Par Margot Nicod\u00e8me Publi\u00e9 le 31 d\u00e9c. 2025 \u00e0 18h04 Comment bien entamer le premier jour de l\u2019ann\u00e9e&hellip;\n","protected":false},"author":2,"featured_media":632660,"comment_status":"","ping_status":"","sticky":false,"template":"","format":"standard","meta":{"footnotes":""},"categories":[2815],"tags":[1111,11,1777,674,652,1011,27,811,39144,1307,12,25,1340,104],"class_list":{"0":"post-632659","1":"post","2":"type-post","3":"status-publish","4":"format-standard","5":"has-post-thumbnail","7":"category-lille","8":"tag-actu","9":"tag-actualites","10":"tag-eu","11":"tag-europe","12":"tag-famille","13":"tag-fr","14":"tag-france","15":"tag-hauts-de-france","16":"tag-jours-feries","17":"tag-lille","18":"tag-news","19":"tag-republique-francaise","20":"tag-restaurant","21":"tag-societe"},"share_on_mastodon":{"url":"https:\/\/pubeurope.com\/@fr\/115815587748332188","error":""},"_links":{"self":[{"href":"https:\/\/www.europesays.com\/fr\/wp-json\/wp\/v2\/posts\/632659","targetHints":{"allow":["GET"]}}],"collection":[{"href":"https:\/\/www.europesays.com\/fr\/wp-json\/wp\/v2\/posts"}],"about":[{"href":"https:\/\/www.europesays.com\/fr\/wp-json\/wp\/v2\/types\/post"}],"author":[{"embeddable":true,"href":"https:\/\/www.europesays.com\/fr\/wp-json\/wp\/v2\/users\/2"}],"replies":[{"embeddable":true,"href":"https:\/\/www.europesays.com\/fr\/wp-json\/wp\/v2\/comments?post=632659"}],"version-history":[{"count":0,"href":"https:\/\/www.europesays.com\/fr\/wp-json\/wp\/v2\/posts\/632659\/revisions"}],"wp:featuredmedia":[{"embeddable":true,"href":"https:\/\/www.europesays.com\/fr\/wp-json\/wp\/v2\/media\/632660"}],"wp:attachment":[{"href":"https:\/\/www.europesays.com\/fr\/wp-json\/wp\/v2\/media?parent=632659"}],"wp:term":[{"taxonomy":"category","embeddable":true,"href":"https:\/\/www.europesays.com\/fr\/wp-json\/wp\/v2\/categories?post=632659"},{"taxonomy":"post_tag","embeddable":true,"href":"https:\/\/www.europesays.com\/fr\/wp-json\/wp\/v2\/tags?post=632659"}],"curies":[{"name":"wp","href":"https:\/\/api.w.org\/{rel}","templated":true}]}}