{"id":632661,"date":"2025-12-31T18:26:11","date_gmt":"2025-12-31T18:26:11","guid":{"rendered":"https:\/\/www.europesays.com\/fr\/632661\/"},"modified":"2025-12-31T18:26:11","modified_gmt":"2025-12-31T18:26:11","slug":"saisie-de-102-engins-pyrotechniques-a-marseille","status":"publish","type":"post","link":"https:\/\/www.europesays.com\/fr\/632661\/","title":{"rendered":"Saisie de 102 engins pyrotechniques \u00e0 Marseille"},"content":{"rendered":"\n<p>Ces engins pyrotechniques \u00e9taient d\u00e9pourvus de toute autorisation r\u00e9glementaire et \u00e0 destination de la cit\u00e9 phoc\u00e9enne. La direction r\u00e9gionale des douanes de Marseille pr\u00e9cise que \u00ab\u00a0cette saisie illustre parfaitement la typologie des infractions constat\u00e9es, constitu\u00e9es \u00e0 plus de 85% par des colis provenant, pour 80% d\u2019entre eux, de Pologne\u00a0\u00bb.<\/p>\n<p>Ces marchandises dangereuses, \u00ab\u00a0soumises \u00e0 autorisation d\u2019importation ou d\u2019introduction de produits explosifs \u00e0 usage civil\u00a0\u00bb, ont \u00e9t\u00e9 saisies. Le parquet de Marseille a \u00e9t\u00e9 inform\u00e9 et \u00ab\u00a0d\u00e9terminera les \u00e9ventuelles suites judiciaires \u00e0 donner\u00a0\u00bb, ajoute la direction r\u00e9gionale des douanes Dans les Bouches-du-Rh\u00f4ne, un arr\u00eat\u00e9 pr\u00e9fectoral interdit l\u2019usage d\u2019articles pyrotechniques par des particuliers, sur la voie publique, depuis le 23\u00a0d\u00e9cembre et jusqu\u2019au 5 janvier.<\/p>\n","protected":false},"excerpt":{"rendered":"Ces engins pyrotechniques \u00e9taient d\u00e9pourvus de toute autorisation r\u00e9glementaire et \u00e0 destination de la cit\u00e9 phoc\u00e9enne. La direction&hellip;\n","protected":false},"author":2,"featured_media":632662,"comment_status":"","ping_status":"","sticky":false,"template":"","format":"standard","meta":{"footnotes":""},"categories":[2814],"tags":[1111,11,10787,1777,674,1011,27,884,12,882,25],"class_list":{"0":"post-632661","1":"post","2":"type-post","3":"status-publish","4":"format-standard","5":"has-post-thumbnail","7":"category-marseille","8":"tag-actu","9":"tag-actualites","10":"tag-controles","11":"tag-eu","12":"tag-europe","13":"tag-fr","14":"tag-france","15":"tag-marseille","16":"tag-news","17":"tag-provence-alpes-cote-dazur","18":"tag-republique-francaise"},"share_on_mastodon":{"url":"https:\/\/pubeurope.com\/@fr\/115815591669671311","error":""},"_links":{"self":[{"href":"https:\/\/www.europesays.com\/fr\/wp-json\/wp\/v2\/posts\/632661","targetHints":{"allow":["GET"]}}],"collection":[{"href":"https:\/\/www.europesays.com\/fr\/wp-json\/wp\/v2\/posts"}],"about":[{"href":"https:\/\/www.europesays.com\/fr\/wp-json\/wp\/v2\/types\/post"}],"author":[{"embeddable":true,"href":"https:\/\/www.europesays.com\/fr\/wp-json\/wp\/v2\/users\/2"}],"replies":[{"embeddable":true,"href":"https:\/\/www.europesays.com\/fr\/wp-json\/wp\/v2\/comments?post=632661"}],"version-history":[{"count":0,"href":"https:\/\/www.europesays.com\/fr\/wp-json\/wp\/v2\/posts\/632661\/revisions"}],"wp:featuredmedia":[{"embeddable":true,"href":"https:\/\/www.europesays.com\/fr\/wp-json\/wp\/v2\/media\/632662"}],"wp:attachment":[{"href":"https:\/\/www.europesays.com\/fr\/wp-json\/wp\/v2\/media?parent=632661"}],"wp:term":[{"taxonomy":"category","embeddable":true,"href":"https:\/\/www.europesays.com\/fr\/wp-json\/wp\/v2\/categories?post=632661"},{"taxonomy":"post_tag","embeddable":true,"href":"https:\/\/www.europesays.com\/fr\/wp-json\/wp\/v2\/tags?post=632661"}],"curies":[{"name":"wp","href":"https:\/\/api.w.org\/{rel}","templated":true}]}}