{"id":632665,"date":"2025-12-31T18:28:17","date_gmt":"2025-12-31T18:28:17","guid":{"rendered":"https:\/\/www.europesays.com\/fr\/632665\/"},"modified":"2025-12-31T18:28:17","modified_gmt":"2025-12-31T18:28:17","slug":"si-vous-voyez-ce-detail-sur-une-borne-tcl-nutilisez-surtout-pas-votre-carte-bancaire","status":"publish","type":"post","link":"https:\/\/www.europesays.com\/fr\/632665\/","title":{"rendered":"si vous voyez ce d\u00e9tail sur une borne TCL, n\u2019utilisez surtout pas votre carte bancaire"},"content":{"rendered":"<p itemprop=\"description\"><strong>Les Transports en commun lyonnais (TCL) appellent \u00e0 la prudence.<\/strong><\/p>\n<p>Ce mardi 30 d\u00e9cembre, les transports en commun lyonnais ont diffus\u00e9 une alerte sur leurs r\u00e9seaux sociaux concernant une pratique observ\u00e9e sur certains distributeurs de titres de transport.<\/p>\n<p>Dans leur message, les TCL \u00e9voquent la pr\u00e9sence de scotch sur le module de paiement sans contact de certains appareils. Une situation qui doit imm\u00e9diatement alerter les usagers. \u00ab\u00a0Si vous remarquez du scotch sur le module de paiement sans contact d\u2019un distributeur, adoptez les bons r\u00e9flexes\u00a0\u00bb, pr\u00e9viennent les TCL.<\/p>\n<p>Le r\u00e9seau recommande alors de ne pas utiliser l\u2019appareil concern\u00e9. \u00ab\u00a0Privil\u00e9giez un autre distributeur ou l\u2019achat via l\u2019application TCL\u00a0\u00bb, indiquent-ils. Selon le r\u00e9seau, cette manipulation pourrait ne pas \u00eatre anodine. \u00ab\u00a0Il peut s\u2019agir d\u2019une tentative d\u2019espionnage de votre code\u00a0\u00bb, alertent-ils explicitement.<\/p>\n<p>Les usagers sont invit\u00e9s \u00e0 signaler sans d\u00e9lai toute anomalie constat\u00e9e. Les TCL, pr\u00e9cisent que \u00ab\u00a0ces signalements nous permettent d\u2019intervenir rapidement pour s\u00e9curiser les \u00e9quipements.\u00a0\u00bb\u00a0Le r\u00e9seau conclut son message par un appel \u00e0 la vigilance collective.<\/p>\n","protected":false},"excerpt":{"rendered":"Les Transports en commun lyonnais (TCL) appellent \u00e0 la prudence. Ce mardi 30 d\u00e9cembre, les transports en commun&hellip;\n","protected":false},"author":2,"featured_media":632666,"comment_status":"","ping_status":"","sticky":false,"template":"","format":"standard","meta":{"footnotes":""},"categories":[1889],"tags":[1111,11,2813,2190,2430,1109,251,1112,2811,1777,674,118,1011,27,1922,1110,1114,2428,2810,12,241,316,25,2812,517,800],"class_list":{"0":"post-632665","1":"post","2":"type-post","3":"status-publish","4":"format-standard","5":"has-post-thumbnail","7":"category-lyon","8":"tag-actu","9":"tag-actualites","10":"tag-article","11":"tag-asvel","12":"tag-auvergne-rhone-alpes","13":"tag-breves","14":"tag-culture","15":"tag-depeches","16":"tag-economique","17":"tag-eu","18":"tag-europe","19":"tag-faits-divers","20":"tag-fr","21":"tag-france","22":"tag-info","23":"tag-informations","24":"tag-infos","25":"tag-lyon","26":"tag-lyonmag","27":"tag-news","28":"tag-ol","29":"tag-politique","30":"tag-republique-francaise","31":"tag-sociale","32":"tag-sport","33":"tag-transports"},"share_on_mastodon":{"url":"https:\/\/pubeurope.com\/@fr\/115815599713357469","error":""},"_links":{"self":[{"href":"https:\/\/www.europesays.com\/fr\/wp-json\/wp\/v2\/posts\/632665","targetHints":{"allow":["GET"]}}],"collection":[{"href":"https:\/\/www.europesays.com\/fr\/wp-json\/wp\/v2\/posts"}],"about":[{"href":"https:\/\/www.europesays.com\/fr\/wp-json\/wp\/v2\/types\/post"}],"author":[{"embeddable":true,"href":"https:\/\/www.europesays.com\/fr\/wp-json\/wp\/v2\/users\/2"}],"replies":[{"embeddable":true,"href":"https:\/\/www.europesays.com\/fr\/wp-json\/wp\/v2\/comments?post=632665"}],"version-history":[{"count":0,"href":"https:\/\/www.europesays.com\/fr\/wp-json\/wp\/v2\/posts\/632665\/revisions"}],"wp:featuredmedia":[{"embeddable":true,"href":"https:\/\/www.europesays.com\/fr\/wp-json\/wp\/v2\/media\/632666"}],"wp:attachment":[{"href":"https:\/\/www.europesays.com\/fr\/wp-json\/wp\/v2\/media?parent=632665"}],"wp:term":[{"taxonomy":"category","embeddable":true,"href":"https:\/\/www.europesays.com\/fr\/wp-json\/wp\/v2\/categories?post=632665"},{"taxonomy":"post_tag","embeddable":true,"href":"https:\/\/www.europesays.com\/fr\/wp-json\/wp\/v2\/tags?post=632665"}],"curies":[{"name":"wp","href":"https:\/\/api.w.org\/{rel}","templated":true}]}}