{"id":632667,"date":"2025-12-31T18:29:12","date_gmt":"2025-12-31T18:29:12","guid":{"rendered":"https:\/\/www.europesays.com\/fr\/632667\/"},"modified":"2025-12-31T18:29:12","modified_gmt":"2025-12-31T18:29:12","slug":"garde-a-vue-prolongee-pour-le-jeune-conducteur-mis-en-cause","status":"publish","type":"post","link":"https:\/\/www.europesays.com\/fr\/632667\/","title":{"rendered":"garde \u00e0 vue prolong\u00e9e pour le jeune conducteur mis en cause"},"content":{"rendered":"<p>La garde \u00e0 vue du jeune homme de 19 ans, \u00e0 l\u2019origine d\u2019un accident mortel, lundi soir, sur la M7, dans le quartier de Confluence (Lyon 2e) a \u00e9t\u00e9 prolong\u00e9e, mercredi. Elle peut durer jusqu\u2019\u00e0 jeudi matin, avant un probable d\u00e9f\u00e8rement devant le parquet de Lyon.<\/p>\n<p>Au volant d\u2019un Renault Captur, alors qu\u2019il circulait \u00e0 vive allure, le suspect avait, vers 23\u00a0h\u00a030, heurt\u00e9 par l\u2019arri\u00e8re une Renault Clio, sur l\u2019une des voies de circulation de l\u2019ex-autoroute A7 d\u00e9class\u00e9e, dans le sens nord-sud, \u00e0 hauteur de la sortie La Mulati\u00e8re.<\/p>\n<p>  Des bouteilles de protoxyde d\u2019azote retrouv\u00e9es<\/p>\n<p>La passag\u00e8re arri\u00e8re gauche de la voiture percut\u00e9e, une femme de 48 ans originaire de Valfleury, dans la Loire, est d\u00e9c\u00e9d\u00e9e tandis que sa fille, passag\u00e8re arri\u00e8re droite, a \u00e9t\u00e9 gravement bless\u00e9e, sans pronostic vital engag\u00e9. La collision a fait cinq autres bless\u00e9s, plus l\u00e9gers.<\/p>\n<p>Le conducteur en cause, un habitant de Tassin-la-Demi-Lune, est titulaire du permis de conduire. Les r\u00e9sultats toxicologiques n\u2019\u00e9taient pas encore connus \u00e0 la mi-journ\u00e9e, mercredi. On ignore toujours s\u2019il circulait sous l\u2019emprise d\u2019alcool, de stup\u00e9fiants ou de gaz hilarant. Des bouteilles de protoxyde d\u2019azote ont \u00e9t\u00e9 retrouv\u00e9es dans son v\u00e9hicule, \u00e0 bord duquel deux passag\u00e8res \u00e9taient aussi pr\u00e9sentes.<\/p>\n<p>C\u2019est dans ce <a href=\"https:\/\/www.leprogres.fr\/faits-divers-justice\/2025\/12\/30\/grave-accident-sur-la-m7-a-lyon-une-personne-decede-et-plusieurs-personnes-en-urgence-absolue\" target=\"_blank\" rel=\"noopener\">contexte tragique<\/a> que les contr\u00f4les routiers sont renforc\u00e9s, \u00e0 l\u2019occasion des f\u00eates de fin d\u2019ann\u00e9e, notamment sur les axes autoroutiers de la r\u00e9gion. Une vigilance accrue sera observ\u00e9e concernant le protoxyde d\u2019azote. Un arr\u00eat\u00e9 pr\u00e9fectoral interdit, <a href=\"https:\/\/www.leprogres.fr\/faits-divers-justice\/2025\/12\/19\/une-plaie-un-fleau-le-protoxyde-d-azote-interdit-a-la-consommation-et-a-la-detention-dans-le-rhone\" target=\"_blank\" rel=\"noopener\">depuis le 19\u00a0d\u00e9cembre<\/a>, dans le Rh\u00f4ne, la d\u00e9tention, le transport, l\u2019utilisation et la consommation de gaz hilarant \u00e0 des fins d\u00e9tourn\u00e9es.<\/p>\n","protected":false},"excerpt":{"rendered":"La garde \u00e0 vue du jeune homme de 19 ans, \u00e0 l\u2019origine d\u2019un accident mortel, lundi soir, sur&hellip;\n","protected":false},"author":2,"featured_media":632668,"comment_status":"","ping_status":"","sticky":false,"template":"","format":"standard","meta":{"footnotes":""},"categories":[1889],"tags":[119,1111,11,2430,271,272,2757,1777,674,274,107,1011,27,3367,2428,2756,12,25,2429],"class_list":{"0":"post-632667","1":"post","2":"type-post","3":"status-publish","4":"format-standard","5":"has-post-thumbnail","7":"category-lyon","8":"tag-accident","9":"tag-actu","10":"tag-actualites","11":"tag-auvergne-rhone-alpes","12":"tag-crime","13":"tag-delit-et-contravention","14":"tag-edition-lyon-villeurbanne","15":"tag-eu","16":"tag-europe","17":"tag-faits-divers-justice","18":"tag-fil-info","19":"tag-fr","20":"tag-france","21":"tag-loire","22":"tag-lyon","23":"tag-lyon-bassin","24":"tag-news","25":"tag-republique-francaise","26":"tag-rhone"},"share_on_mastodon":{"url":"https:\/\/pubeurope.com\/@fr\/115815603424214695","error":""},"_links":{"self":[{"href":"https:\/\/www.europesays.com\/fr\/wp-json\/wp\/v2\/posts\/632667","targetHints":{"allow":["GET"]}}],"collection":[{"href":"https:\/\/www.europesays.com\/fr\/wp-json\/wp\/v2\/posts"}],"about":[{"href":"https:\/\/www.europesays.com\/fr\/wp-json\/wp\/v2\/types\/post"}],"author":[{"embeddable":true,"href":"https:\/\/www.europesays.com\/fr\/wp-json\/wp\/v2\/users\/2"}],"replies":[{"embeddable":true,"href":"https:\/\/www.europesays.com\/fr\/wp-json\/wp\/v2\/comments?post=632667"}],"version-history":[{"count":0,"href":"https:\/\/www.europesays.com\/fr\/wp-json\/wp\/v2\/posts\/632667\/revisions"}],"wp:featuredmedia":[{"embeddable":true,"href":"https:\/\/www.europesays.com\/fr\/wp-json\/wp\/v2\/media\/632668"}],"wp:attachment":[{"href":"https:\/\/www.europesays.com\/fr\/wp-json\/wp\/v2\/media?parent=632667"}],"wp:term":[{"taxonomy":"category","embeddable":true,"href":"https:\/\/www.europesays.com\/fr\/wp-json\/wp\/v2\/categories?post=632667"},{"taxonomy":"post_tag","embeddable":true,"href":"https:\/\/www.europesays.com\/fr\/wp-json\/wp\/v2\/tags?post=632667"}],"curies":[{"name":"wp","href":"https:\/\/api.w.org\/{rel}","templated":true}]}}