{"id":632687,"date":"2025-12-31T18:40:26","date_gmt":"2025-12-31T18:40:26","guid":{"rendered":"https:\/\/www.europesays.com\/fr\/632687\/"},"modified":"2025-12-31T18:40:26","modified_gmt":"2025-12-31T18:40:26","slug":"taurus-neo-lallemagne-renforce-ses-capacites-de-frappe-dans-la-profondeur-avec-mbda","status":"publish","type":"post","link":"https:\/\/www.europesays.com\/fr\/632687\/","title":{"rendered":"TAURUS NEO : l\u2019Allemagne renforce ses capacit\u00e9s de frappe dans la profondeur avec MBDA"},"content":{"rendered":"<p>L\u2019Allemagne franchit une nouvelle \u00e9tape dans le renforcement de ses capacit\u00e9s militaires de haute intensit\u00e9. Le 18 d\u00e9cembre 2025, <strong>TAURUS Systems GmbH<\/strong>, coentreprise entre <strong>MBDA<\/strong> et <strong>Saab<\/strong>, a sign\u00e9 un contrat strat\u00e9gique avec <strong>BAAINBw<\/strong>. Cet accord vise \u00e0 pr\u00e9parer une ligne de production en s\u00e9rie du missile de croisi\u00e8re de nouvelle g\u00e9n\u00e9ration <strong>TAURUS NEO<\/strong>, destin\u00e9 \u00e0 \u00e9quiper la <strong>Bundeswehr<\/strong>.<\/p>\n<p>Ce contrat marque le lancement industriel d\u2019un programme cl\u00e9 pour la souverainet\u00e9 militaire allemande et europ\u00e9enne, avec une production de grande ampleur pr\u00e9vue sur le sol allemand.<\/p>\n<p>Une mont\u00e9e en puissance industrielle en Allemagne<\/p>\n<p>Dans le cadre de ce contrat, MBDA pr\u00e9voit la mise en place d\u2019une capacit\u00e9 de production en s\u00e9rie afin de fabriquer des volumes significatifs de missiles TAURUS NEO en Allemagne. Cette d\u00e9cision s\u2019inscrit dans une dynamique plus large de r\u00e9industrialisation de la d\u00e9fense europ\u00e9enne et de s\u00e9curisation des cha\u00eenes d\u2019approvisionnement strat\u00e9giques.<\/p>\n<p>MBDA a d\u00e9j\u00e0 engag\u00e9 le d\u00e9veloppement des technologies critiques du TAURUS NEO d\u00e8s d\u00e9cembre 2024, dans le cadre d\u2019un contrat de maintenance et de modernisation du syst\u00e8me TAURUS existant. Cette anticipation permet d\u2019acc\u00e9l\u00e9rer la disponibilit\u00e9 op\u00e9rationnelle des premiers missiles tout en int\u00e9grant des capacit\u00e9s avanc\u00e9es d\u00e8s les premi\u00e8res livraisons.<\/p>\n<p>Un missile au c\u0153ur des capacit\u00e9s de dissuasion europ\u00e9ennes<\/p>\n<p>Le TAURUS NEO est con\u00e7u pour renforcer les capacit\u00e9s dites de deep strike, c\u2019est-\u00e0-dire la frappe dans la profondeur \u00e0 grande distance. Dot\u00e9 d\u2019une port\u00e9e sup\u00e9rieure \u00e0 500 kilom\u00e8tres, il permet \u00e0 la force a\u00e9rienne allemande de neutraliser des cibles strat\u00e9giques fortement prot\u00e9g\u00e9es tout en restant hors de port\u00e9e des syst\u00e8mes de d\u00e9fense a\u00e9rienne adverses.<\/p>\n<p>\u00ab Avec TAURUS NEO, l\u2019Allemagne d\u00e9veloppe sp\u00e9cifiquement ses capacit\u00e9s de frappe dans la profondeur \u00e0 la pointe de la technologie, apportant ainsi une contribution essentielle aux capacit\u00e9s de dissuasion de l\u2019Europe et de l\u2019OTAN \u00bb, a d\u00e9clar\u00e9 Thomas Gottschild, directeur ex\u00e9cutif strat\u00e9gie du groupe MBDA. Il souligne \u00e9galement que ce programme illustre \u00ab l\u2019expertise unique de MBDA en Europe, avec un portefeuille complet de capacit\u00e9s de frappe depuis la terre, l\u2019air, la surface et le sub-surface \u00bb.<\/p>\n<p>Un effort d\u2019investissement massif et durable<\/p>\n<p>Ce programme s\u2019inscrit dans une trajectoire industrielle ambitieuse. Entre 2023 et 2025, MBDA aura doubl\u00e9 sa production annuelle de missiles \u00e0 l\u2019\u00e9chelle du groupe. L\u2019industriel pr\u00e9voit par ailleurs d\u2019investir 2,4 milliards d\u2019euros entre 2025 et 2029 afin de soutenir la mont\u00e9e en cadence de ses sites de production et r\u00e9pondre \u00e0 la forte demande europ\u00e9enne et alli\u00e9e.<\/p>\n<p>Au-del\u00e0 du seul programme TAURUS NEO, cet investissement traduit un changement d\u2019\u00e9chelle durable de l\u2019industrie europ\u00e9enne de l\u2019armement, confront\u00e9e \u00e0 un environnement s\u00e9curitaire d\u00e9grad\u00e9 et \u00e0 des besoins accrus de dissuasion cr\u00e9dible.<\/p>\n<p>Un signal fort pour la souverainet\u00e9 europ\u00e9enne<\/p>\n<p>En combinant innovation technologique, production nationale et coop\u00e9ration industrielle europ\u00e9enne, le programme TAURUS NEO illustre la volont\u00e9 de l\u2019Allemagne et de ses partenaires de consolider une base industrielle et technologique de d\u00e9fense autonome. Pour MBDA, ce contrat renforce son r\u00f4le central dans la construction d\u2019une capacit\u00e9 europ\u00e9enne de frappe dans la profondeur, ind\u00e9pendante et cr\u00e9dible, au service de la s\u00e9curit\u00e9 collective.<\/p>\n","protected":false},"excerpt":{"rendered":"L\u2019Allemagne franchit une nouvelle \u00e9tape dans le renforcement de ses capacit\u00e9s militaires de haute intensit\u00e9. Le 18 d\u00e9cembre&hellip;\n","protected":false},"author":2,"featured_media":632688,"comment_status":"","ping_status":"","sticky":false,"template":"","format":"standard","meta":{"footnotes":""},"categories":[1587],"tags":[11,672,1804,1805,1803,1777,674,1801,12,1802],"class_list":{"0":"post-632687","1":"post","2":"type-post","3":"status-publish","4":"format-standard","5":"has-post-thumbnail","7":"category-allemagne","8":"tag-actualites","9":"tag-allemagne","10":"tag-bundesrepublik-deutschland","11":"tag-de","12":"tag-deutschland","13":"tag-eu","14":"tag-europe","15":"tag-germany","16":"tag-news","17":"tag-republique-federale-dallemagne"},"share_on_mastodon":{"url":"https:\/\/pubeurope.com\/@fr\/115815646909754101","error":""},"_links":{"self":[{"href":"https:\/\/www.europesays.com\/fr\/wp-json\/wp\/v2\/posts\/632687","targetHints":{"allow":["GET"]}}],"collection":[{"href":"https:\/\/www.europesays.com\/fr\/wp-json\/wp\/v2\/posts"}],"about":[{"href":"https:\/\/www.europesays.com\/fr\/wp-json\/wp\/v2\/types\/post"}],"author":[{"embeddable":true,"href":"https:\/\/www.europesays.com\/fr\/wp-json\/wp\/v2\/users\/2"}],"replies":[{"embeddable":true,"href":"https:\/\/www.europesays.com\/fr\/wp-json\/wp\/v2\/comments?post=632687"}],"version-history":[{"count":0,"href":"https:\/\/www.europesays.com\/fr\/wp-json\/wp\/v2\/posts\/632687\/revisions"}],"wp:featuredmedia":[{"embeddable":true,"href":"https:\/\/www.europesays.com\/fr\/wp-json\/wp\/v2\/media\/632688"}],"wp:attachment":[{"href":"https:\/\/www.europesays.com\/fr\/wp-json\/wp\/v2\/media?parent=632687"}],"wp:term":[{"taxonomy":"category","embeddable":true,"href":"https:\/\/www.europesays.com\/fr\/wp-json\/wp\/v2\/categories?post=632687"},{"taxonomy":"post_tag","embeddable":true,"href":"https:\/\/www.europesays.com\/fr\/wp-json\/wp\/v2\/tags?post=632687"}],"curies":[{"name":"wp","href":"https:\/\/api.w.org\/{rel}","templated":true}]}}