{"id":632691,"date":"2025-12-31T18:42:11","date_gmt":"2025-12-31T18:42:11","guid":{"rendered":"https:\/\/www.europesays.com\/fr\/632691\/"},"modified":"2025-12-31T18:42:11","modified_gmt":"2025-12-31T18:42:11","slug":"plante-adoree-des-francais-desormais-interdite-dans-toute-lue-vente-et-plantation-interdites","status":"publish","type":"post","link":"https:\/\/www.europesays.com\/fr\/632691\/","title":{"rendered":"Plante ador\u00e9e des Fran\u00e7ais d\u00e9sormais interdite dans toute l\u2019UE, vente et plantation interdites"},"content":{"rendered":"<p>Un tournant important bouscule les habitudes des amateurs de jardin. Une <a href=\"https:\/\/www.soonnight.com\/actualites\/plantes-tendance-pres-de-la-maison-leurs-racines-accentuent-le-risque-de-fissures-invisibles-en-hiver-2025-2026\/\" target=\"_blank\" rel=\"noopener\">plante ornementale<\/a>, tr\u00e8s r\u00e9pandue en France, vient d\u2019\u00eatre class\u00e9e comme esp\u00e8ce \u00e0 risque au niveau europ\u00e9en. L\u2019interdiction s\u2019applique d\u00e8s maintenant, avec des cons\u00e9quences concr\u00e8tes pour les particuliers et les professionnels.<\/p>\n<p>Pourquoi cette interdiction change la donne<\/p>\n<p>Les autorit\u00e9s europ\u00e9ennes renforcent la protection de la biodiversit\u00e9. Ainsi, l\u2019esp\u00e8ce vis\u00e9e rejoint la <strong><a href=\"https:\/\/www.soonnight.com\/actualites\/jours-feries-2026-en-france-le-gouvernement-confirme-les-dates-officielles-pour-planifier-vos-ponts\/\" target=\"_blank\" rel=\"noopener\">liste officielle<\/a> des esp\u00e8ces exotiques envahissantes<\/strong>. Cette inscription d\u00e9clenche automatiquement des r\u00e8gles strictes. Par cons\u00e9quent, les \u00c9tats membres doivent emp\u00eacher sa diffusion et limiter ses impacts \u00e9cologiques.<\/p>\n<p>Ce classement repose sur des expertises scientifiques. Celles-ci \u00e9valuent la capacit\u00e9 d\u2019une plante \u00e0 coloniser les milieux, \u00e0 concurrencer la flore locale et \u00e0 perturber les \u00e9cosyst\u00e8mes. De plus, les risques <a href=\"https:\/\/www.soonnight.com\/actualites\/impot-sur-le-revenu-2026-labsence-de-budget-nentraine-pas-une-hausse-automatique\/\" target=\"_blank\" rel=\"noopener\">\u00e9conomiques<\/a> et sanitaires entrent en ligne de compte. Le message est clair : pr\u00e9venir co\u00fbte moins cher que r\u00e9parer.<\/p>\n<p>Vos droits et obligations \u00e0 la maison<\/p>\n<p>Pour les particuliers, la r\u00e8gle est simple. <strong>Z\u00e9ro plantation, z\u00e9ro vente, z\u00e9ro \u00e9change<\/strong>, et pas de transport de l\u2019esp\u00e8ce. D\u00e9sormais, la d\u00e9tention peut \u00eatre encadr\u00e9e, selon les modalit\u00e9s fix\u00e9es au niveau national. Si vous l\u2019avez d\u00e9j\u00e0 <a href=\"https:\/\/www.soonnight.com\/lifestyle\/legume-racine-le-rituel-des-anciens-maraichers-pour-le-recolter-et-le-garder-croquant-tout-lhiver-sans-ramollir\/\" target=\"_blank\" rel=\"noopener\">au jardin<\/a>, des mesures de gestion sont attendues.<\/p>\n<blockquote>\n<p>\u00ab Pr\u00e9venir la dispersion, informer son entourage et agir par \u00e9tapes deviennent les bons r\u00e9flexes. \u00bb<\/p>\n<\/blockquote>\n<p>Les professionnels sont directement concern\u00e9s. P\u00e9pini\u00e8res, paysagistes et distributeurs doivent stopper la commercialisation. Toutefois, des d\u00e9lais techniques peuvent exister pour s\u00e9curiser les stocks, selon les textes d\u2019application. En attendant, l\u2019information des clients reste prioritaire.<\/p>\n<p>Chez vous, commencez par identifier correctement la plante. Ensuite, suivez un plan d\u2019arrachage progressif et s\u00e9curis\u00e9. \u00c9vitez toute mise au compost, car la reprise est possible. En bref, traitez les d\u00e9chets comme potentiellement contaminants pour votre jardin et vos abords.<\/p>\n<ul>\n<li>Identifier avec certitude l\u2019esp\u00e8ce concern\u00e9e<\/li>\n<li>\u00c9viter la dispersion des graines et fragments<\/li>\n<li>Programmer l\u2019arrachage au bon moment<\/li>\n<li>Conditionner les d\u00e9chets de fa\u00e7on \u00e9tanche<\/li>\n<li>Remplacer par des alternatives non invasives<\/li>\n<\/ul>\n<p>Proc\u00e9der \u00e0 l\u2019arrachage et \u00e0 la gestion des d\u00e9chets<\/p>\n<p>Un retrait r\u00e9ussi tient au bon timing. Alors, intervenez avant la mont\u00e9e en graines. Humidifier le sol facilite l\u2019extraction des racines. De plus, portez gants et manches longues pour \u00e9viter irritations ou blessures.<\/p>\n<p>Rassemblez tous les fragments dans des sacs r\u00e9sistants. Fermez-les herm\u00e9tiquement pour bloquer la diss\u00e9mination. Ensuite, orientez-les vers la fili\u00e8re adapt\u00e9e, pr\u00e9cis\u00e9e par votre collectivit\u00e9. Cependant, ne jetez rien en milieu naturel.<\/p>\n<p>Surveillez la repousse durant plusieurs saisons. Certaines esp\u00e8ces mobilisent des r\u00e9serves souterraines. Par cons\u00e9quent, un suivi r\u00e9gulier garantit l\u2019\u00e9radication. Un paillage dense aide \u00e0 \u00e9puiser les rejets et \u00e0 prot\u00e9ger votre am\u00e9nagement.<\/p>\n<p>Remplacer sans perdre en attrait<\/p>\n<p>Bonne nouvelle, l\u2019offre de substitution ne manque pas. Visez des arbustes et vivaces robustes, adapt\u00e9s \u00e0 votre climat. Ainsi, vous conservez structure, floraison et refuge pour la faune. Privil\u00e9giez des esp\u00e8ces locales, plus stables dans le temps.<\/p>\n<p>Pour une haie, orientez-vous vers des m\u00e9langes diversifi\u00e9s. De plus, les plantations \u00e9tag\u00e9es r\u00e9duisent l\u2019entretien et accueillent les pollinisateurs. Selon l\u2019exposition, pensez aux viornes, cornouillers, romarins ou lavandes. Vous maintenez l\u2019esth\u00e9tique sans alimenter le risque \u00e9cologique.<\/p>\n<p>Ce que pr\u00e9voit la r\u00e9glementation et comment s\u2019y conformer<\/p>\n<p>La logique du <strong>r\u00e8glement europ\u00e9en sur les esp\u00e8ces exotiques envahissantes<\/strong> tient en un triptyque : <strong>pr\u00e9venir, interdire, g\u00e9rer<\/strong>. Concr\u00e8tement, l\u2019esp\u00e8ce vis\u00e9e ne doit plus circuler sur <strong>tout le territoire de l\u2019Union<\/strong>. De plus, les \u00c9tats pr\u00e9cisent les contr\u00f4les et l\u2019accompagnement. Les particuliers agissent \u00e0 leur \u00e9chelle, avec un impact r\u00e9el sur le terrain.<\/p>\n<p>En cas de doute, demandez un appui \u00e0 votre commune ou \u00e0 un conseiller en v\u00e9g\u00e9tal. Vous pouvez documenter vos interventions avec des photos dat\u00e9es. Ainsi, vous prouvez vos efforts de ma\u00eetrise en cas de contr\u00f4le. Cette tra\u00e7abilit\u00e9 aide aussi \u00e0 suivre l\u2019efficacit\u00e9 dans le temps.<\/p>\n<p>Les associations naturalistes et les r\u00e9seaux de jardiniers jouent un r\u00f4le cl\u00e9. Ils partagent les retours d\u2019exp\u00e9rience et des fiches de gestion. Par cons\u00e9quent, chacun progresse plus vite, sans improviser. Ce maillage local r\u00e9duit la pression sur les milieux sensibles.<\/p>\n<p>Comprendre l\u2019enjeu pour anticiper les prochaines mises \u00e0 jour<\/p>\n<p>La liste europ\u00e9enne \u00e9volue par vagues. De plus, de nouvelles \u00e9valuations arrivent selon l\u2019\u00e9tat des connaissances. Rester inform\u00e9 \u00e9vite des achats \u00e0 risque. Vous s\u00e9curisez ainsi votre budget et vos plantations.<\/p>\n<p>Les collectivit\u00e9s adaptent d\u00e9j\u00e0 leurs march\u00e9s et leurs palettes v\u00e9g\u00e9tales. Ce mouvement touche aussi les fournisseurs. Pourtant, la cr\u00e9ativit\u00e9 paysag\u00e8re ne s\u2019arr\u00eate pas. Elle s\u2019appuie sur un choix responsable et durable.<\/p>\n<p>Conseils pratiques pour garder le cap chez soi<\/p>\n<p>Commencez petit, secteur par secteur, surtout dans un grand jardin. Fixez un calendrier r\u00e9aliste et cochez chaque \u00e9tape. De plus, affichez un rappel pr\u00e8s de l\u2019abri de jardin pour \u00e9viter les gestes r\u00e9flexes. Cette discipline limite les erreurs de tri ou de taille.<\/p>\n<p>Testez les alternatives sur une zone pilote. Vous validez l\u2019adaptation au sol et \u00e0 l\u2019exposition. Ensuite, vous d\u00e9ployez sur les autres massifs. Par cons\u00e9quent, le risque d\u2019\u00e9chec diminue nettement.<\/p>\n<p>Parlez-en au voisinage avec bienveillance. Ainsi, le quartier r\u00e9duit les fuites de graines et de boutures. Votre exp\u00e9rience servira aux prochains chantiers. Et votre jardin gagne en r\u00e9silience, saison apr\u00e8s saison.<\/p>\n<p>                                    <img loading=\"lazy\" decoding=\"async\" src=\"data:image\/svg+xml,%3Csvg%20xmlns=\" http:=\"\" alt=\"avatar Soonnight Le Mag\" width=\"32\" height=\"32\" data-lazy-src=\"https:\/\/www.europesays.com\/fr\/wp-content\/uploads\/2025\/08\/avatar-soonnight-lemag.png\"\/><\/p>\n","protected":false},"excerpt":{"rendered":"Un tournant important bouscule les habitudes des amateurs de jardin. Une plante ornementale, tr\u00e8s r\u00e9pandue en France, vient&hellip;\n","protected":false},"author":2,"featured_media":632692,"comment_status":"","ping_status":"","sticky":false,"template":"","format":"standard","meta":{"footnotes":""},"categories":[1586],"tags":[11,1777,674,1779,1011,27,3354,12,25,1778,364],"class_list":{"0":"post-632691","1":"post","2":"type-post","3":"status-publish","4":"format-standard","5":"has-post-thumbnail","7":"category-europe","8":"tag-actualites","9":"tag-eu","10":"tag-europe","11":"tag-european-union","12":"tag-fr","13":"tag-france","14":"tag-jardin","15":"tag-news","16":"tag-republique-francaise","17":"tag-ue","18":"tag-union-europeenne"},"share_on_mastodon":{"url":"https:\/\/pubeurope.com\/@fr\/115815654721053073","error":""},"_links":{"self":[{"href":"https:\/\/www.europesays.com\/fr\/wp-json\/wp\/v2\/posts\/632691","targetHints":{"allow":["GET"]}}],"collection":[{"href":"https:\/\/www.europesays.com\/fr\/wp-json\/wp\/v2\/posts"}],"about":[{"href":"https:\/\/www.europesays.com\/fr\/wp-json\/wp\/v2\/types\/post"}],"author":[{"embeddable":true,"href":"https:\/\/www.europesays.com\/fr\/wp-json\/wp\/v2\/users\/2"}],"replies":[{"embeddable":true,"href":"https:\/\/www.europesays.com\/fr\/wp-json\/wp\/v2\/comments?post=632691"}],"version-history":[{"count":0,"href":"https:\/\/www.europesays.com\/fr\/wp-json\/wp\/v2\/posts\/632691\/revisions"}],"wp:featuredmedia":[{"embeddable":true,"href":"https:\/\/www.europesays.com\/fr\/wp-json\/wp\/v2\/media\/632692"}],"wp:attachment":[{"href":"https:\/\/www.europesays.com\/fr\/wp-json\/wp\/v2\/media?parent=632691"}],"wp:term":[{"taxonomy":"category","embeddable":true,"href":"https:\/\/www.europesays.com\/fr\/wp-json\/wp\/v2\/categories?post=632691"},{"taxonomy":"post_tag","embeddable":true,"href":"https:\/\/www.europesays.com\/fr\/wp-json\/wp\/v2\/tags?post=632691"}],"curies":[{"name":"wp","href":"https:\/\/api.w.org\/{rel}","templated":true}]}}