{"id":632697,"date":"2025-12-31T18:47:12","date_gmt":"2025-12-31T18:47:12","guid":{"rendered":"https:\/\/www.europesays.com\/fr\/632697\/"},"modified":"2025-12-31T18:47:12","modified_gmt":"2025-12-31T18:47:12","slug":"on-na-pas-craque-et-on-a-gagne-le-volley-mulhouse-alsace-reste-invincible-lalsace","status":"publish","type":"post","link":"https:\/\/www.europesays.com\/fr\/632697\/","title":{"rendered":"\u00ab On n\u2019a pas craqu\u00e9 et on a gagn\u00e9 \u00bb&#8230; Le Volley Mulhouse Alsace reste invincible &#8211; L&#039;Alsace"},"content":{"rendered":"<ol>\n<li><a href=\"https:\/\/news.google.com\/rss\/articles\/CBMie0FVX3lxTFBWLTNwVVU3TlNVd2xmZnNUUFMzczU1NXZvUG5XSVhJTTR0NXU3SmZ2MXFieXRvczJQVjVJT09UTWFHa3RIakdwR2EwQU9lTGxRX05nX3N5SnRJOWVrZllfSTZDdVItMTZROUloaFhNY09sV090YVFpX3k1TQ?oc=5\" target=\"_blank\" rel=\"noopener\">\u00ab On n\u2019a pas craqu\u00e9 et on a gagn\u00e9 \u00bb&#8230; Le Volley Mulhouse Alsace reste invincible<\/a>&nbsp;&nbsp;L&rsquo;Alsace<\/li>\n<li><a href=\"https:\/\/news.google.com\/rss\/articles\/CBMi4AFBVV95cUxOUHpCZ3B0X1VDaEpVQzhOaUlTdC0yMmUzQXo1QmVqUjl5YVJCWk1aWk5WZmxjMjhuWnZYQ01UVnpCd1dHNGVBVmNVUFVCSDJFU2xHWVhwRm9vNHh3WUZrN2toSWREc3BFc2I1VGFSM0VPSm45WUtfaElkQkJEblJPdUlUR241M1F3UWF2OTZWNmotV2VBYVVTZll2cTEtcjViMDVmTG1HdjVrSDhZeTZ0cWRTTFd2aTI5YzVONE91cVlETWxHOWRrTDZfWmxET094TFhRa3d0UEpUdkpmMS13Nw?oc=5\" target=\"_blank\" rel=\"noopener\">Volley-ball (Ligue A f\u00e9minine). Bordeaux-M\u00e9rignac a rivalis\u00e9 mais a fini par craquer \u00e0 Mulhouse<\/a>&nbsp;&nbsp;Sud Ouest<\/li>\n<li><a href=\"https:\/\/news.google.com\/rss\/articles\/CBMi4AFBVV95cUxQOXN3U2VBM1hwTUN3RkJkbGRkekl0cFdibnk4NmVxTFpkYmZtZVNCb2xPdTdzN2tJWFRrTVZpaVZSNENLNnlNaXVkTlg1Y0FuQU1yQnljU1JyQlFhNUFqYXVHRHVPVnpHLXNla1dHWDFmX3gxVlhHNGJ3elNzN19zeDNwMFdnRGlJSGtwSFdKeXNTRnNGTldyU3NCM3otSE1qQzNzaEgwbFA5VVp4aWw4V1FjQnNoVU0wamc2anVpQmkwb0ExNC1ObTc2cU02NF8xeWd4OXdiY29QWGV6Rmtxcg?oc=5\" target=\"_blank\" rel=\"noopener\">Volley-ball. C&rsquo;est termin\u00e9 au Palais des sports. Le Volley Mulhouse Alsace s&rsquo;impose 3-1 face \u00e0 Bordeaux M\u00e9rignac Volley et poursuit sa s\u00e9rie d&rsquo;invincibilit\u00e9<\/a>&nbsp;&nbsp;L&rsquo;Alsace<\/li>\n<li><a href=\"https:\/\/news.google.com\/rss\/articles\/CBMirgFBVV95cUxPZDhiS1B1Nmwta3Nhb09LR1U3NTk3RGlqN3dEQ19rbkUybVNhVzJ1U29tUlJHM1lWWWxGTVZTT3ZFSFRWYlI2czN4NHNzV09KYmtQSnBIUTF5SE0yeEtGNTdfcmhYMlZHbTdQbG1lTldCSloyMDBMekhvQVVuMlJDeHlJV0hUT0VaMEo4azFFT3BtTTZST2FZTy1la3hLWE1mOXRFb2NnNGZLTFg4Y0E?oc=5\" target=\"_blank\" rel=\"noopener\">Volley-ball. D&rsquo;abord bouscul\u00e9, le Volley Mulhouse Alsace a \u00e9vit\u00e9 le pi\u00e8ge bordelais<\/a>&nbsp;&nbsp;L&rsquo;Alsace<\/li>\n<li><a href=\"https:\/\/news.google.com\/rss\/articles\/CBMiywFBVV95cUxOaWV0Y25pM3ZmNnlFRWR3QkhOa0Z3Sy1KcWhjUWdtcm5UUVByTTBhRWgySlhxOVRFZGJBTjZhM1E0T3p5clQ4YmhEdl9HQUJsa2pISHNzUTVoYlp6NS1tM2hxTkhOSUlUbTR6N1RsTDVVN242ZUgzdVA5cFhUMVFvbUdiME1ZdG0yUnRvSmNCOFl6bU5YOVRwbkFBNnhLYjZLdEdzOEVuNXh1cjZBVmp6UTQ1TWRvclJGNE9BbHVoZ0xHVmRkTldZeW9oQQ?oc=5\" target=\"_blank\" rel=\"noopener\">Volley-ball (Ligue A f\u00e9minine). Bordeaux-M\u00e9rignac sans pression face \u00e0 Mulhouse<\/a>&nbsp;&nbsp;Sud Ouest<\/li>\n<\/ol>\n","protected":false},"excerpt":{"rendered":"\u00ab On n\u2019a pas craqu\u00e9 et on a gagn\u00e9 \u00bb&#8230; Le Volley Mulhouse Alsace reste invincible&nbsp;&nbsp;L&rsquo;Alsace Volley-ball (Ligue&hellip;\n","protected":false},"author":2,"featured_media":632698,"comment_status":"","ping_status":"","sticky":false,"template":"","format":"standard","meta":{"footnotes":""},"categories":[1417],"tags":[1636,107,1011,27,1634,1635,517,60,1470,1632,1469],"class_list":{"0":"post-632697","1":"post","2":"type-post","3":"status-publish","4":"format-standard","5":"has-post-thumbnail","7":"category-volley","8":"tag-edition-mulhouse-thann","9":"tag-fil-info","10":"tag-fr","11":"tag-france","12":"tag-mulhouse","13":"tag-secteur-de-mulhouse","14":"tag-sport","15":"tag-sports","16":"tag-volley","17":"tag-volley-ball","18":"tag-volleyball"},"share_on_mastodon":{"url":"https:\/\/pubeurope.com\/@fr\/115815674242061606","error":""},"_links":{"self":[{"href":"https:\/\/www.europesays.com\/fr\/wp-json\/wp\/v2\/posts\/632697","targetHints":{"allow":["GET"]}}],"collection":[{"href":"https:\/\/www.europesays.com\/fr\/wp-json\/wp\/v2\/posts"}],"about":[{"href":"https:\/\/www.europesays.com\/fr\/wp-json\/wp\/v2\/types\/post"}],"author":[{"embeddable":true,"href":"https:\/\/www.europesays.com\/fr\/wp-json\/wp\/v2\/users\/2"}],"replies":[{"embeddable":true,"href":"https:\/\/www.europesays.com\/fr\/wp-json\/wp\/v2\/comments?post=632697"}],"version-history":[{"count":0,"href":"https:\/\/www.europesays.com\/fr\/wp-json\/wp\/v2\/posts\/632697\/revisions"}],"wp:featuredmedia":[{"embeddable":true,"href":"https:\/\/www.europesays.com\/fr\/wp-json\/wp\/v2\/media\/632698"}],"wp:attachment":[{"href":"https:\/\/www.europesays.com\/fr\/wp-json\/wp\/v2\/media?parent=632697"}],"wp:term":[{"taxonomy":"category","embeddable":true,"href":"https:\/\/www.europesays.com\/fr\/wp-json\/wp\/v2\/categories?post=632697"},{"taxonomy":"post_tag","embeddable":true,"href":"https:\/\/www.europesays.com\/fr\/wp-json\/wp\/v2\/tags?post=632697"}],"curies":[{"name":"wp","href":"https:\/\/api.w.org\/{rel}","templated":true}]}}