{"id":632703,"date":"2025-12-31T18:53:11","date_gmt":"2025-12-31T18:53:11","guid":{"rendered":"https:\/\/www.europesays.com\/fr\/632703\/"},"modified":"2025-12-31T18:53:11","modified_gmt":"2025-12-31T18:53:11","slug":"une-nouvelle-equipe-pour-helene-clauzel-actualite","status":"publish","type":"post","link":"https:\/\/www.europesays.com\/fr\/632703\/","title":{"rendered":"Une nouvelle \u00e9quipe pour H\u00e9l\u00e8ne Clauzel &#8211; Actualit\u00e9"},"content":{"rendered":"<p>Le Team Eko\u00ef a \u00e9t\u00e9 mis en place par les fr\u00e8res Roodhooft, Christoph et Philipp, d\u00e9j\u00e0 \u00e0 la t\u00eate des \u00e9quipes hommes et femmes Alpecin-Deceuninck ainsi que Corendon-Crelan.<\/p>\n<p>\u201cAvec le Team Eko\u00ef, nous voulons donner \u00e0 trois coureurs la possibilit\u00e9 de continuer \u00e0 se battre pour leur place au plus haut niveau. Ils m\u00e9ritent un environnement professionnel, un encadrement solide et un bon \u00e9quipement. Et gr\u00e2ce au soutien d\u2019Eko\u00ef et de Colnago, nous pouvons offrir exactement cela jusqu\u2019\u00e0 la fin de la saison. Ensuite, nous nous assoirons ensemble pour voir ce que l\u2019avenir nous r\u00e9serve\u201d, a indiqu\u00e9 Philipp Roodhooft dans un communiqu\u00e9.\u00a0 <\/p>\n<p>Depuis le d\u00e9but de saison, H\u00e9l\u00e8ne Clauzel \u00e9tait soutenue par les fr\u00e8res Roodhooft mais portait une tenue neutre. L\u2019Alsacienne de 27 ans est actuellement 15e de la Coupe du Monde. Elle s\u2019est notamment class\u00e9e 9e \u00e0 Tabor puis 8e \u00e0 Flamanville.\u00a0<\/p>\n<p><a href=\"https:\/\/www.directvelo.com\/coureur\/47976\/lauren-molengraaf\" target=\"_blank\" rel=\"noopener\"><strong>Lauren Molengraaf<\/strong><\/a>, 20 ans, d\u00e9fendait les couleurs de l&rsquo;\u00e9quipe Charles Li\u00e9geois Roastery CX. Sur la route, elle \u00e9tait membre cette ann\u00e9e de la FDJ-Suez. En cyclo-cross, elle a fini 8e du Championnat d&rsquo;Europe et 12e de la Coupe du Monde \u00e0 Terralba.\u00a0<\/p>\n<p><a href=\"https:\/\/www.directvelo.com\/coureur\/19592\/ryan-kamp\" target=\"_blank\" rel=\"noopener\"><strong>Ryan Kamp<\/strong><\/a>, 25 ans, portait jusque-l\u00e0 le maillot d&rsquo;Alpecin-Deceuninck Development Team dans les sous-bois et sur la route. Il compte deux Top 10 en Coupe du Monde, avec une 4e place \u00e0 Terralba et une 6e \u00e0 Tabor.<\/p>\n<p><img decoding=\"async\" src=\"https:\/\/www.europesays.com\/fr\/wp-content\/uploads\/2025\/12\/607072298_122095088673198912_7695499860846000497_n.jpg\" alt=\"\" width=\"650\"\/><\/p>\n","protected":false},"excerpt":{"rendered":"Le Team Eko\u00ef a \u00e9t\u00e9 mis en place par les fr\u00e8res Roodhooft, Christoph et Philipp, d\u00e9j\u00e0 \u00e0 la&hellip;\n","protected":false},"author":2,"featured_media":632704,"comment_status":"","ping_status":"","sticky":false,"template":"","format":"standard","meta":{"footnotes":""},"categories":[1411],"tags":[834,828,836,829,837,827,83,826,824,823,1154,207,814,817,815,816,822,821,832,211,839,1011,27,820,818,819,835,831,830,833,838,60,212,208,825],"class_list":{"0":"post-632703","1":"post","2":"type-post","3":"status-publish","4":"format-standard","5":"has-post-thumbnail","7":"category-cyclisme","8":"tag-attaque","9":"tag-belgique","10":"tag-braquet","11":"tag-bretagne","12":"tag-chute","13":"tag-competition","14":"tag-coupe-de-france","15":"tag-coureur","16":"tag-course-cyclisme","17":"tag-course-cycliste","18":"tag-cycling","19":"tag-cyclisme","20":"tag-direct","21":"tag-direct-velo","22":"tag-directvelo","23":"tag-directvelo-com","24":"tag-epreuve","25":"tag-epreuve-cycliste","26":"tag-federation-francaise-de-cyclisme","27":"tag-ffc","28":"tag-flandres","29":"tag-fr","30":"tag-france","31":"tag-live","32":"tag-live-course","33":"tag-live-epreuve","34":"tag-peloton","35":"tag-radio-peloton","36":"tag-radio-tour","37":"tag-ravitaillement","38":"tag-relance","39":"tag-sports","40":"tag-uci","41":"tag-velo","42":"tag-velos"},"share_on_mastodon":{"url":"https:\/\/pubeurope.com\/@fr\/115815697994374543","error":""},"_links":{"self":[{"href":"https:\/\/www.europesays.com\/fr\/wp-json\/wp\/v2\/posts\/632703","targetHints":{"allow":["GET"]}}],"collection":[{"href":"https:\/\/www.europesays.com\/fr\/wp-json\/wp\/v2\/posts"}],"about":[{"href":"https:\/\/www.europesays.com\/fr\/wp-json\/wp\/v2\/types\/post"}],"author":[{"embeddable":true,"href":"https:\/\/www.europesays.com\/fr\/wp-json\/wp\/v2\/users\/2"}],"replies":[{"embeddable":true,"href":"https:\/\/www.europesays.com\/fr\/wp-json\/wp\/v2\/comments?post=632703"}],"version-history":[{"count":0,"href":"https:\/\/www.europesays.com\/fr\/wp-json\/wp\/v2\/posts\/632703\/revisions"}],"wp:featuredmedia":[{"embeddable":true,"href":"https:\/\/www.europesays.com\/fr\/wp-json\/wp\/v2\/media\/632704"}],"wp:attachment":[{"href":"https:\/\/www.europesays.com\/fr\/wp-json\/wp\/v2\/media?parent=632703"}],"wp:term":[{"taxonomy":"category","embeddable":true,"href":"https:\/\/www.europesays.com\/fr\/wp-json\/wp\/v2\/categories?post=632703"},{"taxonomy":"post_tag","embeddable":true,"href":"https:\/\/www.europesays.com\/fr\/wp-json\/wp\/v2\/tags?post=632703"}],"curies":[{"name":"wp","href":"https:\/\/api.w.org\/{rel}","templated":true}]}}