{"id":632711,"date":"2025-12-31T18:58:11","date_gmt":"2025-12-31T18:58:11","guid":{"rendered":"https:\/\/www.europesays.com\/fr\/632711\/"},"modified":"2025-12-31T18:58:11","modified_gmt":"2025-12-31T18:58:11","slug":"star-academy-qui-seront-les-nomines-ce-soir-extrait-video-du-31-decembre-2025","status":"publish","type":"post","link":"https:\/\/www.europesays.com\/fr\/632711\/","title":{"rendered":"Star Academy : qui seront les nomin\u00e9s ce soir ? (extrait vid\u00e9o du 31 d\u00e9cembre 2025)"},"content":{"rendered":"<p>\n<br \/>Publicit\u00e9<\/p>\n<p><strong>Star Academy annonce des nominations de la semaine 11 \u2013<\/strong> C\u2019est ce matin que Micha\u00ebl Goldman, directeur de <a href=\"https:\/\/www.stars-actu.fr\/tag\/star-academy\/\" rel=\"noopener\" target=\"_blank\">la Star Academy<\/a> 2025 est venu annoncer aux \u00e9l\u00e8ves les noms des nomm\u00e9s de la semaine. Une annonce que l\u2019on ne d\u00e9couvrira qu\u2019en fin de quotidienne ce soir, vers 18h30 !<\/p>\n<p>Vous vous demandez qui seront les nomin\u00e9s ce soir ? On vous donne nos pronostics ! <strong>ARTICLE PLUS R\u00c9CENT :<\/strong> <a href=\"https:\/\/www.stars-actu.fr\/2025\/12\/star-academy-du-31-decembre-2025-nominations-resume-et-replay-de-la-quotidienne\/\" target=\"_blank\" rel=\"noopener\">Star Academy du 31 d\u00e9cembre 2025 : nominations, r\u00e9sum\u00e9 et replay de la quotidienne<\/a><\/p>\n<p><img fetchpriority=\"high\" decoding=\"async\" src=\"data:image\/svg+xml,%3Csvg%20xmlns=\" http:=\"\" alt=\"Star Academy : qui seront les nomin\u00e9s ce soir ? (extrait vid\u00e9o du 31 d\u00e9cembre 2025)\" width=\"1200\" height=\"688\" class=\"size-full wp-image-184054\" data-lazy- data-lazy- data-lazy-src=\"https:\/\/www.europesays.com\/fr\/wp-content\/uploads\/2025\/12\/staracademy2025-quotidienne.jpg\"\/>Capture TF1<\/p>\n<p>\n<br \/>Publicit\u00e9<\/p>\n<p>On a d\u00e9j\u00e0 le classement des \u00e9valuations de th\u00e9\u00e2tre et de danse, qui se sont d\u00e9roul\u00e9es lundi et comptent chacune pour 25% de la note finale.<\/p>\n<p>Classement du th\u00e9\u00e2tre : Anouk, Bastiaan, Victor, L\u00e9a, Sarah, Th\u00e9o et Ambre.<\/p>\n<p>\n<br \/>Publicit\u00e9<\/p>\n<p>Classement de la danse : Sarah et Bastiaan \u00e0 \u00e9galit\u00e9, L\u00e9a, Th\u00e9o, Ambre, Anouk et Victor.<\/p>\n<p>Bastiaan est le plus r\u00e9gulier et n\u2019ayant pas rat\u00e9 son \u00e9valuation de chant mardi matin, il devrait sans surprise faire partie du top 3 cette semaine. Ce devrait \u00e9galement \u00eatre le cas de Sarah, qui finit premi\u00e8re de la danse et a livr\u00e9 l\u2019une des meilleurs \u00e9valuations en chant.<\/p>\n<p>Du c\u00f4t\u00e9, du bas de classement, il y a Th\u00e9o, qui a fini avant-dernier du th\u00e9\u00e2tre et qui est le plus faible en chant. C\u2019est aussi le cas de Victor, qui a termin\u00e9 dernier de la danse et rat\u00e9 son \u00e9valuation de chant, avec notamment une fausse note qui pourrait lui \u00eatre fatale.<\/p>\n<p>Ambre, qui n\u2019est clairement pas sur une bonne semaine mais est immunis\u00e9e, a des chances d\u2019\u00eatre dans le bas du classement mais \u00e9chappera dans tous les cas \u00e0 la nomination.<\/p>\n<p>Selon nous, Th\u00e9o et Victor seront nomin\u00e9s ce soir. Mais pour le 3\u00e8me nomm\u00e9, c\u2019est l\u2019incertitude : \u00e7a devrait se jouer \u00e0 tr\u00e8s peu ! Il pourrait s\u2019agir de L\u00e9a, bien qu\u2019elle n\u2019ait rat\u00e9 aucune \u00e9valuation, mais \u00e0 ce niveau de la comp\u00e9tition c\u2019est tr\u00e8s relev\u00e9.<\/p>\n<p>Th\u00e9o, Victor et L\u00e9a seront-ils les nomin\u00e9s de la semaine ? Verdict tout \u00e0 l\u2019heure sur TF1 avec l\u2019annonce officielle des nominations !<\/p>\n<p>EXTRAIT VID\u00c9O STAR ACADEMY : la quotidienne du 31 d\u00e9cembre<\/p>\n<p>D\u00e9couvrez en avant-premi\u00e8re l\u2019\u00e9valuation de Sarah sur \u00ab\u00a0Je t\u2019aime\u00a0\u00bb de Lara Fabian.<\/p>\n","protected":false},"excerpt":{"rendered":"Publicit\u00e9 Star Academy annonce des nominations de la semaine 11 \u2013 C\u2019est ce matin que Micha\u00ebl Goldman, directeur&hellip;\n","protected":false},"author":2,"featured_media":632712,"comment_status":"","ping_status":"","sticky":false,"template":"","format":"standard","meta":{"footnotes":""},"categories":[1356],"tags":[58,59,1011,27,5095,67823,252,1364],"class_list":{"0":"post-632711","1":"post","2":"type-post","3":"status-publish","4":"format-standard","5":"has-post-thumbnail","7":"category-television","8":"tag-divertissement","9":"tag-entertainment","10":"tag-fr","11":"tag-france","12":"tag-star-academy","13":"tag-staracademylelive","14":"tag-television","15":"tag-tv"},"share_on_mastodon":{"url":"https:\/\/pubeurope.com\/@fr\/115815717550784923","error":""},"_links":{"self":[{"href":"https:\/\/www.europesays.com\/fr\/wp-json\/wp\/v2\/posts\/632711","targetHints":{"allow":["GET"]}}],"collection":[{"href":"https:\/\/www.europesays.com\/fr\/wp-json\/wp\/v2\/posts"}],"about":[{"href":"https:\/\/www.europesays.com\/fr\/wp-json\/wp\/v2\/types\/post"}],"author":[{"embeddable":true,"href":"https:\/\/www.europesays.com\/fr\/wp-json\/wp\/v2\/users\/2"}],"replies":[{"embeddable":true,"href":"https:\/\/www.europesays.com\/fr\/wp-json\/wp\/v2\/comments?post=632711"}],"version-history":[{"count":0,"href":"https:\/\/www.europesays.com\/fr\/wp-json\/wp\/v2\/posts\/632711\/revisions"}],"wp:featuredmedia":[{"embeddable":true,"href":"https:\/\/www.europesays.com\/fr\/wp-json\/wp\/v2\/media\/632712"}],"wp:attachment":[{"href":"https:\/\/www.europesays.com\/fr\/wp-json\/wp\/v2\/media?parent=632711"}],"wp:term":[{"taxonomy":"category","embeddable":true,"href":"https:\/\/www.europesays.com\/fr\/wp-json\/wp\/v2\/categories?post=632711"},{"taxonomy":"post_tag","embeddable":true,"href":"https:\/\/www.europesays.com\/fr\/wp-json\/wp\/v2\/tags?post=632711"}],"curies":[{"name":"wp","href":"https:\/\/api.w.org\/{rel}","templated":true}]}}