{"id":632721,"date":"2025-12-31T19:04:16","date_gmt":"2025-12-31T19:04:16","guid":{"rendered":"https:\/\/www.europesays.com\/fr\/632721\/"},"modified":"2025-12-31T19:04:16","modified_gmt":"2025-12-31T19:04:16","slug":"loffre-choc-de-ce-31-decembre","status":"publish","type":"post","link":"https:\/\/www.europesays.com\/fr\/632721\/","title":{"rendered":"l\u2019offre choc de ce 31 d\u00e9cembre"},"content":{"rendered":"<p>Sorti en 2022, le MacBook Air M2 reste une valeur s\u00fbre pour celles et ceux qui cherchent un ordinateur portable \u00e0 la fois l\u00e9ger, performant et endurant. Bonne nouvelle : ce mod\u00e8le iconique voit son prix chuter \u00e0 seulement 699 euros chez Boulanger, un tarif in\u00e9dit qui le rend plus tentant que jamais.<\/p>\n<p>            <a title=\"Voici le MacBook Air M2 \u00e0 699 \u20ac sur Boulanger\" data-enddate=\"1767222000\" data-old-price=\"1099\" data-new-price=\"699\" data-button-type=\"eshop\" data-product-rate=\"8\" href=\"https:\/\/shop.frandroid.com\/y3gc8w2g\" data-gtm=\"{&quot;nom_marchand&quot;:&quot;boulanger&quot;,&quot;nom_produit&quot;:&quot;inconnu&quot;,&quot;categorie_produit&quot;:&quot;inconnu&quot;,&quot;position_marchand&quot;:0,&quot;offer_url&quot;:&quot;https:\\\/\\\/shop.frandroid.com\\\/y3gc8w2g&quot;,&quot;module_produit&quot;:&quot;bouton&quot;,&quot;zone&quot;:&quot;contenu-page&quot;,&quot;event&quot;:&quot;afficlic&quot;,&quot;texte&quot;:&quot;voici-le-macbook-air-m2-a-699-e-sur-boulanger&quot;}\" rel=\"nofollow noopener\" class=\"product-button is-shadowed\" target=\"_blank\"><\/p>\n<p>                                        Voici le MacBook Air M2 \u00e0 699 \u20ac sur Boulanger<\/p>\n<p>                        D\u00e9couvrir l\u2019offre<\/p>\n<p>            <\/a><\/p>\n<p><a href=\"https:\/\/images.frandroid.com\/wp-content\/uploads\/2022\/07\/apple-macbook-air-m2-test-2-scaled.jpg\" target=\"_blank\" class=\"article-content__figure\" rel=\"noopener\"><img fetchpriority=\"high\" decoding=\"async\" loading=\"eager\" width=\"1200\" height=\"800\" src=\"https:\/\/www.europesays.com\/fr\/wp-content\/uploads\/2025\/12\/apple-macbook-air-m2-test-2-scaled.jpg\" alt=\"\" class=\"wp-image-1407583 wp-image wp-image\"  \/><\/a>Source : Chlo\u00e9 Pertuis \u2013 Frandroid<\/p>\n<p>Le MacBook Air M2 n\u2019est pas le dernier <a href=\"https:\/\/www.frandroid.com\/guide-dachat\/guides-dachat-ordinateurs\/981469_macbook-air-macbook-pro-macbook-m1-quel-portable-apple-choisir\" target=\"_blank\" rel=\"noopener\">des laptops Apple,<\/a> mais il conserve tout ce qui a fait son succ\u00e8s : un design ultrafin, une puissance ma\u00eetris\u00e9e et une autonomie exemplaire. Lanc\u00e9 \u00e0 plus de 1 000 euros, il devient aujourd\u2019hui bien plus accessible gr\u00e2ce \u00e0 une promotion choc chez Boulanger,<a href=\"https:\/\/shop.frandroid.com\/y3gc8w2g\" target=\"_blank\" rel=\"noreferrer noopener affiliate nofollow\" data-gtm=\"{&quot;event&quot;:&quot;afficlic&quot;,&quot;nom_marchand&quot;:&quot;boulanger&quot;,&quot;nom_produit&quot;:&quot;inconnu&quot;,&quot;categorie_produit&quot;:&quot;inconnu&quot;,&quot;module_produit&quot;:&quot;editolink&quot;,&quot;position_marchand&quot;:0,&quot;texte&quot;:&quot;ou-son-prix-tombe-a-seulement-699-euros&quot;,&quot;offer_url&quot;:&quot;https:\/\/shop.frandroid.com\/y3gc8w2g&quot;,&quot;zone&quot;:&quot;contenu-page&quot;}\"> o\u00f9 son prix tombe \u00e0 seulement 699 euros.<\/a> Une offre rare qui redonne tout son attrait \u00e0 ce mod\u00e8le embl\u00e9matique de la gamme Apple.<\/p>\n<p>Pourquoi on recommande le MacBook Air M2 ?<\/p>\n<ul class=\"wp-block-list\">\n<li>Une puce M2 encore solide<\/li>\n<li>Une autonomie qui tient plus d\u2019une journ\u00e9e<\/li>\n<li>Un \u00e9cran Liquid Retina \u00e0 l\u2019aise de jour comme de nuit<\/li>\n<\/ul>\n<p>Au lieu de 1 099 euros chez Apple, le MacBook Air M2 est aujourd\u2019hui disponible en promotion \u00e0 724 euros chez Boulanger, mais <strong>une fois dans le panier une remise de 25 euros s\u2019applique<\/strong> : <a href=\"https:\/\/shop.frandroid.com\/y3gc8w2g\" target=\"_blank\" rel=\"noreferrer noopener affiliate nofollow\" data-gtm=\"{&quot;event&quot;:&quot;afficlic&quot;,&quot;nom_marchand&quot;:&quot;boulanger&quot;,&quot;nom_produit&quot;:&quot;inconnu&quot;,&quot;categorie_produit&quot;:&quot;inconnu&quot;,&quot;module_produit&quot;:&quot;editolink&quot;,&quot;position_marchand&quot;:0,&quot;texte&quot;:&quot;le-laptop-passe-alors-a-699-euros-seulement&quot;,&quot;offer_url&quot;:&quot;https:\/\/shop.frandroid.com\/y3gc8w2g&quot;,&quot;zone&quot;:&quot;contenu-page&quot;}\">le laptop passe alors \u00e0 699 euros seulement.<\/a><\/p>\n<p>            <a title=\"Voici le MacBook Air M2 \u00e0 699 \u20ac sur Boulanger\" data-enddate=\"1767222000\" data-old-price=\"1099\" data-new-price=\"699\" data-button-type=\"eshop\" data-product-rate=\"8\" href=\"https:\/\/shop.frandroid.com\/y3gc8w2g\" data-gtm=\"{&quot;nom_marchand&quot;:&quot;boulanger&quot;,&quot;nom_produit&quot;:&quot;inconnu&quot;,&quot;categorie_produit&quot;:&quot;inconnu&quot;,&quot;position_marchand&quot;:0,&quot;offer_url&quot;:&quot;https:\\\/\\\/shop.frandroid.com\\\/y3gc8w2g&quot;,&quot;module_produit&quot;:&quot;bouton&quot;,&quot;zone&quot;:&quot;contenu-page&quot;,&quot;event&quot;:&quot;afficlic&quot;,&quot;texte&quot;:&quot;voici-le-macbook-air-m2-a-699-e-sur-boulanger&quot;}\" rel=\"nofollow noopener\" class=\"product-button is-shadowed\" target=\"_blank\"><\/p>\n<p>                                        Voici le MacBook Air M2 \u00e0 699 \u20ac sur Boulanger<\/p>\n<p>                        D\u00e9couvrir l\u2019offre<\/p>\n<p>            <\/a><\/p>\n<p><a target=\"_blank\" href=\"https:\/\/images.frandroid.com\/wp-content\/uploads\/2025\/12\/capture-decran-macbook-air-m2.png\" class=\"article-content__figure\" rel=\"noopener\"><img loading=\"lazy\" decoding=\"async\" width=\"1200\" height=\"468\" src=\"https:\/\/www.europesays.com\/fr\/wp-content\/uploads\/2025\/12\/capture-decran-macbook-air-m2-1200x468.png\" alt=\"\" class=\"wp-image-2924911 wp-image\"  \/><\/a>Prix final une fois le MacBook Air M2 ajout\u00e9 au panier \/\/ Source : boulanger<\/p>\n<p>Si, par la suite, l\u2019offre mentionn\u00e9e dans cet article n\u2019est plus disponible, merci de jeter un coup d\u2019\u0153il ci-dessous afin de d\u00e9nicher d\u2019autres offres concernant ce MacBook Air M2. Le tableau s\u2019actualise automatiquement. <\/p>\n<p>Sans un bruit<\/p>\n<p>La l\u00e9g\u00e8ret\u00e9 est le premier mot d\u2019ordre de ce MacBook Air M2. Il ne p\u00e8se que 1,2 kilo. Il pourra donc facilement se glisser dans votre sac, que ce soit pour travailler dans un open space ou pour aller \u00e0 la fac. Dans ces deux cas de figure, vous risquez de vous retrouver dans des environnements o\u00f9 il y a beaucoup de monde. Bonne nouvelle, ce laptop ne fait aucun bruit.<\/p>\n<p>Justement, si vous comptez l\u2019emmener partout avec vous, vous allez avoir besoin d\u2019une batterie qui tient la route. Dans ce domaine, il y a du bon et du moins bon. Si vous vous contentez d\u2019ouvrir quelques onglets et d\u2019avoir une plateforme de streaming en fond, vous allez avoir une machine qui tient assez facilement une journ\u00e9e. Le probl\u00e8me survient lorsque vous utilisez une ou plusieurs applications qui demandent beaucoup de ressources. La machine se met \u00e0 chauffer et cela a un impact sur la batterie qui devient tout de suite moins performante.<\/p>\n<p>Le meilleur rapport qualit\u00e9\/prix du march\u00e9<\/p>\n<p>Du c\u00f4t\u00e9 de l\u2019\u00e9cran, on se retrouve face \u00e0 un \u00e9cran Liquid Retina de 13,6 pouces avec une r\u00e9solution de 2 560 x 1 664 pixels et une luminosit\u00e9 de 500 nits qui pourra vous permettre de travailler en ext\u00e9rieur comme dans des environnements moins lumineux. Veillez cependant \u00e0 ne pas vous mettre en plein soleil parce qu\u2019il est assez sensible aux reflets de notre \u00e9toile.<\/p>\n<p>Au niveau de la puissance, place \u00e0 la puce M2 qui est un petit bijou de technologie gr\u00e2ce \u00e0 la pr\u00e9sence de l\u2019IA et \u00e0 son GPU 8 c\u0153urs, il pourra sans probl\u00e8me faire tourner les logiciels les plus gourmands. Pour r\u00e9sumer, nous sommes face \u00e0 une machine qui peut convenir \u00e0 tout le monde ou presque.<\/p>\n<p>Une machine encore dans le coup\u00a0?<\/p>\n<p>Si ce MacBook Air M2 est sorti en 2022, vaut-il le coup face aux MacBook Air M3 et M4 ? Pour le comprendre, voyons les quelques diff\u00e9rences entre ces trois laptops. Depuis l\u2019arriv\u00e9e de la puce M3, les laptops d\u2019Apple prennent en charge le ray tracing, ce qui permet d\u2019avoir une meilleure qualit\u00e9 d\u2019images notamment pour ceux qui font du montage 3D. Probl\u00e8me : peu de personnes prennent des Mac pour cela.<\/p>\n<p>Point qui peut \u00eatre plus d\u00e9rangeant, par contre, les MacBook Air sous M2 ne peuvent se brancher qu\u2019\u00e0 un seul \u00e9cran externe contre deux pour ceux sous M3 et M4. Ces deux derniers sont compatibles avec le Wi-Fi 6E, contre le Wi-Fi 6 pour le MacBook Air M2. En bref, vous l\u2019aurez compris, les diff\u00e9rences sont assez minimes et vous pouvez foncer sur cet ordinateur qui r\u00e9pondra pr\u00e9sent pour toutes les t\u00e2ches du quotidien et m\u00eame plus pour les esprits les plus cr\u00e9atifs.<\/p>\n<p>            <a title=\"Voici le MacBook Air M2 \u00e0 699 \u20ac sur Boulanger\" data-enddate=\"1767222000\" data-old-price=\"1099\" data-new-price=\"699\" data-button-type=\"eshop\" data-product-rate=\"8\" href=\"https:\/\/shop.frandroid.com\/y3gc8w2g\" data-gtm=\"{&quot;nom_marchand&quot;:&quot;boulanger&quot;,&quot;nom_produit&quot;:&quot;inconnu&quot;,&quot;categorie_produit&quot;:&quot;inconnu&quot;,&quot;position_marchand&quot;:0,&quot;offer_url&quot;:&quot;https:\\\/\\\/shop.frandroid.com\\\/y3gc8w2g&quot;,&quot;module_produit&quot;:&quot;bouton&quot;,&quot;zone&quot;:&quot;contenu-page&quot;,&quot;event&quot;:&quot;afficlic&quot;,&quot;texte&quot;:&quot;voici-le-macbook-air-m2-a-699-e-sur-boulanger&quot;}\" rel=\"nofollow noopener\" class=\"product-button is-shadowed\" target=\"_blank\"><\/p>\n<p>                                        Voici le MacBook Air M2 \u00e0 699 \u20ac sur Boulanger<\/p>\n<p>                        D\u00e9couvrir l\u2019offre<\/p>\n<p>            <\/a><\/p>\n<p>Pour en apprendre plus sur toutes les qualit\u00e9s de ce MacBook Air M2, voici un <a href=\"https:\/\/www.frandroid.com\/marques\/apple\/1405367_test-macbook-air-m2\" target=\"_blank\" rel=\"noreferrer noopener\">joli test<\/a> r\u00e9alis\u00e9 par nos soins.<\/p>\n<p>Pour comparer davantage les diff\u00e9rents MacBook disponibles sur le march\u00e9, nous avons cr\u00e9\u00e9 <a href=\"https:\/\/www.frandroid.com\/guide-dachat\/guides-dachat-ordinateurs\/981469_macbook-air-macbook-pro-macbook-m1-quel-portable-apple-choisir\" target=\"_blank\" rel=\"noreferrer noopener\">un guide afin de vous aider<\/a> \u00e0 faire votre choix.<\/p>\n","protected":false},"excerpt":{"rendered":"Sorti en 2022, le MacBook Air M2 reste une valeur s\u00fbre pour celles et ceux qui cherchent un&hellip;\n","protected":false},"author":2,"featured_media":632722,"comment_status":"","ping_status":"","sticky":false,"template":"","format":"standard","meta":{"footnotes":""},"categories":[7],"tags":[17060,3042,1011,27,43,40,41,39,42,44],"class_list":{"0":"post-632721","1":"post","2":"type-post","3":"status-publish","4":"format-standard","5":"has-post-thumbnail","7":"category-sciences-et-technologies","8":"tag-apple-macbook-air-13-m2-2022","9":"tag-bons-plans-boulanger","10":"tag-fr","11":"tag-france","12":"tag-science","13":"tag-science-and-technology","14":"tag-sciences","15":"tag-sciences-et-technologies","16":"tag-technologies","17":"tag-technology"},"share_on_mastodon":{"url":"https:\/\/pubeurope.com\/@fr\/115815741263730865","error":""},"_links":{"self":[{"href":"https:\/\/www.europesays.com\/fr\/wp-json\/wp\/v2\/posts\/632721","targetHints":{"allow":["GET"]}}],"collection":[{"href":"https:\/\/www.europesays.com\/fr\/wp-json\/wp\/v2\/posts"}],"about":[{"href":"https:\/\/www.europesays.com\/fr\/wp-json\/wp\/v2\/types\/post"}],"author":[{"embeddable":true,"href":"https:\/\/www.europesays.com\/fr\/wp-json\/wp\/v2\/users\/2"}],"replies":[{"embeddable":true,"href":"https:\/\/www.europesays.com\/fr\/wp-json\/wp\/v2\/comments?post=632721"}],"version-history":[{"count":0,"href":"https:\/\/www.europesays.com\/fr\/wp-json\/wp\/v2\/posts\/632721\/revisions"}],"wp:featuredmedia":[{"embeddable":true,"href":"https:\/\/www.europesays.com\/fr\/wp-json\/wp\/v2\/media\/632722"}],"wp:attachment":[{"href":"https:\/\/www.europesays.com\/fr\/wp-json\/wp\/v2\/media?parent=632721"}],"wp:term":[{"taxonomy":"category","embeddable":true,"href":"https:\/\/www.europesays.com\/fr\/wp-json\/wp\/v2\/categories?post=632721"},{"taxonomy":"post_tag","embeddable":true,"href":"https:\/\/www.europesays.com\/fr\/wp-json\/wp\/v2\/tags?post=632721"}],"curies":[{"name":"wp","href":"https:\/\/api.w.org\/{rel}","templated":true}]}}