{"id":632730,"date":"2025-12-31T19:09:15","date_gmt":"2025-12-31T19:09:15","guid":{"rendered":"https:\/\/www.europesays.com\/fr\/632730\/"},"modified":"2025-12-31T19:09:15","modified_gmt":"2025-12-31T19:09:15","slug":"une-idee-de-ce-que-pouvait-etre-saint-etienne-a-la-fin-du-moyen-age","status":"publish","type":"post","link":"https:\/\/www.europesays.com\/fr\/632730\/","title":{"rendered":"Une id\u00e9e de ce que pouvait \u00eatre Saint-Etienne \u00e0 la fin du Moyen-Age"},"content":{"rendered":"<p class=\"is-style-chapo\">La d\u00e9marche de Micka\u00ebl Defour ne revendique nullement l\u2019exactitude scientifique. Ce qui ne veut pas dire improvis\u00e9, b\u00e2cl\u00e9 et d\u00e9pouill\u00e9 de bases s\u00e9rieuses pour autant. Ce \u00ab\u00a0modeleur 3D freelance et autodidacte\u00a0\u00bb travaille actuellement sur ce que pouvait \u00eatre virtuellement Saint-Etienne au tournant du Moyen-\u00c2ge et de la Renaissance, faisant \u00e9cho \u00e0 ses autres travaux du m\u00eame type men\u00e9s depuis plusieurs ann\u00e9es. Projections qui rendent visuellement plus concret ce pass\u00e9, rappelant que l\u2019actuelle capitale de la Loire a exist\u00e9 avant la R\u00e9volution industrielle et m\u00eame ses balbutiements. \u00a0<\/p>\n<p><img fetchpriority=\"high\" decoding=\"async\" width=\"1024\" height=\"554\" src=\"https:\/\/www.europesays.com\/fr\/wp-content\/uploads\/2025\/12\/Capture-decran-2025-12-31-173811-1024x554.png\" alt=\"\" class=\"wp-image-81506\"  \/>L\u2019heure de la messe a sonn\u00e9 sur l\u2019actuelle place Boivin dans ce Saint-Etienne imagin\u00e9 des ann\u00e9es 1480 \u00e0 l\u2019\u00e9glise alors toute neuve ! \u00a9Loire Dessin \/ Micka\u00ebl Defour<\/p>\n<p>\u00ab\u00a0Je mod\u00e9lise ce qui a \u00e9t\u00e9, ce qui est, ce qui pourrait \u00eatre.\u00a0\u00bb Jolie entr\u00e9e en mati\u00e8re pour synth\u00e9tiser cette activit\u00e9 de \u00ab\u00a0modeleur 3D\u00a0\u00bb du patrimoine pass\u00e9, pr\u00e9sent ou m\u00eame \u00e0 venir lorsqu\u2019il s\u2019agit de se faire l\u2019id\u00e9e, par exemple, d\u2019une r\u00e9novation envisag\u00e9e aboutie. C\u2019est l\u2019activit\u00e9 de sa soci\u00e9t\u00e9 <a href=\"https:\/\/www.loiredessin.com\/\" target=\"_blank\" rel=\"noreferrer noopener\">Loire Dessin<\/a>, fond\u00e9e voil\u00e0 plus de 4 ans et que Micka\u00ebl Defour, 39 ans, formateur en Bafa et animateur socio-culturel aimerait d\u00e9velopper. \u00ab\u00a0Oui, on peut dire que je suis un vrai geek !, sourit lors de notre rencontre mi-d\u00e9cembre ce natif de Villars o\u00f9 il a v\u00e9cu ses trois premi\u00e8res d\u00e9cennies. Et mon savoir-faire d\u2019infographiste puis de modeleur 3D est autodidacte. Lors d\u2019un voyage \u00e0 Bruges en 2018, j\u2019ai exp\u00e9riment\u00e9 une visite immersive virtuelle du pass\u00e9 de cette ville. C\u2019\u00e9tait tr\u00e8s r\u00e9ussi et \u00e7a m\u2019a donn\u00e9 envie de faire pareil avec chez moi.\u00a0\u00bb<\/p>\n<p>Son \u00ab\u00a0chez soi\u00a0\u00bb, Micka\u00ebl Defour l\u2019a quitt\u00e9 peu apr\u00e8s pour Pau, afin de suivre sa compagne, par ailleurs dipl\u00f4m\u00e9e des Mines Saint-Etienne. La p\u00e9riode Covid l\u2019incite \u00e0 concr\u00e9tiser son envie de retours visuels dans le pass\u00e9 \u00e0 partir du patrimoine b\u00e2ti. Install\u00e9 et travaillant d\u00e9sormais dans la lointaine p\u00e9riph\u00e9rie st\u00e9phanoise (\u00e0 Brignais, dans l\u2019ouest du Rh\u00f4ne), Micka\u00ebl Defour a ainsi concr\u00e9tis\u00e9 des projets avec le Mus\u00e9e des Verts autour du Chaudron, anciennes versions, ou encore pour la commune de Saint-Romain-le-Puy sur son <a href=\"https:\/\/c.leprogres.fr\/societe\/2024\/12\/05\/le-patrimoine-est-a-l-honneur-avec-des-visites-en-realite-augmentee\" target=\"_blank\" rel=\"noreferrer noopener\">pass\u00e9<\/a> m\u00e9di\u00e9val : en collaboration avec les associations Aldebertus et Histoire et Patrimoine, une vid\u00e9o en 3D imaginant, d\u00e9j\u00e0, son \u00e9poque m\u00e9di\u00e9vale destin\u00e9e aux visiteurs. Il y a aussi ce <a href=\"https:\/\/www.lefigaro.fr\/culture\/patrimoine\/dans-un-village-de-la-nievre-ils-veulent-reproduire-la-charpente-de-notre-dame-de-paris-en-taille-reelle-20251030\" target=\"_blank\" rel=\"noreferrer noopener\">projet<\/a> fou d\u2019une association d\u2019un village de la Ni\u00e8vre (Pougues-les-Eaux) de b\u00e2tir une copie de la fl\u00e8che de Notre-Dame (non, pas celle de <a href=\"https:\/\/www.if-saint-etienne.fr\/politique-societe\/saint-chamond-desacralisee-leglise-notre-dame-rouvrira-fin-2024\" target=\"_blank\" rel=\"noopener\">Saint-Chamond<\/a>, celle de Paris !) d\u2019ici 2029 au sein d\u2019un parc \u00e0 th\u00e8me sur les m\u00e9tiers du bois puis, carr\u00e9ment, toute la \u00ab\u00a0for\u00eat\u00a0\u00bb, c\u2019est-\u00e0-dire l\u2019ensemble de la structure originelle bois\u00e9e de la cath\u00e9drale.<\/p>\n<p>Le Saint-Etienne du Moyen-Age tardif<\/p>\n<p>Micka\u00ebl Defour a r\u00e9alis\u00e9 pour elle une mod\u00e9lisation. A son actif aussi, celle de Fort Boyard afin d\u2019illustrer des travaux entrepris dans le Journal TV de France 3 national et Poitou Charentes. Ou encore des <a href=\"https:\/\/www.francebleu.fr\/infos\/societe\/video-ce-passionne-d-histoire-redonne-vie-en-3d-a-la-ville-telle-qu-elle-etait-il-y-a-pres-de-2000-mille-ans-3686820\" target=\"_blank\" rel=\"noreferrer noopener\">reconstitutions<\/a> du Lyon gallo-romain, Lugdunum, pour lesquelles les traces encore visibles \u2013 au moins de certains de ses monuments majeurs \u2013 ne manquent pas, les infinies sources scientifiques encore moins. Mais s\u2019il l\u2019avait fait pour la capitale des Gaules, Micka\u00ebl Defour ne pouvait manquer de le r\u00e9aliser pour sa ville de c\u0153ur : Saint-Etienne. A d\u00e9faut d\u2019une \u00ab\u00a0Furania\u00a0\u00bb antique, purement fantasm\u00e9e, Micka\u00ebl Defour a opt\u00e9 pour la fin du XVe si\u00e8cle, au tournant du Moyen-Age et de la Renaissance : \u00ab\u00a0Pour plein de raisons, Saint\u00e9 est souvent tr\u00e8s f\u00e2ch\u00e9e avec sa propre Histoire mais le c\u0153ur actuel de la ville prend bien vie dans un moyen \u00e2ge tardif alors que la plupart des gens ne l\u2019imagine m\u00eame pas. Mais ce pass\u00e9 existe bien avec d\u00e9j\u00e0, une petite ville anim\u00e9e par ses forges !\u00a0\u00bb<\/p>\n<p><img loading=\"lazy\" decoding=\"async\" width=\"1024\" height=\"585\" src=\"https:\/\/www.europesays.com\/fr\/wp-content\/uploads\/2025\/12\/1764239693162-1024x585.jpg\" alt=\"\" class=\"wp-image-81507\"  \/>On marchande sur la future place du Peuple. \u00a9Loire Dessin \/ Micka\u00ebl Defour<\/p>\n<p>Cette petite bourgade avait semble-t-il d\u00e9j\u00e0 pris doucement place \u00e0 l\u2019ouest de l\u2019actuelle place du Peuple probablement plusieurs centaines d\u2019ann\u00e9es auparavant, restant jusqu\u2019\u00e0 la veille de la Renaissance tr\u00e8s modestement dans l\u2019ombre du ch\u00e2teau de Saint-Priest au nord dont elle d\u00e9pendait puis, fond\u00e9e plus tard (d\u00e9but du XIIIe si\u00e8cle), au sud, de l\u2019\u00e9glise abbatiale Valbeno\u00eete, les deux devant aussi agglom\u00e9rer leurs d\u00e9pendances et habitations. A partir du XVe si\u00e8cle, la bourgade commence donc \u00e0 s\u2019amplifier autour de son activit\u00e9 forgeronne, approchant vraisemblablement les 3 000 \u00e2mes, gagnant le droit de se doter de murailles et lan\u00e7ant un d\u00e9veloppement depuis continu, celui qui finira par \u00eatre exponentiel avec la R\u00e9volution industrielle du XIXe si\u00e8cle et la suite \u00ab\u00a0champignonnesque\u00a0\u00bb que l\u2019on conna\u00eet.<\/p>\n<p>\u00ab\u00a0Ce n\u2019est pas un travail universitaire\u00a0\u00bb<\/p>\n<p><img loading=\"lazy\" decoding=\"async\" width=\"1024\" height=\"572\" src=\"https:\/\/www.europesays.com\/fr\/wp-content\/uploads\/2025\/12\/1764239694067-1024x572.jpg\" alt=\"\" class=\"wp-image-81509\"  \/>On vend et bien s\u00fbr, on forge d\u00e9j\u00e0, sur ce qui est de nos jours place Grenette. \u00a9Loire Dessin \/ Micka\u00ebl Defour<\/p>\n<p>C\u2019est donc sur le point de d\u00e9part, dans la fin du XVe si\u00e8cle, que s\u2019ancrent les projections 3D de Mika\u00ebl Defour avec pour base de d\u00e9part, la fameuse maquette de la cit\u00e9 \u00e9voquant la m\u00eame p\u00e9riode de l\u2019ex mus\u00e9e du Vieux Saint-Etienne de l\u2019association <a href=\"https:\/\/hpse.fr\/\" target=\"_blank\" rel=\"noreferrer noopener\">Histoire &amp; Patrimoine<\/a>. Travail d\u00e9nu\u00e9 de toute pr\u00e9tention \u00e0 la pr\u00e9cision scientifique historique, insiste-t-il : \u00ab\u00a0Sans faire n\u2019importe quoi pour autant, il s\u2019agit juste de donner une id\u00e9e de ce \u00e0 quoi pouvait ressembler Saint-Etienne \u00e0 la fin du Moyen-\u00c2ge \u00e0 partir du peu que nous savons, lui donner des images vivantes pour rendre les choses plus concr\u00e8tes, plus conscientes, plus accessibles au grand public. Je sais que des historiens, c\u2019est souvent le cas, ne manqueront pas de me tomber dessus pour tel et tel \u00e9l\u00e9ment. D\u2019autres m\u2019encouragent, au contraire, et me sugg\u00e8rent tel ou tel ajustement mais ces d\u00e9veloppements s\u2019ils me demandent beaucoup de temps et d\u2019\u00e9nergie restent un hobby, pas un travail universitaire. Ma d\u00e9marche est artistique.\u00a0\u00bb<\/p>\n<blockquote class=\"wp-block-quote is-layout-flow wp-block-quote-is-layout-flow\">\n<p>Il ne s\u2019agit pas d\u2019un travail vite fait \u00e0 grands coups d\u2019IA<\/p>\n<\/blockquote>\n<p>Sans pour autant, non plus, de manquer de s\u00e9rieux : \u00ab\u00a0Les immeubles, les remparts, la topographie, les alentours : tout ceci, je le mod\u00e9lise \u00e0 la main. Il ne s\u2019agit pas d\u2019un travail vite fait \u00e0 grands coups d\u2019IA. Cela me co\u00fbte des dizaines et dizaines d\u2019heures de travaux et de nombreux rep\u00e9rages, prises de photos en amont en plus de me sourcer. Je me base souvent sur le b\u00e2ti existant qui comporte les traces du pass\u00e9 recherch\u00e9e : \u00e0 l\u2019ouest de la place du Peuple, celui du m\u00e9di\u00e9val tardif appara\u00eet assez \u00e9vident, vous le savez, autour de la place Grenette et de la Grand\u2019Eglise, place Boivin. M\u00eame si la Tour de la Droguerie a vraisemblablement \u00e9t\u00e9 reconstruite en lieu et place de celle originelle, apr\u00e8s cette \u00e9poque donc.\u00a0\u00bb<\/p>\n<p><img loading=\"lazy\" decoding=\"async\" width=\"1020\" height=\"538\" src=\"https:\/\/www.europesays.com\/fr\/wp-content\/uploads\/2025\/12\/Capture-decran-2025-12-31-173945.png\" alt=\"\" class=\"wp-image-81508\"  \/>Vue imagin\u00e9e des abords \u00ab\u00a0bucoliques\u00a0\u00bb de Saint-Etienne, c\u00f4t\u00e9 nord, aux bords du Furan, \u00e0 la fin du XVe si\u00e8cle. \u00a9Loire Dessin \/ Micka\u00ebl Defour<\/p>\n<p>En revanche, la \u00ab\u00a0vie de la cit\u00e9 imagin\u00e9e\u00a0\u00bb (forgerons, commer\u00e7ants, habitants, sc\u00e8nes de march\u00e9, religieuses, etc.), \u00ab\u00a0contrairement \u00e0 tout ce qui est b\u00e2ti, elle a je l\u2019ai rajout\u00e9e par <a href=\"https:\/\/www.if-saint-etienne.fr\/tag\/intelligence-artificielle-ia\" target=\"_blank\" rel=\"noreferrer noopener\">IA<\/a> oui. Avec de nombreuses retouches en post-production. J\u2019ajoute enfin parfois \u00e0 cette \u0153uvre sur le Moyen-\u00e2ge des \u00ab\u00a0petits\u00a0\u00bb \u00e9carts temporels tentants : j\u2019ai ainsi reconstitu\u00e9 les fa\u00e7ades du th\u00e9\u00e2tre Massenet datant du XIXe si\u00e8cle (d\u00e9truit par un incendie en 1928, 15 ans apr\u00e8s avoir pris ce nom, Ndlr) vers les Ursules (ou encore le <a href=\"https:\/\/www.youtube.com\/watch?v=OTOiYz_dEzE\" target=\"_blank\" rel=\"noreferrer noopener\">d\u00f4me<\/a> perdu de l\u2019h\u00f4tel de ville).\u00a0\u00bb En partenariat avec la cha\u00eene locale de webt\u00e9l\u00e9 42TV, Mika\u00ebl Defour a effectu\u00e9 une promenade film\u00e9e comment\u00e9 dans ce berceau st\u00e9phanois, en suivant le probable trac\u00e9 des remparts expliquant ainsi sa d\u00e9marche, \u00e9maill\u00e9e des images immersives qu\u2019il a con\u00e7ues. Vid\u00e9o publi\u00e9e le 16 d\u00e9cembre. Voici ce que cela <a href=\"https:\/\/42tv.fr\/watch\/42tv-balade-en-ville-i-voyage-au-moyen-%C3%A2ge-%C3%A0-saint-%C3%A9tienne_ZJxdewjfcaU8xvF.html\" target=\"_blank\" rel=\"noreferrer noopener\">donne<\/a>. Il y a quelques jours, Micka\u00ebl Defour sur son profil <a href=\"https:\/\/www.linkedin.com\/in\/mdefourloiredessin\/recent-activity\/all\/\" target=\"_blank\" rel=\"noreferrer noopener\">Linkedin<\/a>, une nouvelle vid\u00e9o imaginant des sc\u00e8nes au lev\u00e9e du jour en 1483.<\/p>\n<p><strong>Rien \u00e0 voir avec la d\u00e9marche historique amateure \u00e9voqu\u00e9e dans cet article mais Micka\u00ebl Defour s\u2019est aussi amus\u00e9 \u00e0 r\u00e9aliser un paysage post apocalyptique de Saint-Etienne, comme nous l\u2019avons d\u00e9couvert en parcourant ses vid\u00e9os frappantes. Voil\u00e0 ce que ce la donne un Saint-Etienne envahi par la v\u00e9g\u00e9tation fa\u00e7on Je suis une L\u00e9gende pour ceux qui connaissent (cet imaginaire finit avec Geoffroy-Guichard) : <\/strong><\/p><\/p>\n","protected":false},"excerpt":{"rendered":"La d\u00e9marche de Micka\u00ebl Defour ne revendique nullement l\u2019exactitude scientifique. Ce qui ne veut pas dire improvis\u00e9, b\u00e2cl\u00e9&hellip;\n","protected":false},"author":2,"featured_media":632731,"comment_status":"","ping_status":"","sticky":false,"template":"","format":"standard","meta":{"footnotes":""},"categories":[9653],"tags":[1111,11,2430,1777,674,1011,27,74102,74103,39744,74104,74105,74106,12,2551,14075,74107,25,4001,74108],"class_list":{"0":"post-632730","1":"post","2":"type-post","3":"status-publish","4":"format-standard","5":"has-post-thumbnail","7":"category-saint-etienne","8":"tag-actu","9":"tag-actualites","10":"tag-auvergne-rhone-alpes","11":"tag-eu","12":"tag-europe","13":"tag-fr","14":"tag-france","15":"tag-histoire-de-la-loire","16":"tag-histoire-de-saint-etienne","17":"tag-immersif","18":"tag-loire-dessin","19":"tag-mickael-defour","20":"tag-modelisation-3d","21":"tag-news","22":"tag-patrimoine","23":"tag-patrimoine-architectural","24":"tag-reconstitution-3d","25":"tag-republique-francaise","26":"tag-saint-etienne","27":"tag-saint-etienne-moyne-age"},"share_on_mastodon":{"url":"https:\/\/pubeurope.com\/@fr\/115815761035726424","error":""},"_links":{"self":[{"href":"https:\/\/www.europesays.com\/fr\/wp-json\/wp\/v2\/posts\/632730","targetHints":{"allow":["GET"]}}],"collection":[{"href":"https:\/\/www.europesays.com\/fr\/wp-json\/wp\/v2\/posts"}],"about":[{"href":"https:\/\/www.europesays.com\/fr\/wp-json\/wp\/v2\/types\/post"}],"author":[{"embeddable":true,"href":"https:\/\/www.europesays.com\/fr\/wp-json\/wp\/v2\/users\/2"}],"replies":[{"embeddable":true,"href":"https:\/\/www.europesays.com\/fr\/wp-json\/wp\/v2\/comments?post=632730"}],"version-history":[{"count":0,"href":"https:\/\/www.europesays.com\/fr\/wp-json\/wp\/v2\/posts\/632730\/revisions"}],"wp:featuredmedia":[{"embeddable":true,"href":"https:\/\/www.europesays.com\/fr\/wp-json\/wp\/v2\/media\/632731"}],"wp:attachment":[{"href":"https:\/\/www.europesays.com\/fr\/wp-json\/wp\/v2\/media?parent=632730"}],"wp:term":[{"taxonomy":"category","embeddable":true,"href":"https:\/\/www.europesays.com\/fr\/wp-json\/wp\/v2\/categories?post=632730"},{"taxonomy":"post_tag","embeddable":true,"href":"https:\/\/www.europesays.com\/fr\/wp-json\/wp\/v2\/tags?post=632730"}],"curies":[{"name":"wp","href":"https:\/\/api.w.org\/{rel}","templated":true}]}}