{"id":632734,"date":"2025-12-31T19:11:17","date_gmt":"2025-12-31T19:11:17","guid":{"rendered":"https:\/\/www.europesays.com\/fr\/632734\/"},"modified":"2025-12-31T19:11:17","modified_gmt":"2025-12-31T19:11:17","slug":"un-drone-deploye-dans-le-ciel-de-nancy-et-de-lagglomeration","status":"publish","type":"post","link":"https:\/\/www.europesays.com\/fr\/632734\/","title":{"rendered":"un drone d\u00e9ploy\u00e9 dans le ciel de Nancy et\u00a0de l\u2019agglom\u00e9ration"},"content":{"rendered":"<p>C\u2019\u00e9tait une demande de la direction interd\u00e9partementale de la police nationale (DIPN) de Meurthe-et-Moselle \u00e0 laquelle le pr\u00e9fet Yves S\u00e9guy a acc\u00e9d\u00e9, en signant un arr\u00eat\u00e9 en date du 30\u00a0d\u00e9cembre. Cet arr\u00eat\u00e9 autorise\u00a0le drone de la DIPN-54 \u00e0 survoler des p\u00e9rim\u00e8tres g\u00e9ographiques pr\u00e9d\u00e9finis situ\u00e9s dans les communes de Nancy (quartiers du Haut-du-Li\u00e8vre et Chiennerie), Laxou (Provinces), Vandoeuvre et Tomblaine.<\/p>\n<p>Le vol est autoris\u00e9 ce 31\u00a0d\u00e9cembre, de 16 heures \u00e0 20 heures puis de 21 heures \u00e0 minuit, puis le 1er \u00a0janvier 2026, de 00\u00a0h\u00a001 \u00e0 5 heures.<\/p>\n<p>  Contr\u00f4les des points hauts<\/p>\n<p><a href=\"https:\/\/www.estrepublicain.fr\/culture-loisirs\/2023\/06\/20\/la-fete-de-la-musique-de-nancy-surveillee-par-des-drones-policiers\" target=\"_blank\" rel=\"noopener\">\u00ab\u00a0Nous disposons de trois drones<\/a> depuis le d\u00e9but du mois de d\u00e9cembre\u00a0\u00bb, indique <a href=\"https:\/\/www.estrepublicain.fr\/faits-divers-justice\/2024\/10\/30\/un-nouveau-patron-pour-les-policiers-de-meurthe-et-moselle\" target=\"_blank\" rel=\"noopener\">Fr\u00e9d\u00e9ric Laissy, le DIPN.<\/a> Un seul appareil peut voler \u00e0 la fois car un seul t\u00e9l\u00e9pilote a pour l\u2019heure \u00e9t\u00e9 form\u00e9. Ce mercredi apr\u00e8s-midi, le drone en capacit\u00e9 de capter, enregistrer et transmettre des images avec deux cam\u00e9ras, est engag\u00e9 dans une mission de pr\u00e9vention.<\/p>\n<p>Il contr\u00f4le les points hauts des b\u00e2timents, histoire de d\u00e9celer d\u2019\u00e9ventuels stockages de projectiles en tout genre (pav\u00e9s, mortiers d\u2019artifice\u2026) qui pourraient \u00eatre utilis\u00e9s contre les forces de l\u2019ordre. Des v\u00e9rifications dans les caves et sous-sols de certains b\u00e2timents par les patrouilles \u00e9taient \u00e9galement possibles.<\/p>\n<p>Dans la soir\u00e9e et au cours de la nuit, l\u2019a\u00e9ronef pourra \u00eatre d\u00e9ploy\u00e9 au niveau de rassemblements ou dans le cadre de suivi d\u2019actes de d\u00e9linquance. Si la gendarmerie dispose de drones elle aussi, leur engagement n\u2019est \u00ab\u00a0pas pr\u00e9vu\u00a0\u00bb, a fait savoir <a href=\"https:\/\/www.estrepublicain.fr\/faits-divers-justice\/2024\/09\/19\/deux-nouveaux-colonels-a-la-tete-de-la-gendarmerie-de-nancy\" target=\"_blank\" rel=\"noopener\">S\u00e9bastien Brach, commandant du groupement de gendarmerie de Meurthe-et-Moselle.<\/a><\/p>\n<p>La consommation d\u2019alcool sur la voie publique, <a href=\"https:\/\/www.estrepublicain.fr\/magazine-sante\/2025\/11\/20\/protoxyde-d-azote-comment-le-gaz-hilarant-peut-il-tuer\" target=\"_blank\" rel=\"noopener\">l\u2019usage d\u00e9tourn\u00e9 de protoxyde d\u2019azote,<\/a> de feux d\u2019artifice sont \u00e9galement soumis \u00e0 arr\u00eat\u00e9s pr\u00e9fectoraux. Des contr\u00f4les routiers et fouilles de v\u00e9hicules sont autoris\u00e9s par le parquet de Nancy afin de traquer notamment l\u2019alcool\u00e9mie au volant ainsi que le transport d\u2019artifices.<\/p>\n<p>  Pas de renforts mobiles<\/p>\n<p>C\u00f4t\u00e9 chiffres, 175 gendarmes (actifs et r\u00e9servistes) et 130 policiers veilleront sur les festivit\u00e9s. Il n\u2019y aura pas de renforts de forces mobiles dans le d\u00e9partement. Les militaires de Sentinelle seront eux aussi engag\u00e9s, avec \u00ab\u00a0un groupe (6 soldats), voire deux groupes\u00a0\u00bb, essentiellement \u00e0 Nancy, pr\u00e9cise le lieutenant-colonel Michel Bouteloup, d\u00e9l\u00e9gu\u00e9 militaire d\u00e9partemental adjoint. \u00ab\u00a0Un troisi\u00e8me groupe sera en alerte.\u00a0\u00bb<\/p>\n<p>C\u00f4t\u00e9 pompiers, 120 personnels seront en garde casern\u00e9e et 300 d\u2019astreinte, pr\u00e9cise pour sa part <a href=\"https:\/\/www.estrepublicain.fr\/environnement\/2025\/03\/22\/j-aime-qu-on-m-appelle-la-nuit-qui-est-jean-philippe-gueugneau-le-nouveau-patron-des-pompiers-du-departement\" target=\"_blank\" rel=\"noopener\">Jean-Philippe Gueugneau, directeur d\u00e9partemental du service d\u2019incendie et de secours.<\/a><\/p>\n<p>Enfin en pr\u00e9fecture, la salle de crise qui h\u00e9berge le centre op\u00e9rationnel d\u00e9partemental (COD) est pr\u00eate \u00e0 \u00eatre activ\u00e9e si n\u00e9cessaire par le pr\u00e9fet en cas d\u2019\u00e9v\u00e9nement majeur. \u00ab\u00a0En esp\u00e9rant de ne pas avoir \u00e0 activer ce COD\u00a0\u00bb, a indiqu\u00e9 le pr\u00e9fet.<\/p>\n<p>En ce d\u00e9but d\u2019apr\u00e8s-midi du 31\u00a0d\u00e9cembre, il avait r\u00e9uni tous les acteurs de la s\u00e9curit\u00e9 en pr\u00e9fecture afin d\u2019exposer le dispositif en vigueur en ce dernier jour de l\u2019ann\u00e9e. Dispositif organis\u00e9 afin de \u00ab\u00a0veiller au bien-\u00eatre de nos concitoyens, au respect du bien vivre ensemble dans un esprit festif, sans d\u00e9bordements ni violences\u00a0\u00bb.<\/p>\n","protected":false},"excerpt":{"rendered":"C\u2019\u00e9tait une demande de la direction interd\u00e9partementale de la police nationale (DIPN) de Meurthe-et-Moselle \u00e0 laquelle le pr\u00e9fet&hellip;\n","protected":false},"author":2,"featured_media":632735,"comment_status":"","ping_status":"","sticky":false,"template":"","format":"standard","meta":{"footnotes":""},"categories":[9635],"tags":[1111,11,271,1687,272,1707,1704,1706,1705,1777,674,274,3326,1011,27,775,1702,1703,12,25],"class_list":{"0":"post-632734","1":"post","2":"type-post","3":"status-publish","4":"format-standard","5":"has-post-thumbnail","7":"category-nancy","8":"tag-actu","9":"tag-actualites","10":"tag-crime","11":"tag-culture-loisirs","12":"tag-delit-et-contravention","13":"tag-edition-luneville","14":"tag-edition-nancy-et-agglomeration","15":"tag-edition-pont-a-mousson","16":"tag-edition-toul","17":"tag-eu","18":"tag-europe","19":"tag-faits-divers-justice","20":"tag-fete-locale","21":"tag-fr","22":"tag-france","23":"tag-grand-est","24":"tag-nancy","25":"tag-nancy-ville-54b","26":"tag-news","27":"tag-republique-francaise"},"share_on_mastodon":{"url":"https:\/\/pubeurope.com\/@fr\/115815768730736088","error":""},"_links":{"self":[{"href":"https:\/\/www.europesays.com\/fr\/wp-json\/wp\/v2\/posts\/632734","targetHints":{"allow":["GET"]}}],"collection":[{"href":"https:\/\/www.europesays.com\/fr\/wp-json\/wp\/v2\/posts"}],"about":[{"href":"https:\/\/www.europesays.com\/fr\/wp-json\/wp\/v2\/types\/post"}],"author":[{"embeddable":true,"href":"https:\/\/www.europesays.com\/fr\/wp-json\/wp\/v2\/users\/2"}],"replies":[{"embeddable":true,"href":"https:\/\/www.europesays.com\/fr\/wp-json\/wp\/v2\/comments?post=632734"}],"version-history":[{"count":0,"href":"https:\/\/www.europesays.com\/fr\/wp-json\/wp\/v2\/posts\/632734\/revisions"}],"wp:featuredmedia":[{"embeddable":true,"href":"https:\/\/www.europesays.com\/fr\/wp-json\/wp\/v2\/media\/632735"}],"wp:attachment":[{"href":"https:\/\/www.europesays.com\/fr\/wp-json\/wp\/v2\/media?parent=632734"}],"wp:term":[{"taxonomy":"category","embeddable":true,"href":"https:\/\/www.europesays.com\/fr\/wp-json\/wp\/v2\/categories?post=632734"},{"taxonomy":"post_tag","embeddable":true,"href":"https:\/\/www.europesays.com\/fr\/wp-json\/wp\/v2\/tags?post=632734"}],"curies":[{"name":"wp","href":"https:\/\/api.w.org\/{rel}","templated":true}]}}