{"id":632738,"date":"2025-12-31T19:13:13","date_gmt":"2025-12-31T19:13:13","guid":{"rendered":"https:\/\/www.europesays.com\/fr\/632738\/"},"modified":"2025-12-31T19:13:13","modified_gmt":"2025-12-31T19:13:13","slug":"la-flottille-amphibie-a-rejoint-tarascon-sa-ville-marraine","status":"publish","type":"post","link":"https:\/\/www.europesays.com\/fr\/632738\/","title":{"rendered":"La Flottille Amphibie a rejoint Tarascon, sa ville marraine"},"content":{"rendered":"<p>                    <img loading=\"lazy\" decoding=\"async\" src=\"https:\/\/www.europesays.com\/fr\/wp-content\/uploads\/2025\/12\/954bd278d59db36a96b1b5047756e1.jpg\" class=\"img-responsive post-image\" width=\"680\" height=\"510\" alt=\"La Flottille Amphibie (\u2026)\" title=\"La Flottille Amphibie a rejoint Tarascon, sa ville marraine\"\/><\/p>\n<p class=\"chapo\">Une d\u00e9l\u00e9gation de la Flottille Amphibie (FLOPHIB) a accost\u00e9 dans le port fluvial de Tarascon avec un de ses engins de d\u00e9barquement amphibie rapide (EDAR).<\/p>\n<p>La venue d\u2019un EDAR est l\u2019occasion de c\u00e9l\u00e9brer les 10 ans de jumelage de la FLOPHIB avec sa ville marraine, et survient 8 ans apr\u00e8s la derni\u00e8re venue d\u2019un engin amphibie \u00e0 Tarascon.<\/p>\n<p>Unit\u00e9 atypique et unique au sein de la Marine nationale, appartenant \u00e0 la Force d\u2019Action Navale (FAN) et forte de plus de 110 marins, la Flottille amphibie (FLOPHIB) comprend un Etat \u2013major, une section d\u2019engins de d\u00e9barquement rapides (EDAR) et standards (EDAS &#8211; CTM) ainsi qu\u2019une \u00e9quipe de reconnaissance de plage (ERP).<br class=\"texte\"\/><br \/>\nV\u00e9ritable \u00ab\u00a0bras arm\u00e9\u00a0\u00bb des porte-h\u00e9licopt\u00e8res amphibies (PHA), ses missions la conduise sur toutes les mers du globe. Elle d\u00e9ploie des \u00ab\u00a0combattants multi-milieux\u00a0\u00bb depuis 1946, date de sa cr\u00e9ation en Indochine.<\/p>\n<p>La ville de Tarascon est une Commune bordant la rive gauche du Rh\u00f4ne, c\u2019est donc par moyen fluvial que la FLOPHIB a rejoint sa ville marraine, man\u0153uvre particuli\u00e8re pour ces engins plut\u00f4t habitu\u00e9s \u00e0 \u00e9voluer dans les embruns. L\u2019EDAR a quitt\u00e9 Toulon afin de rejoindre l\u2019estuaire du Rh\u00f4ne \u00e0 Port Saint-Louis avant de commencer sa navigation fluviale vers Tarascon. L\u2019unit\u00e9 a renou\u00e9, \u00e0 cette occasion, avec ses racines en tant qu\u2019h\u00e9riti\u00e8re des Divisions Navales d\u2019Assaut (DINASSAUT) dont les engins amphibies \u00e9taient engag\u00e9s sur les fleuves durant la guerre d\u2019Indochine.<\/p>\n<p>Photo de Une \u00a9Marine nationale<\/p>\n","protected":false},"excerpt":{"rendered":"Une d\u00e9l\u00e9gation de la Flottille Amphibie (FLOPHIB) a accost\u00e9 dans le port fluvial de Tarascon avec un de&hellip;\n","protected":false},"author":2,"featured_media":632739,"comment_status":"","ping_status":"","sticky":false,"template":"","format":"standard","meta":{"footnotes":""},"categories":[9619],"tags":[1111,11,2408,1777,674,1011,27,12,882,25,2310],"class_list":{"0":"post-632738","1":"post","2":"type-post","3":"status-publish","4":"format-standard","5":"has-post-thumbnail","7":"category-toulon","8":"tag-actu","9":"tag-actualites","10":"tag-appels-d","11":"tag-eu","12":"tag-europe","13":"tag-fr","14":"tag-france","15":"tag-news","16":"tag-provence-alpes-cote-dazur","17":"tag-republique-francaise","18":"tag-toulon"},"share_on_mastodon":{"url":"https:\/\/pubeurope.com\/@fr\/115815776570205651","error":""},"_links":{"self":[{"href":"https:\/\/www.europesays.com\/fr\/wp-json\/wp\/v2\/posts\/632738","targetHints":{"allow":["GET"]}}],"collection":[{"href":"https:\/\/www.europesays.com\/fr\/wp-json\/wp\/v2\/posts"}],"about":[{"href":"https:\/\/www.europesays.com\/fr\/wp-json\/wp\/v2\/types\/post"}],"author":[{"embeddable":true,"href":"https:\/\/www.europesays.com\/fr\/wp-json\/wp\/v2\/users\/2"}],"replies":[{"embeddable":true,"href":"https:\/\/www.europesays.com\/fr\/wp-json\/wp\/v2\/comments?post=632738"}],"version-history":[{"count":0,"href":"https:\/\/www.europesays.com\/fr\/wp-json\/wp\/v2\/posts\/632738\/revisions"}],"wp:featuredmedia":[{"embeddable":true,"href":"https:\/\/www.europesays.com\/fr\/wp-json\/wp\/v2\/media\/632739"}],"wp:attachment":[{"href":"https:\/\/www.europesays.com\/fr\/wp-json\/wp\/v2\/media?parent=632738"}],"wp:term":[{"taxonomy":"category","embeddable":true,"href":"https:\/\/www.europesays.com\/fr\/wp-json\/wp\/v2\/categories?post=632738"},{"taxonomy":"post_tag","embeddable":true,"href":"https:\/\/www.europesays.com\/fr\/wp-json\/wp\/v2\/tags?post=632738"}],"curies":[{"name":"wp","href":"https:\/\/api.w.org\/{rel}","templated":true}]}}