{"id":632742,"date":"2025-12-31T19:15:13","date_gmt":"2025-12-31T19:15:13","guid":{"rendered":"https:\/\/www.europesays.com\/fr\/632742\/"},"modified":"2025-12-31T19:15:13","modified_gmt":"2025-12-31T19:15:13","slug":"ca-nous-a-vraiment-impactes-malgre-la-meteo-capricieuse-un-bilan-juge-positif-pour-les-chalets-du-marche-de-noel-de-montpellier","status":"publish","type":"post","link":"https:\/\/www.europesays.com\/fr\/632742\/","title":{"rendered":"\u00ab\u00a0\u00c7a nous a vraiment impact\u00e9s\u00a0\u00bb\u00a0: malgr\u00e9 la m\u00e9t\u00e9o capricieuse, un bilan jug\u00e9 positif pour les chalets du march\u00e9 de No\u00ebl de Montpellier"},"content":{"rendered":"<p>\n                                                                Le march\u00e9 de No\u00ebl de Montpellier a ferm\u00e9 ses chalets mercredi 31\u00a0d\u00e9cembre, \u00e0 l\u2019issue de l\u2019\u00e9dition 2025. Malgr\u00e9 une m\u00e9t\u00e9o capricieuse, marqu\u00e9e par plusieurs jours de fermeture, les commer\u00e7ants dressent un bilan globalement positif.\n                            <\/p>\n<p>L\u2019ann\u00e9e 2025 s\u2019est referm\u00e9e avec le march\u00e9 de No\u00ebl de Montpellier. Pour le dernier jour du rendez-vous annuel, mercredi 31\u00a0d\u00e9cembre, les commer\u00e7ants ont fait le bilan d\u2019une p\u00e9riode de f\u00eates qu\u2019ils jugent plut\u00f4t positive.<\/p>\n<p>        <img decoding=\"async\" class=\"std-img__img responsive-img\" src=\"https:\/\/www.europesays.com\/fr\/wp-content\/uploads\/2025\/12\/1767208512_570_image.jpg\" alt=\"Beno\u00eet et son chalet d\u2019affiches et de cartes.\"\/><\/p>\n<p>                Beno\u00eet et son chalet d\u2019affiches et de cartes.<br \/>\n                                    Midi Libre &#8211; TOM SERRANO<\/p>\n<p>\u00ab\u00a0En termes d\u2019organisation, c\u2019est toujours aussi bien. Le lieu s\u2019y pr\u00eate parfaitement, sinon on ne reviendrait pas d\u2019ann\u00e9e en ann\u00e9e\u00a0\u00bb, d\u00e9bute Beno\u00eet, g\u00e9rant du Bnitoshop. Le cr\u00e9ateur de cartes et d\u2019affiches estime que la fr\u00e9quentation a \u00e9t\u00e9 bonne, m\u00eame s\u2019il aurait souhait\u00e9 commencer plus t\u00f4t. \u00ab\u00a0On aurait pu d\u00e9buter comme l\u2019an dernier, parce que la semaine entre No\u00ebl et le jour de l\u2019An, ce n\u2019est pas l\u00e0 o\u00f9 on vend le plus.\u00a0\u00bb<\/p>\n<p>\u00ab\u00a0Dans l\u2019ensemble, on a quand m\u00eame bien boss\u00e9\u00a0\u00bb<\/p>\n<p>\u00ab\u00a0Cette semaine, il y avait du monde, mais c\u2019est plus pour de la balade\u00a0\u00bb, estime de son c\u00f4t\u00e9 Camille, du chalet Minus et bouche cousue. La jeune femme regrette \u00e9galement les intemp\u00e9ries qui ont occasionn\u00e9 la fermeture du march\u00e9 de No\u00ebl durant trois jours. \u00ab\u00a0\u00c7a nous a vraiment impact\u00e9s.\u00a0\u00bb\u00a0Beno\u00eet confirme\u00a0: \u00ab\u00a0Je pense que si on n\u2019avait pas ferm\u00e9 \u00e0 cause de la m\u00e9t\u00e9o, j\u2019aurais fait un meilleur chiffre d\u2019affaires que l\u2019an dernier. Depuis une semaine, il y a moins de monde le soir, avec ces temp\u00e9ratures tr\u00e8s hivernales.\u00a0\u00bb L\u2019artiste note \u00e9galement une baisse d\u2019affluence le samedi 20\u00a0d\u00e9cembre, jour de l\u2019inauguration de la ligne 5 de tramway. \u00ab\u00a0Les gens \u00e9taient beaucoup sur la place de la Com\u00e9die. Les all\u00e9es \u00e9taient beaucoup plus vides qu\u2019un samedi normal par rapport \u00e0 la p\u00e9riode\u00a0\u00bb, relate-t-il.<\/p>\n<p>        <img decoding=\"async\" class=\"std-img__img responsive-img\" src=\"https:\/\/www.europesays.com\/fr\/wp-content\/uploads\/2025\/12\/1767208513_549_image.jpg\" alt=\"S\u00e9bastien estime que son chiffre d\u2019affaires est positif.\"\/><\/p>\n<p>                S\u00e9bastien estime que son chiffre d\u2019affaires est positif.<br \/>\n                                    Midi Libre &#8211; TOM SERRANO<\/p>\n<p>Du c\u00f4t\u00e9 de la restauration, la soupe a \u00e9t\u00e9 bonne. \u00ab\u00a0Il y a eu plusieurs phases. Les deux premi\u00e8res semaines \u00e9taient bien, apr\u00e8s la m\u00e9t\u00e9o a fait des siennes. Dans l\u2019ensemble, on a quand m\u00eame bien boss\u00e9, on est plus ou moins similaires \u00e0 l\u2019an pass\u00e9\u00a0\u00bb, r\u00e9sume S\u00e9bastien. Le g\u00e9rant du chalet d\u2019effiloch\u00e9s et de frites maison juge que les intemp\u00e9ries l\u2019ont priv\u00e9 surtout d\u2019une grosse journ\u00e9e. \u00ab\u00a0On a surtout perdu le dimanche 21\u00a0d\u00e9cembre. Le lundi et le mardi, ce sont des jours plut\u00f4t calmes.\u00a0\u00bb\u00a0La fr\u00e9quentation a diminu\u00e9 pour les derniers moments. \u00ab\u00a0Pour le dernier jour, on sait qu\u2019on est l\u00e0 pour faire figuration, mais on joue le jeu jusqu\u2019au bout.\u00a0\u00bb\u00a0Malgr\u00e9 une fr\u00e9quentation en dents de scie et une m\u00e9t\u00e9o capricieuse, le march\u00e9 de No\u00ebl de Montpellier referme donc ses chalets sur un bilan globalement satisfaisant, avant de laisser la place \u00e0 la nouvelle ann\u00e9e.<\/p>\n","protected":false},"excerpt":{"rendered":"Le march\u00e9 de No\u00ebl de Montpellier a ferm\u00e9 ses chalets mercredi 31\u00a0d\u00e9cembre, \u00e0 l\u2019issue de l\u2019\u00e9dition 2025. Malgr\u00e9&hellip;\n","protected":false},"author":2,"featured_media":632743,"comment_status":"","ping_status":"","sticky":false,"template":"","format":"standard","meta":{"footnotes":""},"categories":[9599],"tags":[1111,11,872,1777,674,1011,27,69124,7089,2208,12,64981,2680,25],"class_list":{"0":"post-632742","1":"post","2":"type-post","3":"status-publish","4":"format-standard","5":"has-post-thumbnail","7":"category-montpellier","8":"tag-actu","9":"tag-actualites","10":"tag-culture-et-loisirs","11":"tag-eu","12":"tag-europe","13":"tag-fr","14":"tag-france","15":"tag-fu00eates-et-festivals","16":"tag-herault","17":"tag-montpellier","18":"tag-news","19":"tag-nou00ebl","20":"tag-occitanie","21":"tag-republique-francaise"},"share_on_mastodon":{"url":"https:\/\/pubeurope.com\/@fr\/115815784573615861","error":""},"_links":{"self":[{"href":"https:\/\/www.europesays.com\/fr\/wp-json\/wp\/v2\/posts\/632742","targetHints":{"allow":["GET"]}}],"collection":[{"href":"https:\/\/www.europesays.com\/fr\/wp-json\/wp\/v2\/posts"}],"about":[{"href":"https:\/\/www.europesays.com\/fr\/wp-json\/wp\/v2\/types\/post"}],"author":[{"embeddable":true,"href":"https:\/\/www.europesays.com\/fr\/wp-json\/wp\/v2\/users\/2"}],"replies":[{"embeddable":true,"href":"https:\/\/www.europesays.com\/fr\/wp-json\/wp\/v2\/comments?post=632742"}],"version-history":[{"count":0,"href":"https:\/\/www.europesays.com\/fr\/wp-json\/wp\/v2\/posts\/632742\/revisions"}],"wp:featuredmedia":[{"embeddable":true,"href":"https:\/\/www.europesays.com\/fr\/wp-json\/wp\/v2\/media\/632743"}],"wp:attachment":[{"href":"https:\/\/www.europesays.com\/fr\/wp-json\/wp\/v2\/media?parent=632742"}],"wp:term":[{"taxonomy":"category","embeddable":true,"href":"https:\/\/www.europesays.com\/fr\/wp-json\/wp\/v2\/categories?post=632742"},{"taxonomy":"post_tag","embeddable":true,"href":"https:\/\/www.europesays.com\/fr\/wp-json\/wp\/v2\/tags?post=632742"}],"curies":[{"name":"wp","href":"https:\/\/api.w.org\/{rel}","templated":true}]}}