{"id":632744,"date":"2025-12-31T19:16:14","date_gmt":"2025-12-31T19:16:14","guid":{"rendered":"https:\/\/www.europesays.com\/fr\/632744\/"},"modified":"2025-12-31T19:16:14","modified_gmt":"2025-12-31T19:16:14","slug":"lusap-poursuit-son-recrutement-et-officialise-la-signature-dun-joueur-de-montpellier-pour-la-saison-prochaine","status":"publish","type":"post","link":"https:\/\/www.europesays.com\/fr\/632744\/","title":{"rendered":"L\u2019Usap poursuit son recrutement et officialise la signature d\u2019un joueur de Montpellier pour la saison prochaine"},"content":{"rendered":"<p>\n                                                                L\u2019Usap a annonc\u00e9, mercredi 31\u00a0janvier, la signature pour trois saisons du pilier international Enzo Forletta. Un retour aux sources pour le Catalan, en fin de contrat au MHR.\n                            <\/p>\n<p>En fin de contrat avec le MHR \u00e0 l\u2019issue de cette saison, le pilier gauche Enzo Forletta rejoindra l\u2019Usap. Le lcub et le joueur l\u2019ont officialis\u00e9 ce mercredi dans une vid\u00e9o.<br \/>\u00ab\u00a0J\u2019ai toujours eu une promesse silencieuse\u2026 Revenir. Revenir l\u00e0 o\u00f9 tout a commenc\u00e9. Revenir dans mon bout de pays, devant mon public, devant ma famille. Sentir cette ferveur unique qui ne s\u2019explique pas et qui se vit. Aujourd\u2019hui je vous l\u2019annonce\u00a0: je rentre \u00e0 la maison. Je reviens \u00e0 l\u2019Usap\u00a0pour trois saisons\u00a0\u00bb, annonce Forletta.<\/p>\n<blockquote data-class=\"twitter-tweet\">\n<p lang=\"fr\" dir=\"ltr\">\\ud83c\\udfaf ??????? <\/p>\n<p>Revenir l\u00e0 o\u00f9 tout \u00e0 commenc\u00e9, devant mon public, devant ma famille et partager cette ferveur unique qui ne s&rsquo;explique pas, qui se vit. <\/p>\n<p>Trois saisons pour d\u00e9fendre ce maillot sang et or comme au premier jour. <\/p>\n<p>L\u2019USAP et son pr\u00e9sident Fran\u00e7ois Rivi\u00e8re sont\u2026 <a href=\"https:\/\/t.co\/DFWkpuipDP\">pic.twitter.com\/DFWkpuipDP<\/a><\/p>\n<p>\u2014 USAP (@usap_officiel) <a href=\"https:\/\/twitter.com\/usap_officiel\/status\/2006287271259996642?ref_src=twsrc%5Etfw\" target=\"_blank\" rel=\"noopener\">December 31, 2025<\/a><\/p><\/blockquote>\n<p>Six saisons au MHR<\/p>\n<p>Apr\u00e8s six saisons pass\u00e9es \u00e0 Montpellier, le pilier international (31 ans, 2 s\u00e9lections) retrouvera donc son club formateur. Il avait quitt\u00e9 l\u2019Usap en 2020 pour rejoindre le MHR avec qui il a remport\u00e9 un Challenge en 2021, et un Bouclier de Brennus en 2022.<\/p>\n<p>                                                                                                                                                                                                        <script async src=\"https:\/\/platform.twitter.com\/widgets.js\" charset=\"utf-8\"><\/script><\/p>\n","protected":false},"excerpt":{"rendered":"L\u2019Usap a annonc\u00e9, mercredi 31\u00a0janvier, la signature pour trois saisons du pilier international Enzo Forletta. Un retour aux&hellip;\n","protected":false},"author":2,"featured_media":632745,"comment_status":"","ping_status":"","sticky":false,"template":"","format":"standard","meta":{"footnotes":""},"categories":[9599],"tags":[1111,11,1777,674,1011,27,7089,2208,12,2680,25,65087,517],"class_list":{"0":"post-632744","1":"post","2":"type-post","3":"status-publish","4":"format-standard","5":"has-post-thumbnail","7":"category-montpellier","8":"tag-actu","9":"tag-actualites","10":"tag-eu","11":"tag-europe","12":"tag-fr","13":"tag-france","14":"tag-herault","15":"tag-montpellier","16":"tag-news","17":"tag-occitanie","18":"tag-republique-francaise","19":"tag-rugby-xv","20":"tag-sport"},"share_on_mastodon":{"url":"https:\/\/pubeurope.com\/@fr\/115815788343557366","error":""},"_links":{"self":[{"href":"https:\/\/www.europesays.com\/fr\/wp-json\/wp\/v2\/posts\/632744","targetHints":{"allow":["GET"]}}],"collection":[{"href":"https:\/\/www.europesays.com\/fr\/wp-json\/wp\/v2\/posts"}],"about":[{"href":"https:\/\/www.europesays.com\/fr\/wp-json\/wp\/v2\/types\/post"}],"author":[{"embeddable":true,"href":"https:\/\/www.europesays.com\/fr\/wp-json\/wp\/v2\/users\/2"}],"replies":[{"embeddable":true,"href":"https:\/\/www.europesays.com\/fr\/wp-json\/wp\/v2\/comments?post=632744"}],"version-history":[{"count":0,"href":"https:\/\/www.europesays.com\/fr\/wp-json\/wp\/v2\/posts\/632744\/revisions"}],"wp:featuredmedia":[{"embeddable":true,"href":"https:\/\/www.europesays.com\/fr\/wp-json\/wp\/v2\/media\/632745"}],"wp:attachment":[{"href":"https:\/\/www.europesays.com\/fr\/wp-json\/wp\/v2\/media?parent=632744"}],"wp:term":[{"taxonomy":"category","embeddable":true,"href":"https:\/\/www.europesays.com\/fr\/wp-json\/wp\/v2\/categories?post=632744"},{"taxonomy":"post_tag","embeddable":true,"href":"https:\/\/www.europesays.com\/fr\/wp-json\/wp\/v2\/tags?post=632744"}],"curies":[{"name":"wp","href":"https:\/\/api.w.org\/{rel}","templated":true}]}}