{"id":632746,"date":"2025-12-31T19:17:09","date_gmt":"2025-12-31T19:17:09","guid":{"rendered":"https:\/\/www.europesays.com\/fr\/632746\/"},"modified":"2025-12-31T19:17:09","modified_gmt":"2025-12-31T19:17:09","slug":"un-tres-gros-cheque-remis-au-centre-henri-becquerel-de-rouen","status":"publish","type":"post","link":"https:\/\/www.europesays.com\/fr\/632746\/","title":{"rendered":"Un tr\u00e8s gros ch\u00e8que remis au centre Henri Becquerel de Rouen"},"content":{"rendered":"<p>                    Par<br \/>\n        <strong><br \/>\n            <a href=\"https:\/\/actu.fr\/auteur\/augustin-thibouw\" title=\"Consulter tous les articles de Augustin Thibouw\" target=\"_blank\" rel=\"noopener\">Augustin Thibouw<\/a><br \/>\n                    <\/strong><\/p>\n<p>        Publi\u00e9 le<\/p>\n<p>            31 d\u00e9c. 2025 \u00e0 18h00        <\/p>\n<p data-end=\"427\">Une <b>remise de ch\u00e8que<\/b> au profit du <a href=\"https:\/\/www.becquerel.fr\/\" target=\"_blank\" rel=\"noopener\">centre Henri Becquerel de Rouen <\/a>s\u2019est tenue r\u00e9cemment \u00e0 la mairie de <a href=\"https:\/\/actu.fr\/normandie\/saint-remy-boscrocourt_76644\" target=\"_blank\" rel=\"noopener\">Saint-R\u00e9my-Boscrocourt<\/a>, en Seine-Maritime, \u00e0 l\u2019issue de la <b>collecte de dons<\/b> organis\u00e9e dans le cadre d\u2019<b>Octobre rose<\/b>.<\/p>\n<p data-end=\"427\" class=\" wall-content\">Cette initiative solidaire, d\u00e9di\u00e9e \u00e0 la lutte contre le cancer du sein, a r\u00e9uni plusieurs associations locales mobilis\u00e9es tout au long de l\u2019op\u00e9ration. Plusieurs communes du territoire \u00e9taient \u00e9galement repr\u00e9sent\u00e9es.<\/p>\n<p>\u00ab\u00a0Sans les dons, nous ne ferions pas grand-chose\u00a0\u00bb<\/p>\n<p data-end=\"427\" class=\" wall-content\">Les fonds r\u00e9colt\u00e9s lors des diff\u00e9rentes actions men\u00e9es durant le mois d\u2019octobre ont ainsi \u00e9t\u00e9 officiellement remis au centre Henri Becquerel, acteur majeur de la prise en charge et de la recherche en canc\u00e9rologie.<\/p>\n<p data-end=\"1104\" class=\" wall-content\">Chaque don a \u00e9t\u00e9 comptabilis\u00e9 puis remis individuellement \u00e0 <b>Kate Verhoeven<\/b>, venue de Rouen pour l\u2019occasion. Apr\u00e8s un temps de silence, elle a d\u00e9voil\u00e9 le montant total de la collecte, qui s\u2019\u00e9l\u00e8ve \u00e0 <b>7 767,80 \u20ac<\/b>. Une partie de cette somme a \u00e9t\u00e9 attribu\u00e9e au service de chirurgie, l\u2019autre au service des soins de support.<\/p>\n<p data-end=\"1341\" data-is-only-node=\"\" class=\" wall-content\">\u00ab\u00a0Ces dons vont nous aider pour des ateliers, pour l\u2019achat de mat\u00e9riel \u00ab\u00a0, a pr\u00e9cis\u00e9 Kate Verhoeven. \u00a0\u00bb \u00c7a nous aide beaucoup, \u00e7a va nous permettre d\u2019avoir des projets et de les r\u00e9aliser. Sans les dons, nous ne ferions pas grand-chose. \u00a0\u00bb\u00a0<\/p>\n<p class=\" wall-content\">Personnalisez votre actualit\u00e9 en ajoutant vos villes et m\u00e9dias en favori avec <a href=\"https:\/\/moncompte.actu.fr\" title=\"D\u00e9couvez Mon Actu\" rel=\"nofollow noopener\" data-trk=\"{&quot;cta&quot;:{&quot;action&quot;:&quot;https:\\\/\\\/moncompte.actu.fr&quot;,&quot;category&quot;:&quot;mon compte&quot;,&quot;from&quot;:&quot;article footer&quot;,&quot;name&quot;:&quot;Mon actu&quot;,&quot;type&quot;:&quot;cta&quot;}}\" target=\"_blank\">Mon Actu<\/a>.<\/p>\n","protected":false},"excerpt":{"rendered":"Par Augustin Thibouw Publi\u00e9 le 31 d\u00e9c. 2025 \u00e0 18h00 Une remise de ch\u00e8que au profit du centre&hellip;\n","protected":false},"author":2,"featured_media":632747,"comment_status":"","ping_status":"","sticky":false,"template":"","format":"standard","meta":{"footnotes":""},"categories":[9587],"tags":[1111,11,101,1777,674,1011,27,12,5161,54321,25,9590,104,3400],"class_list":{"0":"post-632746","1":"post","2":"type-post","3":"status-publish","4":"format-standard","5":"has-post-thumbnail","7":"category-rouen","8":"tag-actu","9":"tag-actualites","10":"tag-cancer","11":"tag-eu","12":"tag-europe","13":"tag-fr","14":"tag-france","15":"tag-news","16":"tag-normandie","17":"tag-octobre-rose","18":"tag-republique-francaise","19":"tag-rouen","20":"tag-societe","21":"tag-solidarite"},"share_on_mastodon":{"url":"https:\/\/pubeurope.com\/@fr\/115815792355437718","error":""},"_links":{"self":[{"href":"https:\/\/www.europesays.com\/fr\/wp-json\/wp\/v2\/posts\/632746","targetHints":{"allow":["GET"]}}],"collection":[{"href":"https:\/\/www.europesays.com\/fr\/wp-json\/wp\/v2\/posts"}],"about":[{"href":"https:\/\/www.europesays.com\/fr\/wp-json\/wp\/v2\/types\/post"}],"author":[{"embeddable":true,"href":"https:\/\/www.europesays.com\/fr\/wp-json\/wp\/v2\/users\/2"}],"replies":[{"embeddable":true,"href":"https:\/\/www.europesays.com\/fr\/wp-json\/wp\/v2\/comments?post=632746"}],"version-history":[{"count":0,"href":"https:\/\/www.europesays.com\/fr\/wp-json\/wp\/v2\/posts\/632746\/revisions"}],"wp:featuredmedia":[{"embeddable":true,"href":"https:\/\/www.europesays.com\/fr\/wp-json\/wp\/v2\/media\/632747"}],"wp:attachment":[{"href":"https:\/\/www.europesays.com\/fr\/wp-json\/wp\/v2\/media?parent=632746"}],"wp:term":[{"taxonomy":"category","embeddable":true,"href":"https:\/\/www.europesays.com\/fr\/wp-json\/wp\/v2\/categories?post=632746"},{"taxonomy":"post_tag","embeddable":true,"href":"https:\/\/www.europesays.com\/fr\/wp-json\/wp\/v2\/tags?post=632746"}],"curies":[{"name":"wp","href":"https:\/\/api.w.org\/{rel}","templated":true}]}}