{"id":632758,"date":"2025-12-31T19:25:24","date_gmt":"2025-12-31T19:25:24","guid":{"rendered":"https:\/\/www.europesays.com\/fr\/632758\/"},"modified":"2025-12-31T19:25:24","modified_gmt":"2025-12-31T19:25:24","slug":"en-janvier-7-sorties-pour-arreter-dhiberner-et-sortir-du-canape","status":"publish","type":"post","link":"https:\/\/www.europesays.com\/fr\/632758\/","title":{"rendered":"en janvier, 7 sorties pour arr\u00eater d\u2019hiberner et sortir du canap\u00e9"},"content":{"rendered":"<p><b>Nous sommes le 1er janvier. On ouvre le calendrier et qu\u2019est-ce qu\u2019on voit ? Une <\/b><b>bonne ann\u00e9e<\/b><b> \u00e0 remplir. Si les premiers jours de 2026 s\u2019annoncent tranquilles \u00e0 Strasbourg (en pleine hibernation), on a tout de m\u00eame trouv\u00e9 de quoi t\u2019occuper apr\u00e8s ton r\u00e9veillon. Spectacles, concerts, tournoi de <\/b><b>Just Dance<\/b><b>\u2026 Pour commencer janvier du bon pied\u00a0!<\/b><\/p>\n<p>De la musique<\/p>\n<p>\u00ab\u00a0Plastic Bienvenue to\u00a0\u00bb\u00a0: Groome et Flashball \u00e0 la Kulture<\/p>\n<p>\u00c0 peine remise de sa soir\u00e9e de Nouvel An, <b>la Kulture remet le couvert d\u00e8s les 2 et 3 janvier<\/b>, en compagnie de <b>deux collectifs strasbourgeois<\/b> qui prennent les platines de son \u00ab\u00a0Plastic Motel\u00a0\u00bb.<\/p>\n<p><b>Le vendredi 2, c\u2019est Groome<\/b> qui attaque avec les \u00ab\u00a0sonorit\u00e9s 90s, le jazz et le swing\u00a0\u00bb de <b>Rajel<\/b>, <b>Th\u00e9o Schneider<\/b>, la \u00ab\u00a0groove UK\u00a0\u00bb de <b>Ma\u00ff<\/b>, et <b>\u00d8dass<\/b> qui y distillera \u00ab\u00a0minimal house, micro, acid house et funky grooves\u00a0\u00bb.<\/p>\n<p><b>Le lendemain, place \u00e0 Flashball <\/b>pour une vibe minimale et tech house, en compagnie de <b>Doudeh<\/b> et <b>SunpR<\/b>, et leur guest <b>Nadim<\/b> (Blind).<\/p>\n<p align=\"CENTER\"><b>Quand et o\u00f9\u00a0?<br \/><\/b>Vendredi 2 et samedi 3 janvier de 22h \u00e0 3h30<br \/>\u00c0 la Kulture (espace club)<br \/><a href=\"https:\/\/www.instagram.com\/plasticmotel\/\" target=\"_blank\" rel=\"noopener\">+ d\u2019infos<\/a><\/p>\n<p>                <a href=\"https:\/\/pokaa.fr\/2025\/11\/05\/strasbourg-a-la-krutenau-le-cafe-club-la-kulture-fait-son-grand-retour\/\" target=\"_blank\" rel=\"noopener\"><br \/>\n                    <img width=\"450\" height=\"270\" src=\"https:\/\/www.europesays.com\/fr\/wp-content\/uploads\/2025\/11\/h1-450x270.png\" class=\"attachment-card-horizontal--same-subject size-card-horizontal--same-subject wp-post-image\" alt=\"\" decoding=\"async\" loading=\"lazy\"\/>                <\/a><\/p>\n<p>                <img width=\"735\" height=\"500\" src=\"https:\/\/www.europesays.com\/fr\/wp-content\/uploads\/2025\/11\/la-kulture-2-735x500.png\" class=\"attachment-gallery size-gallery\" alt=\"La Kulture (2)\" data-full-url=\"https:\/\/pokaa.fr\/wp-content\/uploads\/2025\/10\/23\/la-kulture-2.png\" decoding=\"async\" loading=\"lazy\"  \/>            <\/p>\n<p>                <img width=\"774\" height=\"500\" src=\"https:\/\/www.europesays.com\/fr\/wp-content\/uploads\/2025\/11\/la-kulture-1-774x500.png\" class=\"attachment-gallery size-gallery\" alt=\"La Kulture (1)\" data-full-url=\"https:\/\/pokaa.fr\/wp-content\/uploads\/2025\/10\/23\/la-kulture-1.png\" decoding=\"async\" loading=\"lazy\"  \/>            <\/p>\n<p>                    \u00a9 La Kulture \/ Captures d&rsquo;\u00e9cran<\/p>\n<p>Les iNOU\u00efS du Printemps de Bourges \u00e0 l&rsquo;Espace Django<\/p>\n<p>Comme \u00e0 chaque d\u00e9but de mois de janvier, les <b>iNOU\u00efS du Printemps de Bourges <\/b>investissent <b>l\u2019Espace Django<\/b>, avec leurs <b>Auditions publiques r\u00e9gionales<\/b>\u00a0! Le concept\u00a0? Les cinq groupes ou artistes choisi(e)s pour l\u2019Alsace viendront montrer l\u2019\u00e9tendue de leur talent, sur <b>une soir\u00e9e de concerts gratuite<\/b> avant de rejoindre le concours national.<\/p>\n<p><b>Le vendredi 9 janvier<\/b>, s\u2019y pr\u00e9senteront\u00a0: le duo <b>any<\/b>\u00a0(indie electronic) qui \u00ab\u00a0s\u2019impose comme un projet singulier sur la sc\u00e8ne \u00e9lectro \u00e9mergente\u00a0\u00bb, <b>Damaghead<\/b> (indie garage) \u00ab inspir\u00e9s par Fontaines D.C. et le spleen d\u2019Oasis \u00bb, ou <b>NAEKO<\/b> (anti pop) d\u00e9j\u00e0 pr\u00e9sent l\u2019an pass\u00e9.<\/p>\n<p>Ainsi que <b>Moss Velveta<\/b> qui \u00ab\u00a0se situe musicalement quelque part entre Gesaffelstein, Massive Attack, Justice, Lorn ou encore Radiohead\u00a0\u00bb et <b>Zoe Heselton &amp; Sister Outsider <\/b>(electric folk) dont les \u00ab\u00a0chansons sont des litanies pour la survie, des po\u00e8mes de tendresse et de rage\u00a0\u00bb.<\/p>\n<p align=\"CENTER\"><b>Quand et o\u00f9\u00a0?<br \/><\/b>Vendredi 9 janvier \u00e0 20h<br \/>\u00c0 l\u2019Espace Django<br \/><a href=\"https:\/\/www.espacedjango.eu\/evenement\/audition-regionale-des-inouis\/\" target=\"_blank\" rel=\"noopener\">+ d\u2019infos<\/a><\/p>\n<\/p>\n<p>                <img width=\"281\" height=\"500\" src=\"https:\/\/www.europesays.com\/fr\/wp-content\/uploads\/2025\/12\/pxl-20250110-212445921ts-exported-23486-1767013871468-281x500.jpg\" class=\"attachment-gallery size-gallery\" alt=\"NAEKO\" data-full-url=\"https:\/\/pokaa.fr\/wp-content\/uploads\/2025\/12\/29\/pxl-20250110-212445921ts-exported-23486-1767013871468.jpg\" decoding=\"async\" loading=\"lazy\"  \/>            <\/p>\n<p>                <img width=\"750\" height=\"500\" src=\"https:\/\/www.europesays.com\/fr\/wp-content\/uploads\/2025\/12\/france-strasbourg-espace-django-wr-91-sur-140-750x500.jpg\" class=\"attachment-gallery size-gallery\" alt=\"Espace Django 2025, sc\u00e8ne, concert, salle, ambiance, lumi\u00e8res, r\u00e9gis, foules, techniciens, chansigne\" data-full-url=\"https:\/\/pokaa.fr\/wp-content\/uploads\/2025\/07\/15\/france-strasbourg-espace-django-wr-91-sur-140.jpg\" decoding=\"async\" loading=\"lazy\"  \/>            <\/p>\n<p>                    1. NAEKO aux Auditions r\u00e9gionales des \u00efNOU\u00efS (janvier 2025, \u00e0 l&rsquo;Espace Django). \u00a9 Fanny Soriano \/ Pokaa ; 2. Espace Django. \u00a9 Wilfried Rion \/ Pokaa<\/p>\n<p>\u00ab\u00a0La soir\u00e9e des tous\u00b7tes seul\u00b7es\u00a0\u00bb \u00e0 La Grenze<\/p>\n<p>Le lendemain, c\u2019est au tour de <b>La Grenze<\/b> de nous pr\u00e9senter une s\u00e9rie de concerts avec<b> \u00ab\u00a0La soir\u00e9e des tous\u00b7tes seul\u00b7es\u00a0\u00bb<\/b>. Pour commencer l\u2019ann\u00e9e en trouvant tes nouveaux crush musicaux avec un focus sur des<b> projets solo<\/b>.<\/p>\n<p><b>Le samedi 10<\/b>, d\u00e9couverte d\u2019<b>Itako<\/b> (techno), de <b>Bodily Autonomy<\/b> (rap, hip-hop transf\u00e9ministe par<b> Zoe Heselton<\/b>, po\u00e9tesse et musicienne \u2013 cit\u00e9e plus haut), de <b>KG<\/b> (\u00e9lectronica shoegaze \u00e9pique) et de <b>Blut Wand <\/b>(synth wave).<\/p>\n<p align=\"CENTER\"><b>Quand et o\u00f9\u00a0?<br \/><\/b>Samedi 10 janvier \u00e0 20h<br \/>\u00c0 La Grenze<br \/><a href=\"https:\/\/fb.me\/e\/7NtV7bv2b\" target=\"_blank\" rel=\"noopener\">+ d\u2019infos<\/a><\/p>\n<\/p>\n<p>Du show et de l&rsquo;humour<br \/>\n\u00ab\u00a0Just Play\u00a0\u00bb\u00a0: IMPRO Alsace \u00e0 l&rsquo;Espace K<\/p>\n<p>Pour bien d\u00e9marrer l\u2019ann\u00e9e, <b>L\u2019Espace K<\/b> confie sa sc\u00e8ne aux trublions d\u2019<b>IMPRO Alsace<\/b>, les <b>vendredi 9 et samedi 10 janvier<\/b>. \u00c0 l\u2019affiche\u00a0? <b>Just Play<\/b>, le format \u00ab\u00a0free form\u00a0\u00bb de la compagnie strasbourgeoise.<\/p>\n<p>S\u2019inspirant seulement des objets emprunt\u00e9s au public, ce spectacle \u2013 toujours <b>improvis\u00e9<\/b> \u2013 se permet toutes les libert\u00e9s, pour un r\u00e9sultat sans nul doute\u00a0: tr\u00e8s barr\u00e9. \u00c0 voir.<\/p>\n<p align=\"CENTER\"><b>Quand et o\u00f9\u00a0?<br \/><\/b>Vendredi 9 et samedi 10 janvier \u00e0 20h<br \/>\u00c0 l\u2019Espace K<br \/><a href=\"https:\/\/www.espace-k.com\/class\/just-play\" target=\"_blank\" rel=\"noopener\">+ d\u2019infos<\/a><\/p>\n<p>    <img width=\"800\" height=\"533\" src=\"https:\/\/www.europesays.com\/fr\/wp-content\/uploads\/2025\/12\/impro-alsace-e1677689268539-800x533.jpg\" class=\"attachment-image-size-L size-image-size-L\" alt=\"IMPRO Alsace\" decoding=\"async\" loading=\"lazy\"  \/>         \u00a9 IMPRO Alsace \/ Document remis <\/p>\n<p>    <img width=\"800\" height=\"534\" src=\"https:\/\/www.europesays.com\/fr\/wp-content\/uploads\/2025\/12\/220325photo_17-scaled-e1650773068656.jpg\" class=\"attachment-image-size-L size-image-size-L\" alt=\"Espace K\" decoding=\"async\" loading=\"lazy\"\/>         Espace K. \u00a9 Doroth\u00e9e Parent \/ Document remis <\/p>\n<p>Just Dance et show drag\u00a0: la House of Marley au Coin des Kneckes<\/p>\n<p>On les connaissait d\u00e9j\u00e0, elles reviennent <b>d\u00e8s le samedi 10 janvier\u00a0: les soir\u00e9es <\/b><b>Just Dance<\/b><b> de la House of Marley, au Coin des Kneckes.<\/b><\/p>\n<p>Le concept\u00a0? Un<b> tournoi de <\/b><b>Just Dance<\/b>, avec<b> show drag <\/b>et un bar \u00ab\u00a0transform[\u00e9] en dancefloor Y2K sous haute perruque\u00a0\u00bb pour la premi\u00e8re de 2026.<\/p>\n<p><b>Dress code ann\u00e9es 2000<\/b> obligatoire pour les participant(e)s (\u00ab\u00a0plus tu brilles, plus tu marques des points\u00a0\u00bb), avec \u00ab\u00a0Britney dans les enceintes, Beyonc\u00e9 dans les hanches, Justin dans la m\u00e8che\u00a0: les ann\u00e9es 2000 prennent le pouvoir\u00a0\u00bb. La messe est dite.<\/p>\n<p align=\"CENTER\"><strong>Quand et o\u00f9\u00a0?<\/strong><br \/>Samedi 10 janvier d\u00e8s 19h30<br \/>Au Coin des Kneckes<br \/><a href=\"https:\/\/fb.me\/e\/46TGBOxtE\" target=\"_blank\" rel=\"noopener\">+ d\u2019infos<\/a><\/p>\n<p>    <img width=\"400\" height=\"600\" src=\"https:\/\/www.europesays.com\/fr\/wp-content\/uploads\/2025\/12\/after-show-dans-un-club-sur-les-camps-elysees-03-400x600.jpg\" class=\"attachment-image-size-M size-image-size-M\" alt=\"After Show dans un club sur les Camps \u00c9lys\u00e9es 03\" decoding=\"async\" loading=\"lazy\"  \/>         N\u00f6x\u00efm\u00e4 Marley. \u00a9\u00a0House of Marley \/ Document remis <\/p>\n<p>\u00ab\u00a0Une mouette dans la brume\u00a0\u00bb\u00a0: one-man de Safir avec Batorama<\/p>\n<p>Avocat le jour, humoriste la nuit, le Strasbourgeois <b>Safir<\/b> nous invite le <b>mardi 13 janvier<\/b> \u00e0 son <b>premier one man show\u00a0: <\/b><b>Une mouette dans la brume<\/b>.<\/p>\n<p>Entre \u00ab\u00a0anecdotes de barreau\u00a0\u00bb et \u00ab\u00a0r\u00e9flexions sur la vie\u00a0\u00bb, embarque avec lui dans <b>une dr\u00f4le de croisi\u00e8re<\/b>\u2026 Car pour celui qui a l\u2019habitude de passer \u00e0 la barre, quoi de mieux que de prendre celle d\u2019un bateau-promenade ? Un <b>rendez-vous insolite, sur l\u2019eau<\/b>, en partenariat avec Batorama.<\/p>\n<p align=\"CENTER\"><b>Quand et o\u00f9\u00a0?<br \/><\/b>Mardi 13 janvier \u00e0 19h30 et 21h<br \/>Croisi\u00e8re Batorama (d\u00e9part embarcad\u00e8re Cath\u00e9drale)<br \/><a href=\"https:\/\/fb.me\/e\/5sp33GSWT\" target=\"_blank\" rel=\"noopener\">+ d\u2019infos<\/a><\/p>\n<p>    <img width=\"800\" height=\"533\" src=\"https:\/\/www.europesays.com\/fr\/wp-content\/uploads\/2025\/09\/france-strasbourg-ete-wr-99-sur-113-800x533.jpg\" class=\"attachment-image-size-L size-image-size-L\" alt=\"Batorama sur l\u2019Ile\" decoding=\"async\" loading=\"lazy\"  \/>         \u00a9 Wilfried Rion \/ Pokaa <\/p>\n<p><script async src=\"\/\/www.instagram.com\/embed.js\"><\/script><\/p>\n","protected":false},"excerpt":{"rendered":"Nous sommes le 1er janvier. On ouvre le calendrier et qu\u2019est-ce qu\u2019on voit ? Une bonne ann\u00e9e \u00e0&hellip;\n","protected":false},"author":2,"featured_media":632759,"comment_status":"","ping_status":"","sticky":false,"template":"","format":"standard","meta":{"footnotes":""},"categories":[2820],"tags":[1111,11,4763,14226,1697,16829,1777,674,1011,27,775,708,1757,74109,12,3907,25,3140,7492,640,4064],"class_list":{"0":"post-632758","1":"post","2":"type-post","3":"status-publish","4":"format-standard","5":"has-post-thumbnail","7":"category-strasbourg","8":"tag-actu","9":"tag-actualites","10":"tag-agenda","11":"tag-batorama","12":"tag-concert","13":"tag-drag-show","14":"tag-eu","15":"tag-europe","16":"tag-fr","17":"tag-france","18":"tag-grand-est","19":"tag-humour","20":"tag-insolite","21":"tag-just-dance","22":"tag-news","23":"tag-que-faire","24":"tag-republique-francaise","25":"tag-spectacle","26":"tag-stand-up","27":"tag-strasbourg","28":"tag-week-end"},"share_on_mastodon":{"url":"https:\/\/pubeurope.com\/@fr\/115815824054806848","error":""},"_links":{"self":[{"href":"https:\/\/www.europesays.com\/fr\/wp-json\/wp\/v2\/posts\/632758","targetHints":{"allow":["GET"]}}],"collection":[{"href":"https:\/\/www.europesays.com\/fr\/wp-json\/wp\/v2\/posts"}],"about":[{"href":"https:\/\/www.europesays.com\/fr\/wp-json\/wp\/v2\/types\/post"}],"author":[{"embeddable":true,"href":"https:\/\/www.europesays.com\/fr\/wp-json\/wp\/v2\/users\/2"}],"replies":[{"embeddable":true,"href":"https:\/\/www.europesays.com\/fr\/wp-json\/wp\/v2\/comments?post=632758"}],"version-history":[{"count":0,"href":"https:\/\/www.europesays.com\/fr\/wp-json\/wp\/v2\/posts\/632758\/revisions"}],"wp:featuredmedia":[{"embeddable":true,"href":"https:\/\/www.europesays.com\/fr\/wp-json\/wp\/v2\/media\/632759"}],"wp:attachment":[{"href":"https:\/\/www.europesays.com\/fr\/wp-json\/wp\/v2\/media?parent=632758"}],"wp:term":[{"taxonomy":"category","embeddable":true,"href":"https:\/\/www.europesays.com\/fr\/wp-json\/wp\/v2\/categories?post=632758"},{"taxonomy":"post_tag","embeddable":true,"href":"https:\/\/www.europesays.com\/fr\/wp-json\/wp\/v2\/tags?post=632758"}],"curies":[{"name":"wp","href":"https:\/\/api.w.org\/{rel}","templated":true}]}}