{"id":632776,"date":"2025-12-31T19:36:11","date_gmt":"2025-12-31T19:36:11","guid":{"rendered":"https:\/\/www.europesays.com\/fr\/632776\/"},"modified":"2025-12-31T19:36:11","modified_gmt":"2025-12-31T19:36:11","slug":"zebox-laccelerateur-de-cma-cgm-place-ses-pepites-sous-les-projecteurs-a-las-vegas","status":"publish","type":"post","link":"https:\/\/www.europesays.com\/fr\/632776\/","title":{"rendered":"Zebox, l&rsquo;acc\u00e9l\u00e9rateur de CMA CGM place ses p\u00e9pites sous les projecteurs \u00e0 Las Vegas"},"content":{"rendered":"<p>Le CES (Consumer electronics show) de Las Vegas n&rsquo;est plus, depuis longtemps, un simple salon pour gadgets \u00e9lectroniques. C&rsquo;est devenu le \u00ab\u00a0Saint des Saints\u00a0\u00bb o\u00f9 les industries lourdes &#8212; maritime, logistique, \u00e9nergie &#8212; viennent chercher les cl\u00e9s de leur survie num\u00e9rique. En s&rsquo;installant \u00e0 l&rsquo;Eureka Park, l&rsquo;espace d\u00e9di\u00e9 aux start-up le plus surveill\u00e9 par les capital-risqueurs, Zebox, l&rsquo;acc\u00e9l\u00e9rateur de CMA CGM (propri\u00e9taire de La Provence)\u00a0 place ses p\u00e9pites sous les projecteurs de 150 000 visiteurs et 6 000 m\u00e9dias internationaux.<\/p>\n<p>Pour ces jeunes pousses innovantes, le CES commence d\u00e8s le 4 janvier avec le CES Unveiled, une soir\u00e9e exclusive r\u00e9serv\u00e9e \u00e0 la presse mondiale. C&rsquo;est l\u00e0 que se gagnent les \u00ab\u00a0Unes\u00a0\u00bb des grands journaux technologiques et que se nouent les premiers contacts avec les fonds de la Silicon Valley.<\/p>\n<p>La reconnaissance mondiale : le doubl\u00e9 des Innovation Awards<\/p>\n<p>Le <a href=\"https:\/\/www.laprovence.com\/article\/economie\/39074490775677\/avec-sprint-for-impact-zebox-connecte-etudiants-et-start-up-a-marseille\" target=\"_blank\" rel=\"noopener\">rayonnement de Zebox au CES 2026<\/a> ne rel\u00e8ve pas du simple affichage. Deux p\u00e9pites de la d\u00e9l\u00e9gation ont d\u00e9j\u00e0 remport\u00e9 les CES Innovation Awards, une distinction qui agit comme un acc\u00e9l\u00e9rateur de confiance imm\u00e9diat pour les acheteurs am\u00e9ricains.<\/p>\n<p>La start-up sud-cor\u00e9enne Mapsea, cerveau du Big Data maritime, r\u00e9alise l&rsquo;e&#8230;<\/p>\n","protected":false},"excerpt":{"rendered":"Le CES (Consumer electronics show) de Las Vegas n&rsquo;est plus, depuis longtemps, un simple salon pour gadgets \u00e9lectroniques.&hellip;\n","protected":false},"author":2,"featured_media":632777,"comment_status":"","ping_status":"","sticky":false,"template":"","format":"standard","meta":{"footnotes":""},"categories":[2814],"tags":[17,5734,1111,11,10184,37709,33,74110,1777,674,1011,27,74111,884,12,882,25,9905,23136],"class_list":{"0":"post-632776","1":"post","2":"type-post","3":"status-publish","4":"format-standard","5":"has-post-thumbnail","7":"category-marseille","8":"tag-17","9":"tag-5734","10":"tag-actu","11":"tag-actualites","12":"tag-cma","13":"tag-consumer","14":"tag-economie","15":"tag-electronics","16":"tag-eu","17":"tag-europe","18":"tag-fr","19":"tag-france","20":"tag-laccelerateur","21":"tag-marseille","22":"tag-news","23":"tag-provence-alpes-cote-dazur","24":"tag-republique-francaise","25":"tag-show","26":"tag-zebox"},"share_on_mastodon":{"url":"https:\/\/pubeurope.com\/@fr\/115815867005530394","error":""},"_links":{"self":[{"href":"https:\/\/www.europesays.com\/fr\/wp-json\/wp\/v2\/posts\/632776","targetHints":{"allow":["GET"]}}],"collection":[{"href":"https:\/\/www.europesays.com\/fr\/wp-json\/wp\/v2\/posts"}],"about":[{"href":"https:\/\/www.europesays.com\/fr\/wp-json\/wp\/v2\/types\/post"}],"author":[{"embeddable":true,"href":"https:\/\/www.europesays.com\/fr\/wp-json\/wp\/v2\/users\/2"}],"replies":[{"embeddable":true,"href":"https:\/\/www.europesays.com\/fr\/wp-json\/wp\/v2\/comments?post=632776"}],"version-history":[{"count":0,"href":"https:\/\/www.europesays.com\/fr\/wp-json\/wp\/v2\/posts\/632776\/revisions"}],"wp:featuredmedia":[{"embeddable":true,"href":"https:\/\/www.europesays.com\/fr\/wp-json\/wp\/v2\/media\/632777"}],"wp:attachment":[{"href":"https:\/\/www.europesays.com\/fr\/wp-json\/wp\/v2\/media?parent=632776"}],"wp:term":[{"taxonomy":"category","embeddable":true,"href":"https:\/\/www.europesays.com\/fr\/wp-json\/wp\/v2\/categories?post=632776"},{"taxonomy":"post_tag","embeddable":true,"href":"https:\/\/www.europesays.com\/fr\/wp-json\/wp\/v2\/tags?post=632776"}],"curies":[{"name":"wp","href":"https:\/\/api.w.org\/{rel}","templated":true}]}}