{"id":63278,"date":"2025-04-30T02:29:32","date_gmt":"2025-04-30T02:29:32","guid":{"rendered":"https:\/\/www.europesays.com\/fr\/63278\/"},"modified":"2025-04-30T02:29:32","modified_gmt":"2025-04-30T02:29:32","slug":"education-therapeutique-du-patient-en-ile-de-france-une-nouvelle-version-de-cartep-est-disponible","status":"publish","type":"post","link":"https:\/\/www.europesays.com\/fr\/63278\/","title":{"rendered":"Education th\u00e9rapeutique du patient en \u00cele-de-France : une nouvelle version de CART\u2019EP est disponible"},"content":{"rendered":"<p>L\u2019Agence r\u00e9gionale de sant\u00e9 \u00cele-de-France, en lien avec le groupement d\u2019int\u00e9r\u00eat public (GIP) Sesan et ses partenaires, met \u00e0 la disposition des promoteurs qu\u2019ils soient hospitaliers ou de premier recours, ainsi que des patients, une nouvelle version de CART\u2019EP avec pour finalit\u00e9 :<\/p>\n<ul>\n<li>d\u2019identifier un programme d\u2019\u00e9ducation th\u00e9rapeutique du patient (ETP)* de proximit\u00e9 pour les professionnels et pour les patients\u00a0;<\/li>\n<li>de pouvoir se mettre en lien avec une \u00e9quipe de soins et d\u2019aborder l\u2019exp\u00e9rience de la maladie lors des ateliers, notamment avec les patients experts ou partenaires\u00a0;<\/li>\n<li>De disposer de ressources et d\u2019actualit\u00e9s relatives \u00e0 l\u2019ETP, notamment \u00e0 travers la publication d\u2019articles scientifiques.<\/li>\n<\/ul>\n<p><a class=\"lien-ext\" href=\"https:\/\/www.etp-iledefrance.fr\/\" target=\"_blank\" data-xiti-name=\"Acc\u00e9der \u00e0 la plateforme CART&#039;EP\" data-xiti-chapitre1=\"Education th\u00e9rapeutique du patient en \u00cele-de-France : une nouvelle version de CART\u2019EP est disponible \" data-xiti-type=\"exit\" rel=\"noopener\">Acc\u00e9der \u00e0 la plateforme CART&rsquo;EP<\/a><\/p>\n<p>En 2009, l\u2019Agence a mandat\u00e9 le Laboratoire \u00e9ducations et pratiques de sant\u00e9 de l\u2019Universit\u00e9 Paris 13, aujourd\u2019hui Laboratoire \u00e9ducations et promotion de la sant\u00e9 (LEPS) \u00e0 l\u2019Universit\u00e9 Sorbonne Paris Nord, pour cr\u00e9er CART\u2019EP : CARTographie des programmes d\u2019\u00e9ducation th\u00e9rapeutique.<\/p>\n<p>Ce site a pour vocation de r\u00e9pondre \u00e0 un besoin imp\u00e9ratif : r\u00e9pertorier, structurer et partager les informations sur les programmes d\u2019ETP en \u00cele-de-France. Il s\u2019agit d\u2019un outil de cartographie interactif et d\u2019une plateforme collaborative, accessible \u00e0 deux principaux publics : les professionnels de sant\u00e9, leur permettant d&rsquo;orienter les patients vers les programmes d\u2019ETP adapt\u00e9s, et les responsables de programmes d\u2019ETP qui peuvent visualiser l\u2019ensemble des programmes au moyen de fiches descriptives.<\/p>\n<p>CART&rsquo;EP est une ressource cl\u00e9 pour la r\u00e9gion, soutenant la structuration de l\u2019ETP. Les changements technologiques, les \u00e9volutions des besoins des utilisateurs et la n\u00e9cessit\u00e9 d\u2019int\u00e9grer de nouvelles fonctionnalit\u00e9s ont conduit \u00e0 la d\u00e9cision de d\u00e9velopper une nouvelle version du site en 2024, toujours avec le LEPS et l\u2019Agence, mais \u00e9galement avec le P\u00f4le de ressources ETP \u00cele-de-France et la Coordination 95, sous la ma\u00eetrise d&rsquo;\u0153uvre du GIP SESAN.\u00a0<\/p>\n<p>(*) Selon la d\u00e9finition de l\u2019Organisation mondiale de la sant\u00e9 (OMS) de 1996, \u00ab l\u2019\u00e9ducation th\u00e9rapeutique du patient vise \u00e0 aider les patients \u00e0 acqu\u00e9rir ou maintenir les comp\u00e9tences dont ils ont besoin pour g\u00e9rer au mieux leur vie avec une maladie chronique \u00bb. Elle se d\u00e9cline selon plusieurs modalit\u00e9s, notamment les programmes d\u2019ETP qui sont d\u00e9clar\u00e9s et valid\u00e9s par l\u2019Agence r\u00e9gionale de sant\u00e9 \u00cele-de-France.<br \/>\u00a0<\/p>\n","protected":false},"excerpt":{"rendered":"L\u2019Agence r\u00e9gionale de sant\u00e9 \u00cele-de-France, en lien avec le groupement d\u2019int\u00e9r\u00eat public (GIP) Sesan et ses partenaires, met&hellip;\n","protected":false},"author":2,"featured_media":63279,"comment_status":"","ping_status":"","sticky":false,"template":"","format":"standard","meta":{"footnotes":""},"categories":[1592],"tags":[1111,11,1777,674,1011,27,662,12,626,3960,25],"class_list":{"0":"post-63278","1":"post","2":"type-post","3":"status-publish","4":"format-standard","5":"has-post-thumbnail","7":"category-ile-de-france","8":"tag-actu","9":"tag-actualites","10":"tag-eu","11":"tag-europe","12":"tag-fr","13":"tag-france","14":"tag-ile-de-france","15":"tag-news","16":"tag-paris","17":"tag-promotion-de-la-sante","18":"tag-republique-francaise"},"share_on_mastodon":{"url":"https:\/\/pubeurope.com\/@fr\/114424562553514787","error":""},"_links":{"self":[{"href":"https:\/\/www.europesays.com\/fr\/wp-json\/wp\/v2\/posts\/63278","targetHints":{"allow":["GET"]}}],"collection":[{"href":"https:\/\/www.europesays.com\/fr\/wp-json\/wp\/v2\/posts"}],"about":[{"href":"https:\/\/www.europesays.com\/fr\/wp-json\/wp\/v2\/types\/post"}],"author":[{"embeddable":true,"href":"https:\/\/www.europesays.com\/fr\/wp-json\/wp\/v2\/users\/2"}],"replies":[{"embeddable":true,"href":"https:\/\/www.europesays.com\/fr\/wp-json\/wp\/v2\/comments?post=63278"}],"version-history":[{"count":0,"href":"https:\/\/www.europesays.com\/fr\/wp-json\/wp\/v2\/posts\/63278\/revisions"}],"wp:featuredmedia":[{"embeddable":true,"href":"https:\/\/www.europesays.com\/fr\/wp-json\/wp\/v2\/media\/63279"}],"wp:attachment":[{"href":"https:\/\/www.europesays.com\/fr\/wp-json\/wp\/v2\/media?parent=63278"}],"wp:term":[{"taxonomy":"category","embeddable":true,"href":"https:\/\/www.europesays.com\/fr\/wp-json\/wp\/v2\/categories?post=63278"},{"taxonomy":"post_tag","embeddable":true,"href":"https:\/\/www.europesays.com\/fr\/wp-json\/wp\/v2\/tags?post=63278"}],"curies":[{"name":"wp","href":"https:\/\/api.w.org\/{rel}","templated":true}]}}