{"id":632780,"date":"2025-12-31T19:38:13","date_gmt":"2025-12-31T19:38:13","guid":{"rendered":"https:\/\/www.europesays.com\/fr\/632780\/"},"modified":"2025-12-31T19:38:13","modified_gmt":"2025-12-31T19:38:13","slug":"la-prefecture-interdit-un-rassemblement-de-voitures-pour-ce-reveillon-du-nouvel-an","status":"publish","type":"post","link":"https:\/\/www.europesays.com\/fr\/632780\/","title":{"rendered":"la pr\u00e9fecture interdit un rassemblement de voitures pour ce R\u00e9veillon du nouvel an"},"content":{"rendered":"<p>\u00ab\u00a0Afin de pr\u00e9venir les risques de troubles \u00e0 l\u2019ordre public\u00a0\u00bb, la pr\u00e9f\u00e8te du Rh\u00f4ne a interdit les \u00ab\u00a0rassemblements automobiles, autres que ceux l\u00e9galement d\u00e9clar\u00e9s et autoris\u00e9s, sur la voie publique dans le Rh\u00f4ne et la M\u00e9tropole de Lyon\u00a0\u00bb du 31\u00a0d\u00e9cembre 18 heures au 1\u1d49\u02b3 \u00a0janvier 8 heures.<\/p>\n<p>  Dangereux pour le public<\/p>\n<p>La pr\u00e9fecture vise un \u00e9v\u00e9nement en particulier, le \u00ab\u00a0Driftfest\u00a0\u00bb, annonc\u00e9 depuis plusieurs semaines pour ce 31\u00a0d\u00e9cembre sur les r\u00e9seaux sociaux, sans que le lieu de l\u2019\u00e9v\u00e9nement ne soit pr\u00e9cis\u00e9. Selon les autorit\u00e9s, \u00ab\u00a0la participation \u00e0 ce rassemblement automobile ill\u00e9gal pourrait \u00eatre estim\u00e9e \u00e0 plusieurs centaines de v\u00e9hicules\u00a0\u00bb.<\/p>\n<p>Jusqu\u2019\u00e0 700 personnes pourraient se d\u00e9placer c\u00f4t\u00e9 public.<\/p>\n<p>Depuis l\u2019\u00e9t\u00e9 2024, de multiples rassemblements automobiles ont eu lieu dans la M\u00e9tropole de Lyon (Saint-Priest, Brignais, Pusignan\u2026) et plus largement dans la r\u00e9gion (Ain, Savoie, Is\u00e8re\u2026) rassemblant jusqu\u2019\u00e0 500 v\u00e9hicules. De nombreux d\u00e9rapages &#8211; les fameux drifts -, mais aussi des courses de vitesse ont entre autres \u00e9t\u00e9 constat\u00e9s par les forces de l\u2019ordre lors de ces meetings tuning, mettant en danger les spectateurs.<\/p>\n<p>  Les forces de l\u2019ordre d\u00e9j\u00e0 fortement mobilis\u00e9es pour le r\u00e9veillon<\/p>\n<p>Dans son arr\u00eat\u00e9, la pr\u00e9fecture met aussi en avant que\u00a0\u00bb les forces de l\u2019ordre seront particuli\u00e8rement mobilis\u00e9es au cours de la soir\u00e9e du nouvel an et que les effectifs de s\u00e9curit\u00e9 disponibles ne permettent pas de garantir le maintien de l\u2019ordre et la s\u00e9curit\u00e9 d\u2019\u00e9ventuels rassemblements automobiles non d\u00e9clar\u00e9s\u00a0\u00bb.<\/p>\n<p>Les organisateurs de la manifestation peuvent \u00eatre punis de six mois d\u2019emprisonnement et de 7\u00a0500\u00a0euros d\u2019amende, tandis que les participants peuvent \u00eatre sanctionn\u00e9s d\u2019une contravention de 2e\u00a0 classe.<\/p>\n<p>Le samedi 22\u00a0d\u00e9cembre, des amateurs de ces rassemblements auto s\u2019\u00e9taient rassembl\u00e9s \u00e0 Lyon, puis \u00e0 Saint-Priest pour une exposition <a href=\"https:\/\/www.leprogres.fr\/insolite\/2025\/12\/20\/des-voitures-decorees-comme-des-sapins-de-noel-illuminent-les-rues-de-lyon\" target=\"_blank\" rel=\"noopener\">de voitures recouvertes de guirlandes de No\u00ebl<\/a>. L\u2019\u00e9v\u00e9nement s\u2019\u00e9tait d\u00e9roul\u00e9 globalement dans le calme.<\/p>\n","protected":false},"excerpt":{"rendered":"\u00ab\u00a0Afin de pr\u00e9venir les risques de troubles \u00e0 l\u2019ordre public\u00a0\u00bb, la pr\u00e9f\u00e8te du Rh\u00f4ne a interdit les \u00ab\u00a0rassemblements&hellip;\n","protected":false},"author":2,"featured_media":632781,"comment_status":"","ping_status":"","sticky":false,"template":"","format":"standard","meta":{"footnotes":""},"categories":[1889],"tags":[1111,11,2430,271,272,2757,1777,674,274,107,1011,27,2428,2756,12,25,2429,104],"class_list":{"0":"post-632780","1":"post","2":"type-post","3":"status-publish","4":"format-standard","5":"has-post-thumbnail","7":"category-lyon","8":"tag-actu","9":"tag-actualites","10":"tag-auvergne-rhone-alpes","11":"tag-crime","12":"tag-delit-et-contravention","13":"tag-edition-lyon-villeurbanne","14":"tag-eu","15":"tag-europe","16":"tag-faits-divers-justice","17":"tag-fil-info","18":"tag-fr","19":"tag-france","20":"tag-lyon","21":"tag-lyon-bassin","22":"tag-news","23":"tag-republique-francaise","24":"tag-rhone","25":"tag-societe"},"share_on_mastodon":{"url":"https:\/\/pubeurope.com\/@fr\/115815874794294640","error":""},"_links":{"self":[{"href":"https:\/\/www.europesays.com\/fr\/wp-json\/wp\/v2\/posts\/632780","targetHints":{"allow":["GET"]}}],"collection":[{"href":"https:\/\/www.europesays.com\/fr\/wp-json\/wp\/v2\/posts"}],"about":[{"href":"https:\/\/www.europesays.com\/fr\/wp-json\/wp\/v2\/types\/post"}],"author":[{"embeddable":true,"href":"https:\/\/www.europesays.com\/fr\/wp-json\/wp\/v2\/users\/2"}],"replies":[{"embeddable":true,"href":"https:\/\/www.europesays.com\/fr\/wp-json\/wp\/v2\/comments?post=632780"}],"version-history":[{"count":0,"href":"https:\/\/www.europesays.com\/fr\/wp-json\/wp\/v2\/posts\/632780\/revisions"}],"wp:featuredmedia":[{"embeddable":true,"href":"https:\/\/www.europesays.com\/fr\/wp-json\/wp\/v2\/media\/632781"}],"wp:attachment":[{"href":"https:\/\/www.europesays.com\/fr\/wp-json\/wp\/v2\/media?parent=632780"}],"wp:term":[{"taxonomy":"category","embeddable":true,"href":"https:\/\/www.europesays.com\/fr\/wp-json\/wp\/v2\/categories?post=632780"},{"taxonomy":"post_tag","embeddable":true,"href":"https:\/\/www.europesays.com\/fr\/wp-json\/wp\/v2\/tags?post=632780"}],"curies":[{"name":"wp","href":"https:\/\/api.w.org\/{rel}","templated":true}]}}